{"id":63447,"date":"2022-02-26T01:34:01","date_gmt":"2022-02-25T21:34:01","guid":{"rendered":"https:\/\/fedai.az\/?p=63447"},"modified":"2022-02-26T01:34:06","modified_gmt":"2022-02-25T21:34:06","slug":"lavrov-silahli-quvv%c9%99l%c9%99r-silahi-yer%c9%99-qoyarsa-rusiya-danisiqlar-apara-bil%c9%99r","status":"publish","type":"post","link":"https:\/\/fedai.az\/?p=63447","title":{"rendered":"Lavrov: Silahl\u0131 Q\u00fcvv\u0259l\u0259r silah\u0131 yer\u0259 qoyarsa, Rusiya dan\u0131\u015f\u0131qlar apara bil\u0259r"},"content":{"rendered":"\n<p><strong>Rusiyan\u0131n xarici i\u015fl\u0259r naziri Sergey Lavrov bildirib ki, Ukrayna prezidenti Vladimir Zelenski Ukraynan\u0131n neytral statusunu m\u00fczakir\u0259 etm\u0259y\u0259 haz\u0131r olmas\u0131 bar\u0259d\u0259 dan\u0131\u015fark\u0259n yalan dan\u0131\u015f\u0131r. Nazirin s\u00f6zl\u0259rin\u0259 g\u00f6r\u0259, Ukrayna liderinin \u00f6z\u00fc t\u0259hl\u00fck\u0259sizlikl\u0259 ba\u011fl\u0131 dan\u0131\u015f\u0131qlar imkan\u0131n\u0131 \u0259ld\u0259n verib. Daha \u0259vv\u0259l Vladimir Zelenskinin ofisi Kiyevin Moskva il\u0259 dan\u0131\u015f\u0131qlara haz\u0131r oldu\u011funu v\u0259 bundan \u201cqorxmad\u0131\u011f\u0131n\u0131\u201d bildirmi\u015fdi. Nazirin s\u00f6zl\u0259rin\u0259 g\u00f6r\u0259, Rusiya Ukrayna Silahl\u0131 Q\u00fcvv\u0259l\u0259ri silah\u0131 yer\u0259 qoyan kimi dan\u0131\u015f\u0131qlara haz\u0131rd\u0131r.<\/strong><\/p>\n\n\n\n<p><br>Lavrov &#171;DXR&#187; v\u0259 &#171;LXR&#187; n\u00fcmay\u0259nd\u0259l\u0259ri il\u0259 g\u00f6r\u00fc\u015fd\u0259n sonra ke\u00e7iril\u0259n m\u0259tbuat konfrans\u0131nda deyib: \u201cZelenskinin \u00f6z\u00fc t\u0259hl\u00fck\u0259sizlikl\u0259 ba\u011fl\u0131 dan\u0131\u015f\u0131qlar aparmaq f\u00fcrs\u0259tini \u0259ld\u0259n verdi, indi onu-bunu q\u0131nama\u011fa ehtiyac yoxdur\u201d.<\/p>\n\n\n\n<p><br>X\u0130N r\u0259hb\u0259ri qeyd edib ki, Ukrayna prezidenti Normandiya format\u0131nda ke\u00e7iril\u0259n g\u00f6r\u00fc\u015fl\u0259rin q\u0259rarlar\u0131n\u0131n icras\u0131 \u00fcz\u0259rind\u0259 i\u015fl\u0259m\u0259k ist\u0259m\u0259di v\u0259 \u00f6lk\u0259nin bit\u0259r\u0259f statusunu m\u00fczakir\u0259 etm\u0259y\u0259 haz\u0131r oldu\u011fu bar\u0259d\u0259 yalan dan\u0131\u015fd\u0131. Nazirin s\u00f6zl\u0259rin\u0259 g\u00f6r\u0259, Rusiya Ukraynan\u0131n haz\u0131rk\u0131 h\u00f6kum\u0259tini demokratik h\u00f6kum\u0259t kimi tan\u0131maq imkan\u0131n\u0131 g\u00f6rm\u00fcr.<\/p>\n\n\n\n<p>Rusiya Ukraynan\u0131n demilitarizasiyas\u0131n\u0131 t\u0259min ed\u0259c\u0259k. Rusiya Ukraynan\u0131n denazifikasiyas\u0131n\u0131 t\u0259min ed\u0259c\u0259k. Biz nasizmd\u0259n \u00e7ox \u0259ziyy\u0259t \u00e7\u0259kdik, Ukrayna xalq\u0131 da nasizmd\u0259n \u0259ziyy\u0259t \u00e7\u0259kdi ki, b\u00fct\u00fcn bunlara g\u00f6z yumub, sad\u0259c\u0259 baxmaq olmaz.<\/p>\n\n\n\n<p><br>\u201cUkrayna il\u0259 ba\u011fl\u0131 Budape\u015ft Memorandumunda \u00f6z xalq\u0131na qar\u015f\u0131 soyq\u0131r\u0131m elan etmi\u015f bir rejimi d\u0259st\u0259kl\u0259m\u0259k \u00f6hd\u0259liyi yoxdur\u201d- dey\u0259n Lavrov \u201cHe\u00e7 kim Ukraynan\u0131 i\u015f\u011fal etm\u0259y\u0259c\u0259k\u201d &#8212; dedi.<\/p>\n\n\n\n<p>O qeyd edib ki, Rusiya \u201cUkrayna Silahl\u0131 Q\u00fcvv\u0259l\u0259ri silah\u0131 yer\u0259 qoydu\u011fu h\u0259r an\u201d dan\u0131\u015f\u0131qlara haz\u0131rd\u0131r.<\/p>\n\n\n\n<p><br>Bundan \u0259vv\u0259l Ukrayna prezidentinin ofisinin r\u0259hb\u0259ri Mixail Podolyak Reuters v\u0259 RBC-y\u0259 bildirib ki, Kiyev Moskva il\u0259 dan\u0131\u015f\u0131qlara haz\u0131rd\u0131r, lakin bunun m\u00fcqabilind\u0259 Ukrayna t\u0259hl\u00fck\u0259sizlik z\u0259man\u0259ti almal\u0131d\u0131r.<\/p>\n\n\n\n<p><strong>\u018fli N\u0259sib Z\u0259rdabi<\/strong><\/p>\n","protected":false},"excerpt":{"rendered":"<p>Rusiyan\u0131n xarici i\u015fl\u0259r naziri Sergey Lavrov bildirib ki, Ukrayna prezidenti Vladimir Zelenski Ukraynan\u0131n neytral statusunu m\u00fczakir\u0259 etm\u0259y\u0259 haz\u0131r olmas\u0131 bar\u0259d\u0259 dan\u0131\u015fark\u0259n yalan dan\u0131\u015f\u0131r. Nazirin<\/p>\n","protected":false},"author":2,"featured_media":0,"comment_status":"closed","ping_status":"closed","sticky":false,"template":"","format":"standard","meta":{"footnotes":""},"categories":[1],"tags":[],"class_list":["post-63447","post","type-post","status-publish","format-standard","hentry","category-siyast"],"aioseo_notices":[],"_links":{"self":[{"href":"https:\/\/fedai.az\/index.php?rest_route=\/wp\/v2\/posts\/63447","targetHints":{"allow":["GET"]}}],"collection":[{"href":"https:\/\/fedai.az\/index.php?rest_route=\/wp\/v2\/posts"}],"about":[{"href":"https:\/\/fedai.az\/index.php?rest_route=\/wp\/v2\/types\/post"}],"author":[{"embeddable":true,"href":"https:\/\/fedai.az\/index.php?rest_route=\/wp\/v2\/users\/2"}],"replies":[{"embeddable":true,"href":"https:\/\/fedai.az\/index.php?rest_route=%2Fwp%2Fv2%2Fcomments&post=63447"}],"version-history":[{"count":1,"href":"https:\/\/fedai.az\/index.php?rest_route=\/wp\/v2\/posts\/63447\/revisions"}],"predecessor-version":[{"id":63449,"href":"https:\/\/fedai.az\/index.php?rest_route=\/wp\/v2\/posts\/63447\/revisions\/63449"}],"wp:attachment":[{"href":"https:\/\/fedai.az\/index.php?rest_route=%2Fwp%2Fv2%2Fmedia&parent=63447"}],"wp:term":[{"taxonomy":"category","embeddable":true,"href":"https:\/\/fedai.az\/index.php?rest_route=%2Fwp%2Fv2%2Fcategories&post=63447"},{"taxonomy":"post_tag","embeddable":true,"href":"https:\/\/fedai.az\/index.php?rest_route=%2Fwp%2Fv2%2Ftags&post=63447"}],"curies":[{"name":"wp","href":"https:\/\/api.w.org\/{rel}","templated":true}]}}