{"id":6363,"date":"2020-05-20T12:24:11","date_gmt":"2020-05-20T08:24:11","guid":{"rendered":"http:\/\/fedai.az\/?p=6363"},"modified":"2020-06-07T21:05:59","modified_gmt":"2020-06-07T17:05:59","slug":"ming%c9%99cevirli-energetik-veteranlar-olk%c9%99-bascisini-calisdiqlari-mu%c9%99ssis%c9%99nin-acilisina-d%c9%99v%c9%99t-etdil%c9%99r","status":"publish","type":"post","link":"https:\/\/fedai.az\/?p=6363","title":{"rendered":"Ming\u0259\u00e7evirli energetik veteranlar \u00f6lk\u0259 ba\u015f\u00e7\u0131s\u0131n\u0131 \u00e7al\u0131\u015fd\u0131qlar\u0131 m\u00fc\u0259ssis\u0259nin a\u00e7\u0131l\u0131\u015f\u0131na d\u0259v\u0259t etdil\u0259r"},"content":{"rendered":"\n<p><strong>Ming\u0259\u00e7evirli energetik veteranlar \u00f6lk\u0259 ba\u015f\u00e7\u0131s\u0131n\u0131 \u00e7al\u0131\u015fd\u0131qlar\u0131 m\u00fc\u0259ssis\u0259nin a\u00e7\u0131l\u0131\u015f\u0131na d\u0259v\u0259t etdil\u0259r.<\/strong><\/p>\n\n\n\n<p>AVMV\u0130B Ming\u0259\u00e7evir \u015f\u0259h\u0259r \u015f\u00f6b\u0259sinin \u00fczvl\u0259ri prezident\u0259 m\u00fcraci\u0259t ed\u0259r\u0259k \u00e7al\u0131\u015fd\u0131qlar\u0131 yenid\u0259n qurulmu\u015f m\u00fc\u0259ssis\u0259nin a\u00e7\u0131l\u0131\u015f\u0131na d\u0259v\u0259t edibl\u0259r.<\/p>\n\n\n\n<p><strong>Bu bar\u0259d\u0259 Az\u0259rbaycan V\u0259t\u0259n M\u00fcharib\u0259si Veteranlar\u0131 \u0130ctimai Birliyi s\u0259drinin s\u0259lahiyy\u0259tli n\u00fcmay\u0259nd\u0259si, Ming\u0259\u00e7evir \u015f\u0259h\u0259r \u015f\u00f6b\u0259sinin s\u0259dri Natiq H\u0259s\u0259nov m\u0259lumat verib.<\/strong><\/p>\n\n\n\n<p> O, bildirdi ki, m\u0259lum hadis\u0259l\u0259rd\u0259n sonra \u201cAz\u0259rbaycan\u201d \u0130ES istismar m\u00fcdd\u0259tini ba\u015fa vurdu\u011fu \u00fc\u00e7\u00fcn Prezident \u0130lham \u018fliyevin g\u00f6st\u0259ri\u015fi il\u0259 \u0259n m\u00fcasir s\u0259viyy\u0259d\u0259 yenid\u0259n qurularaq b\u0259rpa edilir. C\u0259nubi Qafqaz\u0131n \u0259n b\u00f6y\u00fck istilik elektrik stansiyas\u0131 olan v\u0259 respublikada elektrik enerjisin\u0259 olan t\u0259l\u0259bat\u0131n 43 faizini t\u0259min ed\u0259n 8 bloklu \u201cAz\u0259rbaycan\u201d \u0130ES-d\u0259 b\u00fct\u00fcn parametrl\u0259r \u00fczr\u0259 tikinti, yenid\u0259nqurma v\u0259 b\u0259rpa i\u015fl\u0259ri apar\u0131l\u0131r. Baba Rzayevin &#171;Az\u0259renerji&#187;nin prezidenti t\u0259yin edilm\u0259sind\u0259n sonra bu sah\u0259d\u0259 m\u00fcsb\u0259t m\u0259nada k\u00f6kl\u00fc d\u0259yi\u015fiklikl\u0259r edilib. M\u00fc\u0259ssis\u0259d\u0259 g\u00f6r\u00fclm\u00fc\u015f y\u00fcks\u0259k keyfiyy\u0259tli yenid\u0259nqurma i\u015fl\u0259rin\u0259 g\u00f6r\u0259 m\u00fc\u0259ssis\u0259d\u0259 \u00e7al\u0131\u015fan m\u00fcharib\u0259 veteranlar\u0131 ad\u0131ndan &#171;Az\u0259renerji&#187;nin prezidenti Baba Rzayev\u0259 v\u0259 Ali Ba\u015f Komandan c\u0259nab \u0130lham \u018fliyev\u0259 veteranlar ad\u0131ndan \u00f6z minn\u0259tdarl\u0131\u011f\u0131m\u0131z\u0131 bildiririk. El\u0259 buna g\u00f6r\u0259 d\u0259 onun \u015f\u0259xsi diqq\u0259t v\u0259 qay\u011f\u0131s\u0131yla \u0259rs\u0259y\u0259 g\u0259lmi\u015f m\u00fc\u0259ssis\u0259nin a\u00e7\u0131l\u0131\u015f\u0131nda h\u0259r bir energetik c\u0259nab \u0130lham \u018fliyevin i\u015ftirak\u0131n\u0131 arzulay\u0131r.<\/p>\n\n\n\n<p>N. H\u0259s\u0259nov bildirdi ki, m\u00fcharib\u0259 veteran\u0131 olan energetikl\u0259r buna g\u00f6r\u0259 \u00f6lk\u0259 r\u0259hb\u0259rin\u0259 m\u00fcraci\u0259t \u00fcnvanlay\u0131blar. M\u00fcraci\u0259td\u0259 deyilir: <strong>&#171;H\u00f6rm\u0259tli c\u0259nab Prezident!<\/strong><\/p>\n\n\n\n<p><br>T\u0259msil etiyimiz Az\u0259rbaycan V\u0259t\u0259n M\u00fcharib\u0259si Veteranlar\u0131 \u0130ctimai Birliyi Ming\u0259\u00e7evir \u015f\u0259h\u0259r \u015f\u00f6b\u0259sinin 2680 n\u0259f\u0259r \u00fczv\u00fcnd\u0259n 151 n\u0259f\u0259ri &#171;Az\u0259renerji&#187; ASC Az\u0259rbaycan \u0130ES-d\u0259 \u00e7al\u0131\u015f\u0131r. 2018-ci ilin iyulunda ba\u015f ver\u0259n q\u0259za n\u0259tic\u0259sind\u0259 enerji sisteminin \u00e7\u00f6km\u0259sin\u0259 s\u0259b\u0259b olan Ming\u0259\u00e7evir \u015f\u0259h\u0259rind\u0259ki \u201cAz\u0259rbaycan\u201d \u0130ES istismar m\u00fcdd\u0259tini ba\u015fa vurdu\u011fu \u00fc\u00e7\u00fcn Prezident \u0130lham \u018fliyevin g\u00f6st\u0259ri\u015fi il\u0259 \u0259n m\u00fcasir s\u0259viyy\u0259d\u0259 yenid\u0259n qurularaq b\u0259rpa edilir. C\u0259nubi Qafqaz\u0131n \u0259n b\u00f6y\u00fck istilik elektrik stansiyas\u0131 olan v\u0259 respublikada elektrik enerjisin\u0259 olan t\u0259l\u0259bat\u0131n 43 faizini t\u0259min ed\u0259n 8 bloklu \u201cAz\u0259rbaycan\u201d \u0130ES-d\u0259 b\u00fct\u00fcn parametrl\u0259r \u00fczr\u0259 tikinti, yenid\u0259nqurma v\u0259 b\u0259rpa i\u015fl\u0259ri apar\u0131l\u0131r.<\/p>\n\n\n\n<p>Siz d\u0259f\u0259l\u0259rl\u0259 m\u00fc\u0259ssis\u0259mizin \u00f6lk\u0259 iqtisadiyyat\u0131nda \u0259v\u0259zsiz rolunu qeyd etmisiniz. M\u00fc\u0259ssis\u0259d\u0259 ba\u015f vermi\u015f utanc verici q\u0259zadan sonra m\u00fcxt\u0259lif m\u0259nb\u0259l\u0259r bildirirdil\u0259r ki, stansiyan\u0131n yenid\u0259n b\u0259rpas\u0131 iqtisadi c\u0259h\u0259td\u0259n \u0259h\u0259miyy\u0259tsizdir. Lakin Siz, t\u0259k iqtisadi r\u0259q\u0259ml\u0259ri deyil, m\u00fc\u0259ssis\u0259d\u0259 \u00e7al\u0131\u015fan 1000 n\u0259f\u0259rd\u0259n art\u0131q energetikin g\u0259l\u0259c\u0259k taleyini v\u0259 sosial durumunu \u00f6n plana \u00e7\u0259k\u0259r\u0259k, m\u00fc\u0259ssis\u0259nin \u0259sasl\u0131 yenid\u0259nqurulmas\u0131 \u00fc\u00e7\u00fcn g\u00f6st\u0259ri\u015f verdiniz.<\/p>\n\n\n\n<p>Art\u0131q stansiyada i\u015fl\u0259r yekunla\u015fmaq \u00fczr\u0259dir.Bu g\u00fcn inanmaq olmur ki, h\u0259m texniki bax\u0131mdan, h\u0259m d\u0259 g\u00f6z\u0259llik v\u0259 yarad\u0131lm\u0131\u015f \u015f\u0259rait\u0259 g\u00f6r\u0259 ist\u0259nil\u0259n bir \u00f6lk\u0259 il\u0259 m\u00fcqayis\u0259 edil\u0259 bil\u0259c\u0259k bir stansiya var. Biz bununla f\u0259xr edir v\u0259 b\u00f6y\u00fck s\u0259birsizlikl\u0259 Sizi stansiyan\u0131n a\u00e7\u0131l\u0131\u015f\u0131nda g\u00f6zl\u0259yirik.<\/p>\n\n\n\n<p><strong>H\u00f6rm\u0259tli c\u0259nab Prezident!<\/strong><\/p>\n\n\n\n<p>\u0130\u015fl\u0259diyimiz Az\u0259rbaycan \u0130ES daimi h\u0259yat t\u0259minatl\u0131, m\u00fch\u00fcm \u0259h\u0259miyy\u0259tli obyektl\u0259r kateqoriyas\u0131na daxildir. Bu m\u00fc\u0259ssis\u0259nin daimi i\u015f rejimind\u0259 i\u015fl\u0259m\u0259si h\u0259r zaman oldu\u011fu kimi koronavirus b\u0259las\u0131n\u0131n d\u00fcnyan\u0131 c\u0259ngin\u0259 ald\u0131\u011f\u0131 bir d\u00f6vrd\u0259 \u00f6lk\u0259miz \u00fc\u00e7\u00fcn, xalq\u0131m\u0131z \u00fc\u00e7\u00fcn \u00e7ox vacibdir. M\u00fc\u0259ssis\u0259mizin f\u0259aliyy\u0259ti bu d\u00f6vrd\u0259 bir saniy\u0259 d\u0259 dayanmad\u0131 v\u0259 f\u0259dakar energetikl\u0259rimiz v\u0259t\u0259nda\u015flar\u0131m\u0131z\u0131n evd\u0259 qalaraq, sa\u011flaml\u0131qlar\u0131n\u0131 qorumalar\u0131 \u00fc\u00e7\u00fcn bu g\u00fcn d\u0259 \u00e7al\u0131\u015f\u0131rlar.<\/p>\n\n\n\n<p>M\u0259hz Sizin bel\u0259 a\u011f\u0131r, f\u00f6vqalad\u0259 v\u0259ziyy\u0259td\u0259 verdiyiniz d\u00fczg\u00fcn q\u0259rarlar, g\u00f6rd\u00fcy\u00fcn\u00fcz qabaqlay\u0131c\u0131 t\u0259dbirl\u0259r, &#171;Biz birlikd\u0259 g\u00fccl\u00fcy\u00fck!&#187; kimi m\u00fcdrik \u00e7a\u011f\u0131r\u0131\u015flar bu v\u0259ziyy\u0259td\u0259n \u0259n az itkiyl\u0259 \u00e7\u0131xmam\u0131zla n\u0259tic\u0259l\u0259ndi. &#171;Az\u0259renerji&#187; ASC-d\u0259 apar\u0131lan sanitar &#8212; gigiyenik v\u0259 qoruyucu t\u0259dbirl\u0259r n\u0259tic\u0259sind\u0259 bu sah\u0259d\u0259 \u00e7al\u0131\u015fan energetikl\u0259rd\u0259n bir n\u0259f\u0259rin d\u0259 bu x\u0259st\u0259liy\u0259 tutulmad\u0131\u011f\u0131n\u0131 diqq\u0259tiniz\u0259 \u00e7atd\u0131rmaq ist\u0259yir\u0259m.<\/p>\n\n\n\n<p><strong>Allah Sizi qorusun! Biz Sizinl\u0259 v\u0259 Mehriban xan\u0131mla f\u0259xr edirik!<\/strong><\/p>\n\n\n\n<p><strong>H\u0259r \u015fey\u0259 g\u00f6r\u0259, \u00e7ox sa\u011f olun!<\/strong><\/p>\n\n\n\n<figure class=\"wp-block-image is-resized\"><img loading=\"lazy\" decoding=\"async\" src=\"https:\/\/scontent.fgyd4-2.fna.fbcdn.net\/v\/t1.0-9\/s960x960\/84181116_203771144132177_912622830334509056_o.jpg?_nc_cat=105&amp;_nc_sid=7aed08&amp;_nc_ohc=r-CwGYMLStYAX-IHEDP&amp;_nc_ht=scontent.fgyd4-2.fna&amp;_nc_tp=7&amp;oh=fc25c17967014cdd250f244498f441fb&amp;oe=5EEC376B\" alt=\"\" width=\"240\" height=\"239\"\/><\/figure>\n\n\n\n<p><strong>Az\u0259rbaycan V\u0259t\u0259n M\u00fcharib\u0259si Veteranlar\u0131 \u0130ctimai Birliyi ( AVMV\u0130B) s\u0259drinin s\u0259lahiyy\u0259tli n\u00fcmay\u0259nd\u0259si, Ming\u0259\u00e7evir \u015f\u0259h\u0259r \u015f\u00f6b\u0259sinin s\u0259dri:  Natiq H\u0259s\u0259nov  <\/strong><\/p>\n\n\n\n<figure class=\"wp-block-image\"><img decoding=\"async\" src=\"https:\/\/scontent.fgyd4-2.fna.fbcdn.net\/v\/t1.15752-9\/97235143_183150329593782_5804005618817695744_n.jpg?_nc_cat=105&amp;_nc_sid=b96e70&amp;_nc_ohc=TEBimcZvYakAX-p5wHi&amp;_nc_ht=scontent.fgyd4-2.fna&amp;oh=6a067965fd92fe2a3b540e32afc97985&amp;oe=5EEBFB85\" alt=\"\"\/><\/figure>\n\n\n\n<figure class=\"wp-block-image\"><img decoding=\"async\" src=\"https:\/\/scontent.fgyd4-2.fna.fbcdn.net\/v\/t1.15752-9\/97050916_536716033674342_4843239014003638272_n.jpg?_nc_cat=107&amp;_nc_sid=b96e70&amp;_nc_ohc=iXbfffINGvkAX--sMwt&amp;_nc_ht=scontent.fgyd4-2.fna&amp;oh=faca804f686185b1c7f67f4bb8301b3b&amp;oe=5EE8D5A8\" alt=\"\u042d\u0442\u043e \u0438\u0437\u043e\u0431\u0440\u0430\u0436\u0435\u043d\u0438\u0435 \u0438\u043c\u0435\u0435\u0442 \u043f\u0443\u0441\u0442\u043e\u0439 \u0430\u0442\u0440\u0438\u0431\u0443\u0442 alt; \u0435\u0433\u043e \u0438\u043c\u044f \u0444\u0430\u0439\u043b\u0430 - 97050916_536716033674342_4843239014003638272_n.jpg\"\/><\/figure>\n","protected":false},"excerpt":{"rendered":"<p>Ming\u0259\u00e7evirli energetik veteranlar \u00f6lk\u0259 ba\u015f\u00e7\u0131s\u0131n\u0131 \u00e7al\u0131\u015fd\u0131qlar\u0131 m\u00fc\u0259ssis\u0259nin a\u00e7\u0131l\u0131\u015f\u0131na d\u0259v\u0259t etdil\u0259r. AVMV\u0130B Ming\u0259\u00e7evir \u015f\u0259h\u0259r \u015f\u00f6b\u0259sinin \u00fczvl\u0259ri prezident\u0259 m\u00fcraci\u0259t ed\u0259r\u0259k \u00e7al\u0131\u015fd\u0131qlar\u0131 yenid\u0259n qurulmu\u015f m\u00fc\u0259ssis\u0259nin a\u00e7\u0131l\u0131\u015f\u0131na d\u0259v\u0259t<\/p>\n","protected":false},"author":2,"featured_media":0,"comment_status":"closed","ping_status":"closed","sticky":false,"template":"","format":"standard","meta":{"footnotes":""},"categories":[5],"tags":[],"class_list":["post-6363","post","type-post","status-publish","format-standard","hentry","category-veteran"],"aioseo_notices":[],"_links":{"self":[{"href":"https:\/\/fedai.az\/index.php?rest_route=\/wp\/v2\/posts\/6363","targetHints":{"allow":["GET"]}}],"collection":[{"href":"https:\/\/fedai.az\/index.php?rest_route=\/wp\/v2\/posts"}],"about":[{"href":"https:\/\/fedai.az\/index.php?rest_route=\/wp\/v2\/types\/post"}],"author":[{"embeddable":true,"href":"https:\/\/fedai.az\/index.php?rest_route=\/wp\/v2\/users\/2"}],"replies":[{"embeddable":true,"href":"https:\/\/fedai.az\/index.php?rest_route=%2Fwp%2Fv2%2Fcomments&post=6363"}],"version-history":[{"count":3,"href":"https:\/\/fedai.az\/index.php?rest_route=\/wp\/v2\/posts\/6363\/revisions"}],"predecessor-version":[{"id":7356,"href":"https:\/\/fedai.az\/index.php?rest_route=\/wp\/v2\/posts\/6363\/revisions\/7356"}],"wp:attachment":[{"href":"https:\/\/fedai.az\/index.php?rest_route=%2Fwp%2Fv2%2Fmedia&parent=6363"}],"wp:term":[{"taxonomy":"category","embeddable":true,"href":"https:\/\/fedai.az\/index.php?rest_route=%2Fwp%2Fv2%2Fcategories&post=6363"},{"taxonomy":"post_tag","embeddable":true,"href":"https:\/\/fedai.az\/index.php?rest_route=%2Fwp%2Fv2%2Ftags&post=6363"}],"curies":[{"name":"wp","href":"https:\/\/api.w.org\/{rel}","templated":true}]}}