{"id":6380,"date":"2020-05-21T00:37:03","date_gmt":"2020-05-20T20:37:03","guid":{"rendered":"http:\/\/fedai.az\/?p=6380"},"modified":"2020-05-21T00:37:09","modified_gmt":"2020-05-20T20:37:09","slug":"zakir-h%c9%99s%c9%99nov-qosunlari-start-movqeyin%c9%99-cixarmaq-%c9%99mri-verdi-video","status":"publish","type":"post","link":"https:\/\/fedai.az\/?p=6380","title":{"rendered":"Zakir H\u0259s\u0259nov qo\u015funlar\u0131 start m\u00f6vqeyin\u0259 \u00e7\u0131xarmaq \u0259mri verdi &#8212; V\u0130DEO"},"content":{"rendered":"\n<p><strong>M\u00fcdafi\u0259 naziri general-polkovnik Zakir H\u0259s\u0259nov geni\u015fmiqyasl\u0131 \u0259m\u0259liyyat-taktiki t\u0259liml\u0259rind\u0259 qo\u015fun n\u00f6vl\u0259rinin komandanlar\u0131, birlik komandirl\u0259ri v\u0259 m\u00fcvafiq v\u0259zif\u0259li \u015f\u0259xsl\u0259rin q\u0259bul edil\u0259n q\u0259rarlara dair m\u0259ruz\u0259l\u0259rini dinl\u0259yib.<\/strong><\/p>\n\n\n\n<p><strong>Fedai.az\u00a0<\/strong>M\u00fcdafi\u0259 Nazirliyin\u0259 (MN) istinad\u0259n x\u0259b\u0259r verir ki, nazir t\u0259limd\u0259 i\u015ftirak ed\u0259n qo\u015funlar\u0131n idar\u0259 olunmas\u0131 \u00fczr\u0259 m\u00fcvafiq tap\u015f\u0131r\u0131qlar verib.<\/p>\n\n\n\n<p>Geni\u015fmiqyasl\u0131 \u0259m\u0259liyyat-taktiki t\u0259liml\u0259rin\u0259 c\u0259lb edil\u0259n q\u00fcvv\u0259 v\u0259 vasit\u0259l\u0259rin \u0259razil\u0259rd\u0259 yerl\u0259\u015fm\u0259si ba\u015fa \u00e7at\u0131b. \u0130dar\u0259etm\u0259 m\u0259nt\u0259q\u0259l\u0259rinin \u0259m\u0259liyyat t\u0259yinat\u0131 rayonlar\u0131nda a\u00e7\u0131lmas\u0131, el\u0259c\u0259 d\u0259 raket v\u0259 zenit artilleriya kompleksl\u0259rinin ehtiyat at\u0259\u015f v\u0259 start m\u00f6vqel\u0259rini tutmas\u0131 ba\u015fa \u00e7atd\u0131r\u0131l\u0131b.<\/p>\n\n\n\n<figure class=\"wp-block-embed-youtube wp-block-embed is-type-video is-provider-youtube wp-embed-aspect-16-9 wp-has-aspect-ratio\"><div class=\"wp-block-embed__wrapper\">\n<iframe loading=\"lazy\" title=\"M\u00fcdafi\u0259 naziri t\u0259liml\u0259rd\u0259 m\u0259ruz\u0259l\u0259ri dinl\u0259yib v\u0259 qo\u015funlar start m\u00f6vqel\u0259rin\u0259 \u00e7\u0131xar\u0131l\u0131b\" width=\"715\" height=\"402\" src=\"https:\/\/www.youtube.com\/embed\/YqHy_WkWO4M?feature=oembed\" frameborder=\"0\" allow=\"accelerometer; autoplay; encrypted-media; gyroscope; picture-in-picture\" allowfullscreen><\/iframe>\n<\/div><\/figure>\n","protected":false},"excerpt":{"rendered":"<p>M\u00fcdafi\u0259 naziri general-polkovnik Zakir H\u0259s\u0259nov geni\u015fmiqyasl\u0131 \u0259m\u0259liyyat-taktiki t\u0259liml\u0259rind\u0259 qo\u015fun n\u00f6vl\u0259rinin komandanlar\u0131, birlik komandirl\u0259ri v\u0259 m\u00fcvafiq v\u0259zif\u0259li \u015f\u0259xsl\u0259rin q\u0259bul edil\u0259n q\u0259rarlara dair m\u0259ruz\u0259l\u0259rini dinl\u0259yib. Fedai.az\u00a0M\u00fcdafi\u0259<\/p>\n","protected":false},"author":2,"featured_media":0,"comment_status":"closed","ping_status":"closed","sticky":false,"template":"","format":"standard","meta":{"footnotes":""},"categories":[4],"tags":[],"class_list":["post-6380","post","type-post","status-publish","format-standard","hentry","category-qarabag"],"aioseo_notices":[],"_links":{"self":[{"href":"https:\/\/fedai.az\/index.php?rest_route=\/wp\/v2\/posts\/6380","targetHints":{"allow":["GET"]}}],"collection":[{"href":"https:\/\/fedai.az\/index.php?rest_route=\/wp\/v2\/posts"}],"about":[{"href":"https:\/\/fedai.az\/index.php?rest_route=\/wp\/v2\/types\/post"}],"author":[{"embeddable":true,"href":"https:\/\/fedai.az\/index.php?rest_route=\/wp\/v2\/users\/2"}],"replies":[{"embeddable":true,"href":"https:\/\/fedai.az\/index.php?rest_route=%2Fwp%2Fv2%2Fcomments&post=6380"}],"version-history":[{"count":1,"href":"https:\/\/fedai.az\/index.php?rest_route=\/wp\/v2\/posts\/6380\/revisions"}],"predecessor-version":[{"id":6382,"href":"https:\/\/fedai.az\/index.php?rest_route=\/wp\/v2\/posts\/6380\/revisions\/6382"}],"wp:attachment":[{"href":"https:\/\/fedai.az\/index.php?rest_route=%2Fwp%2Fv2%2Fmedia&parent=6380"}],"wp:term":[{"taxonomy":"category","embeddable":true,"href":"https:\/\/fedai.az\/index.php?rest_route=%2Fwp%2Fv2%2Fcategories&post=6380"},{"taxonomy":"post_tag","embeddable":true,"href":"https:\/\/fedai.az\/index.php?rest_route=%2Fwp%2Fv2%2Ftags&post=6380"}],"curies":[{"name":"wp","href":"https:\/\/api.w.org\/{rel}","templated":true}]}}