{"id":64803,"date":"2022-03-13T00:49:58","date_gmt":"2022-03-12T20:49:58","guid":{"rendered":"https:\/\/fedai.az\/?p=64803"},"modified":"2022-03-13T00:50:02","modified_gmt":"2022-03-12T20:50:02","slug":"salxim-salxim-asilacaq-adamlar","status":"publish","type":"post","link":"https:\/\/fedai.az\/?p=64803","title":{"rendered":"Salx\u0131m-salx\u0131m as\u0131lacaq adamlar&#8230;"},"content":{"rendered":"\n<div class=\"wp-block-media-text alignwide is-stacked-on-mobile\" style=\"grid-template-columns:41% auto\"><figure class=\"wp-block-media-text__media\"><img decoding=\"async\" src=\"https:\/\/fedai.az\/wp-content\/uploads\/2022\/03\/FNi8RQDUUAguAMV.jpg\" alt=\"\" class=\"wp-image-64804 size-full\"\/><\/figure><div class=\"wp-block-media-text__content\">\n<p class=\"has-large-font-size\"><strong>Soner Yal\u00e7\u0131n<\/strong><\/p>\n\n\n\n<p><strong><em>Odatv.com<\/em><\/strong><\/p>\n<\/div><\/div>\n\n\n\n<p><strong>Q\u0131rx ildir ki, \u018fziz Nesinin \u0259s\u0259rl\u0259rini h\u0259r d\u0259f\u0259 artan bir heyranl\u0131qla oxuyuram. Ke\u00e7\u0259n g\u00fcn&#8230; <\/strong><\/p>\n\n\n\n<p>Netflixin Klub serial\u0131nda 6-7 sentyabr 1955-ci il hadis\u0259l\u0259ri qeyd olunanda \u201cSalx\u0131m-salx\u0131m as\u0131las\u0131 adamlar\u201d kitab\u0131n\u0131 yenid\u0259n oxudum. \u018fziz Nesinin bu kitab\u0131nda, h\u0259min d\u0259h\u015f\u0259tli hadis\u0259nin t\u0259\u015fkilat\u00e7\u0131s\u0131n\u0131n hiyl\u0259si v\u0259 talan\u00e7\u0131l\u0131\u011f\u0131yla at\u0131ld\u0131\u011f\u0131 Harbiye h\u0259bsxanas\u0131 g\u00fcnl\u0259rind\u0259n yaz\u0131b&#8230;<\/p>\n\n\n\n<p> T\u0259kc\u0259 \u018fziz Nesin h\u0259bsd\u0259 deyildi. Kamal Tahir v\u0259 qarda\u015f\u0131 Ratip Tahir, H\u0259s\u0259n \u0130zzettin Dinamo, Dr. Hulusi Dosdo\u011fru, Asim Bezirci, Dr. M\u00fceyyet Boratav v\u0259 qarda\u015f\u0131 Can Boratav H\u00fcsam\u0259ddin \u00d6zdo\u011fru, Mustafa B\u00f6rkl\u00fcce v\u0259 \u0130lhan Berktay kimi altm\u0131\u015fa yax\u0131n sol\u00e7u idi&#8230; <\/p>\n\n\n\n<p>\u018fziz Nesin niy\u0259 g\u00fcnahs\u0131z yer\u0259 h\u0259bs olunduqlar\u0131n\u0131 C\u00fcmhuriyy\u0259t Mill\u0259t Partiyas\u0131n\u0131n lideri Osman B\u00f6l\u00fckba\u015f\u0131n\u0131n \u00e7\u0131x\u0131\u015f\u0131na istinad\u0259n a\u00e7\u0131qlay\u0131b: -\u201cAB\u015e M\u0259rk\u0259zi K\u0259\u015ffiyyat \u0130dar\u0259sinin (MK\u0130) r\u0259hb\u0259ri Allen Dalles \u2013 eyni tarixd\u0259 \u0130stanbulda olan AB\u015e d\u00f6vl\u0259t katibi Con Foster Dallesin qarda\u015f\u0131 \u2013 T\u00fcrkiy\u0259 Milli T\u0259hl\u00fck\u0259sizlik (M\u0130T) r\u0259isi general-leytenant Beh\u00e7et T\u00fcrkm\u0259n\u0259 \u2013 TR-nin ke\u00e7mi\u015f xarici i\u015fl\u0259r naziri v\u0259 s\u0259fir \u0130lter T\u00fcrkm\u0259nin atas\u0131d\u0131r &#8212; demi\u015fdi: -&#171;G\u00f6r\u00fcl\u0259n v\u0259ziyy\u0259t onu g\u00f6st\u0259rir ki, m\u0259hvetm\u0259 formalar\u0131 kommunist texnika v\u0259 \u00fcsullar\u0131na tamamil\u0259 uy\u011fundur&#8230;&#187; Bu q\u0259d\u0259r sad\u0259 idi, onlar\u0131n h\u0259bsinin s\u0259b\u0259bi&#8230; <\/p>\n\n\n\n<p>Bu m\u0259ml\u0259k\u0259tin sol\u00e7ular\u0131 h\u0259r f\u00fcrs\u0259td\u0259 c\u00fczi s\u0259b\u0259bl\u0259rl\u0259 \u00e7ox a\u011fr\u0131 \u00e7\u0259km\u0259yibl\u0259rmi? S\u0130\u00c7ANLAR &#8212; S\u0130\u00c7OVULLAR Kamal Tahirl\u0259 birlikd\u0259 \u018fziz Nesin H\u0259rbiyy\u0259 H\u0259bsxanas\u0131ndak\u0131 kameraya at\u0131l\u0131b.<\/p>\n\n\n\n<p> -\u201cD\u00f6\u015f\u0259m\u0259 beton idi v\u0259 t\u0259svir olunmayacaq d\u0259r\u0259c\u0259d\u0259 pis idi. Biz dar h\u00fccr\u0259d\u0259 guya o g\u00f6z qama\u015fd\u0131ran i\u015f\u0131qla i\u015f\u0131qland\u0131r\u0131lan iki n\u0259f\u0259r oldu\u011fumuz \u00fc\u00e7\u00fcn saatlar ke\u00e7ir. Oturma\u011fa, yatma\u011fa yer yoxdur. Onlara dedik ki, he\u00e7 olmasa biz\u0259 bir q\u0259zet versinl\u0259r ki, alt\u0131m\u0131za salaq. Q\u0259zet qada\u011fand\u0131r. Gec\u0259 gec yatd\u0131q. H\u00fccr\u0259 o q\u0259d\u0259r dar idi ki, ayaqlar\u0131m Kamal\u0131n, Kamal\u0131n aya\u011f\u0131 is\u0259 m\u0259nim ba\u015f\u0131m\u0131n \u00fcst\u00fcnd\u0259, yan\u0131\u00fcst\u0259 uzanm\u0131\u015fd\u0131q. H\u00fccr\u0259nin qap\u0131s\u0131nda k\u0259nardan a\u00e7\u0131la bil\u0259n, h\u00f6r\u00fclm\u00fc\u015f m\u0259ftill\u0259 \u00f6rt\u00fclm\u00fc\u015f, eni v\u0259 uzun arak\u0259sm\u0259 d\u0259liyi var. M\u00fchafiz\u0259\u00e7il\u0259r h\u0259r saniy\u0259 bu g\u00f6z \u00e7uxurunun qapa\u011f\u0131n\u0131 a\u00e7\u0131r, i\u00e7\u0259rid\u0259yik, yoxsa u\u00e7mu\u015fuqmu dey\u0259 bax\u0131r v\u0259 cans\u0131x\u0131c\u0131l\u0131qlar\u0131n\u0131 aradan qald\u0131rmaq \u00fc\u00e7\u00fcn \u0259yl\u0259nirl\u0259r (&#8230;) <\/p>\n\n\n\n<p>\u00dcst\u00fcm\u00fczd\u0259 si\u00e7anlar, yerd\u0259 si\u00e7ovullar&#8230;\u201d D\u00f6rd ay bel\u0259 a\u011f\u0131r \u015f\u0259raitd\u0259 qal\u0131rlar. O \u00e7\u0259tin g\u00fcnl\u0259rd\u0259 k\u0259nardan davaml\u0131 x\u0259b\u0259rl\u0259r g\u0259lir: \u201cS\u0259ni d\u0259st\u0259-d\u0259st\u0259 asarlar!\u201d \u018fziz Nesin birc\u0259 d\u0259rdi var. Ya\u015fay\u0131\u015f binas\u0131n\u0131n zirz\u0259misind\u0259 soyuducu, paltaryuyan, oturacaq d\u0259sti olmayan ki\u00e7ik kiray\u0259lik evd\u0259 t\u0259k qoydu\u011fu on bir ya\u015fl\u0131 o\u011flu At\u0259\u015f v\u0259 on iki ya\u015fl\u0131 q\u0131z\u0131 Oya&#8230; <\/p>\n\n\n\n<p>-\u201cFikrim u\u015faqlar\u0131mda idi. Onlar\u0131 bir q\u0259piksiz v\u0259 evsiz qoydum&#8230;\u201d \u018fziz Nesin v\u0259 Kamal Tahir bel\u0259 a\u011f\u0131r fiziki-m\u0259n\u0259vi \u015f\u0259raitd\u0259 kamerada n\u0259 q\u0259rar verirl\u0259r, bilirsinizmi? <\/p>\n\n\n\n<p><strong>H\u018fM\u0130\u015e\u018f \u00dcM\u0130D VAR<\/strong><\/p>\n\n\n\n<p> \u018fziz Nesin v\u0259 Kamal Tahir o g\u00fcnl\u0259rd\u0259 kamerada n\u0259\u015friyyat qurmaq q\u0259rar\u0131na g\u0259lirl\u0259r! Dar murdar kamerada si\u00e7an-si\u00e7ovullarla ya\u015fay\u0131r, x\u0259b\u0259r al\u0131rlar ki, onlar\u0131 asacaqlar v\u0259 onlar is\u0259 kitab \u00e7\u0131xarmaq \u00fc\u00e7\u00fcn planlar qururlar! Deyil\u0259nl\u0259ri onlar\u0131 ruhdan salmas\u0131na icaz\u0259 vermirl\u0259r: -\u201cGec\u0259-g\u00fcnd\u00fcz kamerada n\u0259 ed\u0259 bil\u0259c\u0259yimi d\u00fc\u015f\u00fcnd\u00fcm. M\u0259n n\u0259 ed\u0259 bil\u0259r\u0259m? M\u0259n jurnal haz\u0131rlaya bil\u0259r\u0259m. M\u0259n bunu \u00e7ox s\u0131namam\u0131\u015fam. H\u00f6kum\u0259tl\u0259r buna icaz\u0259 verm\u0259dil\u0259r. Bu yolun sonu yenid\u0259n h\u0259bsxanaya aparacaqd\u0131. N\u0259\u015friyyatlar\u0131n v\u0259 m\u0259\u015fhur kitab evl\u0259rinin he\u00e7 biri kitablar\u0131m\u0131 \u00e7ap etm\u0259k ist\u0259mirdi(&#8230;) \u00d6z n\u0259\u015friyyat\u0131m\u0131 qurmaq v\u0259 \u00f6z kitablar\u0131m\u0131 n\u0259\u015fr etm\u0259k q\u0259rar\u0131na g\u0259ldim&#8230;<\/p>\n\n\n\n<p> -\u201cKemal Tahirin t\u0259klifi bel\u0259 idi: \u00dc\u00e7 qarda\u015f\u0131n (Kemal Tahir, Nuri Tahir, Ratip Tahir) atalar\u0131ndan miras qalm\u0131\u015f iki-\u00fc\u00e7 m\u0259rt\u0259b\u0259li taxta evi, ba\u011f\u00e7as\u0131 var idi. \u00dc\u00e7 qarda\u015f bu evi sat\u0131\u015fa \u00e7\u0131xar\u0131r (&#8230;) Kamal Tahir \u00f6z pay\u0131n\u0131 s\u0259rmay\u0259 qoyaraq m\u0259niml\u0259 birg\u0259 n\u0259\u015friyyat qurmaq ist\u0259yirdi&#8230;\u201d O, h\u0259min kamerada bel\u0259 do\u011fulub: \u201cD\u00fc\u015f\u00fcn n\u0259\u015friyyat\u0131\u201d&#8230; <\/p>\n\n\n\n<p>\u0130ll\u0259rdir h\u0259bsd\u0259 olan Kamal Tahir v\u0259 \u018fziz Nesinin z\u0259hm\u0259tini, m\u00fcbariz\u0259sini, inad\u0131n\u0131 g\u00f6r\u00fcrs\u00fcn\u00fczm\u00fc? Bir ne\u00e7\u0259 ild\u0259n sonra qurduqlar\u0131 \u201cD\u00fc\u015f\u00fcn\u201d n\u0259\u015friyyat\u0131 y\u00fczl\u0259rl\u0259 kitabla yand\u0131r\u0131lsa da, h\u0259yatdan incim\u0259dil\u0259r. Onlar t\u0259slim olmad\u0131lar. \u0130stehsal etm\u0259y\u0259 davam etdil\u0259r. G\u0259l\u0259c\u0259k g\u00f6z\u0259l g\u00fcnl\u0259r\u0259 inamlar\u0131n\u0131 he\u00e7 vaxt itirm\u0259dil\u0259r&#8230; Onlar ya\u015fayaraq bunlar\u0131 s\u00fcbut etdil\u0259r: <\/p>\n\n\n\n<p>-&#171;\u00dcmidsiz v\u0259ziyy\u0259t yoxdur, yaln\u0131z \u00fcmidsiz insanlar var.&#187; H\u00f6rm\u0259tli oxucu\u2026 Bu \u00e7\u0259tin g\u00fcnl\u0259rd\u0259 \u018fziz Nesinin \u00fcmidl\u0259ri daim ya\u015fadan kitablar\u0131n\u0131 Nesin n\u0259\u015friyyat\u0131ndan al\u0131b oxuyun. H\u0259tta yax\u0131nlar\u0131n\u0131za h\u0259diyy\u0259 edin&#8230; <\/p>\n\n\n\n<p><strong>He\u00e7 vaxt unutma: H\u00fccr\u0259d\u0259 bel\u0259, bir yerd\u0259 h\u0259yat varsa, \u00fcmid d\u0259 var.  <\/strong><\/p>\n","protected":false},"excerpt":{"rendered":"<p>Soner Yal\u00e7\u0131n Odatv.com Q\u0131rx ildir ki, \u018fziz Nesinin \u0259s\u0259rl\u0259rini h\u0259r d\u0259f\u0259 artan bir heyranl\u0131qla oxuyuram. Ke\u00e7\u0259n g\u00fcn&#8230; Netflixin Klub serial\u0131nda 6-7 sentyabr 1955-ci il<\/p>\n","protected":false},"author":2,"featured_media":0,"comment_status":"closed","ping_status":"closed","sticky":false,"template":"","format":"standard","meta":{"footnotes":""},"categories":[14],"tags":[],"class_list":["post-64803","post","type-post","status-publish","format-standard","hentry","category-kos"],"aioseo_notices":[],"_links":{"self":[{"href":"https:\/\/fedai.az\/index.php?rest_route=\/wp\/v2\/posts\/64803","targetHints":{"allow":["GET"]}}],"collection":[{"href":"https:\/\/fedai.az\/index.php?rest_route=\/wp\/v2\/posts"}],"about":[{"href":"https:\/\/fedai.az\/index.php?rest_route=\/wp\/v2\/types\/post"}],"author":[{"embeddable":true,"href":"https:\/\/fedai.az\/index.php?rest_route=\/wp\/v2\/users\/2"}],"replies":[{"embeddable":true,"href":"https:\/\/fedai.az\/index.php?rest_route=%2Fwp%2Fv2%2Fcomments&post=64803"}],"version-history":[{"count":1,"href":"https:\/\/fedai.az\/index.php?rest_route=\/wp\/v2\/posts\/64803\/revisions"}],"predecessor-version":[{"id":64806,"href":"https:\/\/fedai.az\/index.php?rest_route=\/wp\/v2\/posts\/64803\/revisions\/64806"}],"wp:attachment":[{"href":"https:\/\/fedai.az\/index.php?rest_route=%2Fwp%2Fv2%2Fmedia&parent=64803"}],"wp:term":[{"taxonomy":"category","embeddable":true,"href":"https:\/\/fedai.az\/index.php?rest_route=%2Fwp%2Fv2%2Fcategories&post=64803"},{"taxonomy":"post_tag","embeddable":true,"href":"https:\/\/fedai.az\/index.php?rest_route=%2Fwp%2Fv2%2Ftags&post=64803"}],"curies":[{"name":"wp","href":"https:\/\/api.w.org\/{rel}","templated":true}]}}