{"id":64857,"date":"2022-03-15T00:50:57","date_gmt":"2022-03-14T20:50:57","guid":{"rendered":"https:\/\/fedai.az\/?p=64857"},"modified":"2022-03-15T00:51:03","modified_gmt":"2022-03-14T20:51:03","slug":"mudafi%c9%99-nazirliyinin-sabiq-idar%c9%99-r%c9%99isi-h%c9%99bs-olundu-2","status":"publish","type":"post","link":"https:\/\/fedai.az\/?p=64857","title":{"rendered":"M\u00fcdafi\u0259 Nazirliyinin sabiq idar\u0259 r\u0259isi H\u018fBS OLUNDU"},"content":{"rendered":"\n<p><strong>M\u00fcdafi\u0259 Nazirliyinin M\u0259nzil \u0130stismar \u0130dar\u0259sinin sabiq r\u0259isi Fikr\u0259t Mirz\u0259yev bar\u0259sind\u0259 h\u0259bs q\u0259timkan t\u0259dbiri se\u00e7ilib.<\/strong><\/p>\n\n\n\n<p>APA-n\u0131n x\u0259b\u0259rin\u0259 g\u00f6r\u0259, Bak\u0131 H\u0259rbi M\u0259hk\u0259m\u0259sind\u0259 istintaq orqan\u0131n\u0131n t\u0259qdimat\u0131na bax\u0131l\u0131b. M\u0259hk\u0259m\u0259 t\u0259qdimat\u0131 t\u0259min edib v\u0259 Fikr\u0259t Mirz\u0259yev bar\u0259sind\u0259 4 ayl\u0131q h\u0259bs q\u0259timkan t\u0259dbiri se\u00e7ilib.<\/p>\n\n\n\n<p>Qeyd ed\u0259k ki, Fikr\u0259t Mirz\u0259yev D\u00f6vl\u0259t T\u0259hl\u00fck\u0259sizliyi Xidm\u0259tind\u0259 apar\u0131lan cinay\u0259t i\u015fi \u00e7\u0259r\u00e7iv\u0259sind\u0259 saxlan\u0131l\u0131b. O, x\u00fcsusil\u0259 k\u00fclli miqdarda m\u0259nims\u0259m\u0259d\u0259 t\u0259qsirl\u0259ndirilir.<\/p>\n\n\n\n<p>Fikr\u0259t Mirz\u0259yev\u0259 qar\u015f\u0131 Cinay\u0259t M\u0259c\u0259ll\u0259sinin 179.4-c\u00fc madd\u0259si il\u0259 ittiham ir\u0259li s\u00fcr\u00fcl\u00fcb.<\/p>\n\n\n\n<p>F.Mirz\u0259yev 2 il \u0259vv\u0259l v\u0259zif\u0259sind\u0259n azad edilib.<\/p>\n\n\n\n<p>Xat\u0131rladaq ki, D\u00f6vl\u0259t T\u0259hl\u00fck\u0259sizliyi Xidm\u0259ti M\u00fcdafi\u0259 Nazirliyind\u0259 ba\u015f ver\u0259n m\u0259nims\u0259m\u0259 faktlar\u0131 il\u0259 ba\u011fl\u0131 cinay\u0259t i\u015finin istintaq\u0131n\u0131 davam etdirir.<\/p>\n\n\n\n<p>Bundan \u0259vv\u0259l M\u00fcdafi\u0259 Nazirliyinin Maliyy\u0259 v\u0259 B\u00fcdc\u0259 \u0130dar\u0259sinin r\u0259isi, general-mayor Nizami M\u0259mm\u0259dov v\u0259 b\u0259zi v\u0259zif\u0259li \u015f\u0259xsl\u0259r h\u0259bs edilib.<\/p>\n","protected":false},"excerpt":{"rendered":"<p>M\u00fcdafi\u0259 Nazirliyinin M\u0259nzil \u0130stismar \u0130dar\u0259sinin sabiq r\u0259isi Fikr\u0259t Mirz\u0259yev bar\u0259sind\u0259 h\u0259bs q\u0259timkan t\u0259dbiri se\u00e7ilib. APA-n\u0131n x\u0259b\u0259rin\u0259 g\u00f6r\u0259, Bak\u0131 H\u0259rbi M\u0259hk\u0259m\u0259sind\u0259 istintaq orqan\u0131n\u0131n t\u0259qdimat\u0131na bax\u0131l\u0131b.<\/p>\n","protected":false},"author":2,"featured_media":0,"comment_status":"closed","ping_status":"closed","sticky":false,"template":"","format":"standard","meta":{"footnotes":""},"categories":[3],"tags":[],"class_list":["post-64857","post","type-post","status-publish","format-standard","hentry","category-gundm"],"aioseo_notices":[],"_links":{"self":[{"href":"https:\/\/fedai.az\/index.php?rest_route=\/wp\/v2\/posts\/64857","targetHints":{"allow":["GET"]}}],"collection":[{"href":"https:\/\/fedai.az\/index.php?rest_route=\/wp\/v2\/posts"}],"about":[{"href":"https:\/\/fedai.az\/index.php?rest_route=\/wp\/v2\/types\/post"}],"author":[{"embeddable":true,"href":"https:\/\/fedai.az\/index.php?rest_route=\/wp\/v2\/users\/2"}],"replies":[{"embeddable":true,"href":"https:\/\/fedai.az\/index.php?rest_route=%2Fwp%2Fv2%2Fcomments&post=64857"}],"version-history":[{"count":1,"href":"https:\/\/fedai.az\/index.php?rest_route=\/wp\/v2\/posts\/64857\/revisions"}],"predecessor-version":[{"id":64859,"href":"https:\/\/fedai.az\/index.php?rest_route=\/wp\/v2\/posts\/64857\/revisions\/64859"}],"wp:attachment":[{"href":"https:\/\/fedai.az\/index.php?rest_route=%2Fwp%2Fv2%2Fmedia&parent=64857"}],"wp:term":[{"taxonomy":"category","embeddable":true,"href":"https:\/\/fedai.az\/index.php?rest_route=%2Fwp%2Fv2%2Fcategories&post=64857"},{"taxonomy":"post_tag","embeddable":true,"href":"https:\/\/fedai.az\/index.php?rest_route=%2Fwp%2Fv2%2Ftags&post=64857"}],"curies":[{"name":"wp","href":"https:\/\/api.w.org\/{rel}","templated":true}]}}