{"id":64876,"date":"2022-03-15T02:06:58","date_gmt":"2022-03-14T22:06:58","guid":{"rendered":"https:\/\/fedai.az\/?p=64876"},"modified":"2022-03-15T02:07:03","modified_gmt":"2022-03-14T22:07:03","slug":"t%c9%99brik-aslanov-telman-aslan-oglu-75","status":"publish","type":"post","link":"https:\/\/fedai.az\/?p=64876","title":{"rendered":"T\u018fBR\u0130K: ASLANOV TELMAN  ASLAN O\u011eLU  &#8212; 75"},"content":{"rendered":"\n<p><strong>\u00a0\u00a0\u00a0\u00a0\u00a0 <span class=\"has-inline-color has-vivid-red-color\">Pe\u015f\u0259karl\u0131\u011f\u0131 v\u0259 humanistliyi, n\u0259z\u0259ri v\u0259 praktiki biliyi, i\u015fg\u00fczarl\u0131\u011f\u0131 v\u0259 m\u0259n\u0259vi keyfiyy\u0259ti il\u0259 se\u00e7il\u0259n \u00f6mr\u00fcn\u00fcn \u0259n m\u0259hsuldar d\u00f6vr\u00fcn\u00fcn 31 ild\u0259n \u00e7ox \u015f\u0259r\u0259fli xidm\u0259t yolunu\u00a0 h\u0259rbi xidm\u0259td\u0259 ke\u00e7ir\u0259n Silahl\u0131 Q\u00fcvv\u0259l\u0259r v\u0259 M\u00fcharib\u0259 Veteran\u0131 istefada olan polkovnik &#8212; leytenant Aslanov Telman Aslan o\u011flunun mart ay\u0131n\u0131n 15 &#8212; d\u0259\u00a0 75 \u00a0ya\u015f\u0131 tamam olur.<\/span><\/strong><\/p>\n\n\n\n<p><strong>\u00a0\u00a0\u00a0\u00a0 Az\u0259rbaycan V\u0259t\u0259n M\u00fcharib\u0259si Veteranlar\u0131 \u0130ctimai Birliyinin r\u0259hb\u0259rliyi v\u0259 Az\u0259rbaycan V\u0259t\u0259n M\u00fcharib\u0259si Veteranlar\u0131 \u0130ctimai Birliyinin s\u0259dr m\u00fcavini polkovnik Salman Musayev\u00a0 Silahl\u0131 Q\u00fcvv\u0259l\u0259r v\u0259 M\u00fcharib\u0259\u00a0 Veteran\u0131 istefada\u00a0 olan polkovnik leytenant\u00a0 Aslanov Telman Aslan o\u011flunu do\u011fum g\u00fcn\u00fc munasb\u0259til\u0259 s\u0259mimi q\u0259lbd\u0259n t\u0259brik edir,\u00a0 ona h\u0259yatda insan \u00fc\u00e7\u00fcn \u0259n \u015firin nem\u0259t olan m\u00f6hk\u0259m can sa\u011fl\u0131\u011f\u0131 v\u0259 h\u0259yat yollar\u0131nda bitib &#8212; t\u00fck\u0259nm\u0259y\u0259n nailiyy\u0259tl\u0259r arzulay\u0131r.<\/strong><\/p>\n\n\n\n<p><strong>&nbsp;&nbsp;&nbsp;&nbsp; Arzu edirik ki, Telman Aslanovun ya\u015f\u0131n\u0131n \u00fcst\u0259 g\u0259l\u0259n bu ya\u015f ona sevinc dolu g\u00fcnl\u0259r b\u0259x\u015f etsin v\u0259 h\u0259r yeni g\u00fcn\u00fc is\u0259 \u00f6t\u0259n g\u00fcnl\u0259rd\u0259n daha g\u00f6z\u0259l ist\u0259kl\u0259rin\u0259 uy\u011fun onu xo\u015fb\u0259xt ed\u0259c\u0259k \u015f\u0259kild\u0259 ke\u00e7sin. Amin!<\/strong><\/p>\n\n\n\n<p>&nbsp;&nbsp;&nbsp;&nbsp;&nbsp; Aslanov Telman Aslan o\u011flu&nbsp; 15 mart&nbsp; 1947 -ci ild\u0259 Az\u0259rbaycan Respublikas\u0131n\u0131n Xa\u00e7maz rayonun L\u0259c\u0259t k\u0259ndind\u0259 anadan olub.<\/p>\n\n\n\n<figure class=\"wp-block-gallery columns-2 is-cropped wp-block-gallery-1 is-layout-flex wp-block-gallery-is-layout-flex\"><ul class=\"blocks-gallery-grid\"><li class=\"blocks-gallery-item\"><figure><img loading=\"lazy\" decoding=\"async\" width=\"899\" height=\"902\" src=\"https:\/\/fedai.az\/wp-content\/uploads\/2022\/03\/OLK9-1.jpg\" alt=\"\" data-id=\"64877\" data-link=\"https:\/\/fedai.az\/?attachment_id=64877\" class=\"wp-image-64877\" srcset=\"https:\/\/fedai.az\/wp-content\/uploads\/2022\/03\/OLK9-1.jpg 899w, https:\/\/fedai.az\/wp-content\/uploads\/2022\/03\/OLK9-1-300x300.jpg 300w, https:\/\/fedai.az\/wp-content\/uploads\/2022\/03\/OLK9-1-150x150.jpg 150w, https:\/\/fedai.az\/wp-content\/uploads\/2022\/03\/OLK9-1-768x771.jpg 768w, https:\/\/fedai.az\/wp-content\/uploads\/2022\/03\/OLK9-1-215x215.jpg 215w\" sizes=\"auto, (max-width: 899px) 100vw, 899px\" \/><\/figure><\/li><li class=\"blocks-gallery-item\"><figure><img loading=\"lazy\" decoding=\"async\" width=\"376\" height=\"438\" src=\"https:\/\/fedai.az\/wp-content\/uploads\/2022\/03\/20220314_233156.jpg\" alt=\"\" data-id=\"64878\" data-full-url=\"https:\/\/fedai.az\/wp-content\/uploads\/2022\/03\/20220314_233156.jpg\" data-link=\"https:\/\/fedai.az\/?attachment_id=64878\" class=\"wp-image-64878\" srcset=\"https:\/\/fedai.az\/wp-content\/uploads\/2022\/03\/20220314_233156.jpg 376w, https:\/\/fedai.az\/wp-content\/uploads\/2022\/03\/20220314_233156-258x300.jpg 258w, https:\/\/fedai.az\/wp-content\/uploads\/2022\/03\/20220314_233156-129x150.jpg 129w\" sizes=\"auto, (max-width: 376px) 100vw, 376px\" \/><\/figure><\/li><\/ul><\/figure>\n\n\n\n<p>&nbsp;&nbsp;&nbsp; 1964 -c\u00fc ild\u0259&nbsp; Xacmaz rayon L\u0259c\u0259t k\u0259nd orta m\u0259kt\u0259bini 1970 &#8212; ci ild\u0259 is\u0259&nbsp; SSR\u0130 Daxili \u0130\u015fl\u0259r Nazirliyinin Daxili Qo\u015funlar\u0131n Vladiqafqaz \u015f\u0259h\u0259rind\u0259 yerl\u0259\u015f\u0259n&nbsp; H\u0259rbi&nbsp; komandirl\u0259r m\u0259kt\u0259bini&nbsp; bitrib. O,1967 &#8212; 1991 -ci ill\u0259rd\u0259&nbsp; SSR\u0130&nbsp;&nbsp; Daxili \u0130\u015fl\u0259r Nazirliyinin Daxili Qo\u015funlar\u0131nda m\u00fcxt\u0259lif v\u0259zif\u0259l\u0259rd\u0259 xidm\u0259t etdiyi ill\u0259r \u0259rzind\u0259 Daxili Qo\u015funlar\u0131n&nbsp;&nbsp; Tiflis v\u0259 Bak\u0131 \u015f\u0259h\u0259rl\u0259rind\u0259 yerl\u0259\u015f\u0259n Diviziyalar\u0131nda v\u0259 h\u0259rbi hiss\u0259l\u0259rind\u0259 ke\u00e7iril\u0259n&nbsp; m\u00fcvafiq kurslarda, bir \u00e7ox metodiki &#8212; t\u0259lim toplan\u0131\u015flar\u0131nda ,t\u0259liml\u0259rd\u0259 ,seminar v\u0259 konfranslarda f\u0259al i\u015ftirak edib.<\/p>\n\n\n\n<p>&nbsp;&nbsp;&nbsp;&nbsp;&nbsp; Polkovnik leytenant Telman Aslan o\u011flu Aslanov&nbsp; 2009 -cu ild\u0259n Daxili Qo\u015funlar\u0131n&nbsp; Veteranlar \u015euras\u0131n\u0131n s\u0259dr m\u00fcavinidir, 2020 -ci ild\u0259n etibar\u0259n is\u0259 Az\u0259rbaycan V\u0259t\u0259n M\u00fcharib\u0259si Veteranlar \u0130ctimai Birliyinin \u00fczv\u00fcd\u00fcr.<\/p>\n\n\n\n<figure class=\"wp-block-image size-large\"><img loading=\"lazy\" decoding=\"async\" width=\"1024\" height=\"766\" src=\"https:\/\/fedai.az\/wp-content\/uploads\/2022\/03\/IMG-20220314-WA0094-1024x766.jpg\" alt=\"\" class=\"wp-image-64879\" srcset=\"https:\/\/fedai.az\/wp-content\/uploads\/2022\/03\/IMG-20220314-WA0094-1024x766.jpg 1024w, https:\/\/fedai.az\/wp-content\/uploads\/2022\/03\/IMG-20220314-WA0094-300x224.jpg 300w, https:\/\/fedai.az\/wp-content\/uploads\/2022\/03\/IMG-20220314-WA0094-150x112.jpg 150w, https:\/\/fedai.az\/wp-content\/uploads\/2022\/03\/IMG-20220314-WA0094-768x574.jpg 768w, https:\/\/fedai.az\/wp-content\/uploads\/2022\/03\/IMG-20220314-WA0094.jpg 1280w\" sizes=\"auto, (max-width: 1024px) 100vw, 1024px\" \/><\/figure>\n\n\n\n<p>&nbsp;&nbsp;&nbsp;&nbsp; 1996- 1967-ci ill\u0259rd\u0259 SSR\u0130 Daxili \u0130\u015fl\u0259r Nazirliyinin Daxili Qo\u015funlar\u0131n&nbsp; 69-cu Diviziyas\u0131n\u0131n&nbsp; Bak\u0131 \u015f\u0259h\u0259rind\u0259 yerl\u0259\u015f\u0259n Konvoy M\u00fchafiz\u0259 alay\u0131nda m\u00fcddd\u0259tli h\u0259qiqi h\u0259rbi xidm\u0259td\u0259 olub.<\/p>\n\n\n\n<p>&nbsp;&nbsp;&nbsp;&nbsp;&nbsp; 1967- 1991-ci ill\u0259rd\u0259 SSR\u0130 Daxili \u0130\u015fl\u0259r Nazirliyinin Daxili Qo\u015funlar\u0131n 69 -cu&nbsp; v\u0259&nbsp;&nbsp; 5-c\u0131&nbsp; Diviziyalar\u0131n\u0131n Bak\u0131 v\u0259 Nax\u00e7\u0131van \u015f\u0259h\u0259rind\u0259 yerl\u0259\u015f\u0259n&nbsp; konvoy &#8212; m\u00fchafiz\u0259&nbsp;&nbsp; v\u0259 x\u00fcsusi motorla\u015fd\u0131r\u0131lm\u0131\u015f h\u0259rbi hiss\u0259l\u0259rind\u0259 taq\u0131m komandiri, b\u00f6luk komandirinin m\u00fcavini, b\u00f6luk komandiri, taborun q\u0259rargah r\u0259isi ,q\u0259rargah r\u0259isinin m\u00fcavini, 1992- 1998- ci ill\u0259rd\u0259 i\u015f\u0259 Az\u0259rbaycan Respublikas\u0131n\u0131n Daxili \u0130\u015fl\u0259r Nazirliyi Daxili Qo\u015funlar\u0131n&nbsp; Ba\u015f \u0130dar\u0259sinin Q\u0259rargah\u0131nda&nbsp;&nbsp; \u018fm\u0259liyyat \u015f\u00f6b\u0259sinin ba\u015f zabiti v\u0259 \u018fm\u0259liyyat \u015f\u00f6b\u0259sinin&nbsp; r\u0259isi v\u0259zif\u0259l\u0259rind\u0259 V\u0259t\u0259n\u0259 D\u00f6vl\u0259t\u0259 v\u0259 xalqa s\u0259daq\u0259tl\u0259 xidm\u0259t etmi\u015fdir.<\/p>\n\n\n\n<figure class=\"wp-block-image size-large\"><img loading=\"lazy\" decoding=\"async\" width=\"1024\" height=\"766\" src=\"https:\/\/fedai.az\/wp-content\/uploads\/2022\/03\/IMG-20220314-WA0102-1024x766.jpg\" alt=\"\" class=\"wp-image-64880\" srcset=\"https:\/\/fedai.az\/wp-content\/uploads\/2022\/03\/IMG-20220314-WA0102-1024x766.jpg 1024w, https:\/\/fedai.az\/wp-content\/uploads\/2022\/03\/IMG-20220314-WA0102-300x224.jpg 300w, https:\/\/fedai.az\/wp-content\/uploads\/2022\/03\/IMG-20220314-WA0102-150x112.jpg 150w, https:\/\/fedai.az\/wp-content\/uploads\/2022\/03\/IMG-20220314-WA0102-768x574.jpg 768w, https:\/\/fedai.az\/wp-content\/uploads\/2022\/03\/IMG-20220314-WA0102.jpg 1280w\" sizes=\"auto, (max-width: 1024px) 100vw, 1024px\" \/><\/figure>\n\n\n\n<p>\u00a0\u00a0\u00a0\u00a0\u00a0 M\u00fcst\u0259qil Az\u0259rbaycan\u0131n Daxili \u0130\u015fl\u0259r Nazirliyinin\u00a0 Daxili Qo\u015funlar\u0131nda xidm\u0259t etdiyi ill\u0259r \u0259rzind\u0259,Az\u0259rbaycan Respublikas\u0131n\u0131n Konstitusiyas\u0131na v\u0259 qanunlar\u0131na \u0259m\u0259l etm\u0259kd\u0259, h\u0259rbi and\u0131n,\u00a0 h\u0259rbi nizamnam\u0259l\u0259rin v\u0259 dig\u0259r h\u00fcquqi- normativ aktlar\u0131n\u00a0 t\u0259l\u0259bl\u0259rin\u0259, el\u0259c\u0259d\u0259 v\u0259zif\u0259 borclar\u0131n\u0131n icrasna m\u0259suliyy\u0259tl\u0259 yana\u015fm\u0131\u015f, qar\u015f\u0131ya qoyulmu\u015f\u00a0 xidm\u0259ti\u00a0 tap\u015f\u0131r\u0131qlar\u0131 m\u00fcv\u0259ff\u0259qiyy\u0259tl\u0259 yerin\u0259 yetirilm\u0259si \u00fc\u00e7\u00fcn \u00f6z \u0259m\u0259yini \u0259sirg\u0259m\u0259mi\u015f, \u015f\u0259xsi n\u00fcmun\u0259si il\u0259\u00a0 bir cox\u00a0 h\u0259rbi qulluq\u00e7ular\u0131 f\u0259dakar h\u0259rbi xidm\u0259t\u0259 ruhland\u0131rm\u0131\u015fd\u0131r.<\/p>\n\n\n\n<p>&nbsp;&nbsp;&nbsp;&nbsp;&nbsp; Az\u0259rbaycan Respublikas\u0131nda ictimai qaydan\u0131n v\u0259 ictimai t\u0259hl\u00fck\u0259sizliyin qorunmasnda, \u015f\u0259h\u0259rd\u0259 v\u0259 ya\u015fay\u0131\u015f m\u0259nt\u0259q\u0259l\u0259rind\u0259,c\u0259za\u00e7\u0259km\u0259 m\u00fc\u0259ssis\u0259l\u0259rind\u0259 ba\u015f vermi\u015f ixt\u015fa\u015flar\u0131n qar\u015f\u0131s\u0131n\u0131n al\u0131nmas\u0131nda, m\u00fct\u0259\u015f\u0259kkil cinay\u0259tkarl\u0131\u011fa qar\u015f\u0131 m\u00fcbariz\u0259d\u0259, &nbsp;qanunsuz &nbsp;&nbsp;silahl\u0131 &nbsp;&nbsp;d\u0259st\u0259l\u0259rin&nbsp; &nbsp;axtar\u0131\u015f\u0131nda v\u0259 &nbsp;&nbsp;z\u0259r\u0259rsizl\u0259\u015fdirilm\u0259sind\u0259,<\/p>\n\n\n\n<figure class=\"wp-block-image size-large\"><img loading=\"lazy\" decoding=\"async\" width=\"1024\" height=\"766\" src=\"https:\/\/fedai.az\/wp-content\/uploads\/2022\/03\/IMG-20220314-WA0097-1024x766.jpg\" alt=\"\" class=\"wp-image-64881\" srcset=\"https:\/\/fedai.az\/wp-content\/uploads\/2022\/03\/IMG-20220314-WA0097-1024x766.jpg 1024w, https:\/\/fedai.az\/wp-content\/uploads\/2022\/03\/IMG-20220314-WA0097-300x224.jpg 300w, https:\/\/fedai.az\/wp-content\/uploads\/2022\/03\/IMG-20220314-WA0097-150x112.jpg 150w, https:\/\/fedai.az\/wp-content\/uploads\/2022\/03\/IMG-20220314-WA0097-768x574.jpg 768w, https:\/\/fedai.az\/wp-content\/uploads\/2022\/03\/IMG-20220314-WA0097.jpg 1280w\" sizes=\"auto, (max-width: 1024px) 100vw, 1024px\" \/><\/figure>\n\n\n\n<p>&nbsp;F\u00f6vqal\u0259d\u0259&nbsp; v\u0259ziy\u0259t zaman\u0131 h\u00fcquqi rejimin t\u0259min edilm\u0259sind\u0259, ba\u015f vermi\u015f&nbsp; t\u0259bii f\u0259lak\u0259tl\u0259rin n\u0259tic\u0259l\u0259rinin aradan&nbsp; qald\u0131r\u0131lmas\u0131nda, d\u00f6vl\u0259tin \u0259razi b\u00fct\u00f6vl\u00fcy\u00fcn\u00fcn t\u0259min edilm\u0259sind\u0259 \u00fcz\u0259rin\u0259 d\u00fc\u015f\u0259n&nbsp;&nbsp;&nbsp; v\u0259zif\u0259 v\u0259 tap\u015f\u0131r\u0131qlar\u0131n \u00f6hd\u0259sind\u0259n layiqinc\u0259 g\u0259lmi\u015fdir.<\/p>\n\n\n\n<p>&nbsp;&nbsp; H\u0259rbi xidm\u0259ti v\u0259zif\u0259l\u0259rinin icras\u0131 zaman\u0131 y\u00fcks\u0259k m\u0259n\u0259vi d\u00f6y\u00fc\u015f keyfiyy\u0259tl\u0259ri g\u00f6st\u0259rdiyin\u0259 g\u00f6r\u0259 d\u00f6y\u00fc\u015f v\u0259 ictimai siyasi haz\u0131rl\u0131\u011f\u0131nda, h\u0259rbi intizam\u0131n m\u00f6hk\u0259ml\u0259ndirilm\u0259sind\u0259 y\u00fcks\u0259k g\u00f6st\u0259ricil\u0259r\u0259 nail oldu\u011funa v\u0259 n\u00fcmun\u0259vi&nbsp; xidm\u0259tin\u0259 g\u00f6r\u0259 Daxili \u0130\u015fl\u0259r Nazirinin, Daxili Qo\u015funlar Komandan\u0131n v\u0259 onun m\u00fcavinl\u0259rinin, h\u0259rbi hiss\u0259 komandirinin m\u00fcvafiq \u0259mrl\u0259ri il\u0259 \u0259la xidm\u0259tl\u0259r\u0259 g\u00f6r\u0259 d\u00f6\u015f v\u0259 yubiley ni\u015fanlar\u0131 il\u0259, pul m\u00fckafatlar\u0131 il\u0259, f\u0259xri f\u0259rmanlarla v\u0259 qiym\u0259tli h\u0259diyy\u0259l\u0259rl\u0259 m\u00fckafatland\u0131rl\u0131b v\u0259 ona t\u0259\u015f\u0259kk\u00fcr elan edilib.<\/p>\n\n\n\n<figure class=\"wp-block-gallery columns-2 is-cropped wp-block-gallery-2 is-layout-flex wp-block-gallery-is-layout-flex\"><ul class=\"blocks-gallery-grid\"><li class=\"blocks-gallery-item\"><figure><img loading=\"lazy\" decoding=\"async\" width=\"1024\" height=\"766\" src=\"https:\/\/fedai.az\/wp-content\/uploads\/2022\/03\/IMG-20220314-WA0100-1024x766.jpg\" alt=\"\" data-id=\"64882\" data-link=\"https:\/\/fedai.az\/?attachment_id=64882\" class=\"wp-image-64882\" srcset=\"https:\/\/fedai.az\/wp-content\/uploads\/2022\/03\/IMG-20220314-WA0100-1024x766.jpg 1024w, https:\/\/fedai.az\/wp-content\/uploads\/2022\/03\/IMG-20220314-WA0100-300x224.jpg 300w, https:\/\/fedai.az\/wp-content\/uploads\/2022\/03\/IMG-20220314-WA0100-150x112.jpg 150w, https:\/\/fedai.az\/wp-content\/uploads\/2022\/03\/IMG-20220314-WA0100-768x574.jpg 768w, https:\/\/fedai.az\/wp-content\/uploads\/2022\/03\/IMG-20220314-WA0100.jpg 1280w\" sizes=\"auto, (max-width: 1024px) 100vw, 1024px\" \/><\/figure><\/li><li class=\"blocks-gallery-item\"><figure><img loading=\"lazy\" decoding=\"async\" width=\"1024\" height=\"766\" src=\"https:\/\/fedai.az\/wp-content\/uploads\/2022\/03\/IMG-20220314-WA0098-1024x766.jpg\" alt=\"\" data-id=\"64883\" data-full-url=\"https:\/\/fedai.az\/wp-content\/uploads\/2022\/03\/IMG-20220314-WA0098.jpg\" data-link=\"https:\/\/fedai.az\/?attachment_id=64883\" class=\"wp-image-64883\" srcset=\"https:\/\/fedai.az\/wp-content\/uploads\/2022\/03\/IMG-20220314-WA0098-1024x766.jpg 1024w, https:\/\/fedai.az\/wp-content\/uploads\/2022\/03\/IMG-20220314-WA0098-300x224.jpg 300w, https:\/\/fedai.az\/wp-content\/uploads\/2022\/03\/IMG-20220314-WA0098-150x112.jpg 150w, https:\/\/fedai.az\/wp-content\/uploads\/2022\/03\/IMG-20220314-WA0098-768x574.jpg 768w, https:\/\/fedai.az\/wp-content\/uploads\/2022\/03\/IMG-20220314-WA0098.jpg 1280w\" sizes=\"auto, (max-width: 1024px) 100vw, 1024px\" \/><\/figure><\/li><\/ul><\/figure>\n\n\n\n<p>&nbsp;&nbsp;&nbsp;&nbsp;&nbsp; D\u00f6y\u00fc\u015f haz\u0131rl\u0131\u011f\u0131ndak\u0131 \u0259la g\u00f6st\u0259ricil\u0259r\u0259 ,d\u00f6y\u00fc\u015f xidm\u0259tind\u0259, d\u00f6y\u00fc\u015f n\u00f6vb\u0259sind\u0259 ,&nbsp; d\u00f6y\u00fc\u015f \u0259m\u0259liyyatlar\u0131nda x\u00fcsusi f\u0259riql\u0259ndiyin\u0259, el\u0259c\u0259d\u0259&nbsp; Silahl\u0131 Q\u00fcvv\u0259l\u0259r v\u0259 M\u00fcharib\u0259 Veteran\u0131 kimi&nbsp; \u0130ctimai v\u0259zif\u0259l\u0259rin yerin\u0259 yetirilm\u0259sin\u0259 m\u0259suliyy\u0259tl\u0259 yana\u015fd\u0131\u011fna g\u00f6r\u0259 SSR\u0130 Ali Soveti, Az\u0259rbaycan Respublikas\u0131 Prezidenti ad\u0131ndan &#171;Silahl\u0131 Q\u00fcvv\u0259l\u0259r&nbsp; Veterani&#187;, &#171;Q\u00fcsursuz Xidm\u0259tl\u0259r\u0259 g\u00f6r\u0259 is\u0259 1-ci ,2-ci v\u0259 3-c\u00fc d\u0259r\u0259c\u0259li, &#187; Silahl\u0131 Q\u00fcvv\u0259l\u0259rin yaranmas\u0131n\u0131n&#187; 70- illiyi, Az\u0259rbaycan V\u0259t\u0259n M\u00fcharib\u0259si Veteranlar\u0131 \u0130ctimai Birliyinin r\u0259yas\u0259t hey\u0259tinin m\u00fcvafiq q\u0259rarlar\u0131&nbsp; il\u0259 is\u0259 Avmib &#8212; nin t\u0259sis etdiyi (M\u00fcharib\u0259 Veteran\u0131, Avmvib &#8212; nin yaranmas\u0131n\u0131n 25 &#8212; iliyi, Silahl\u0131 Q\u00fcvv\u0259l\u0259rin yaranmas\u0131n\u0131n&nbsp; 100 &#8212; iliyi&nbsp; v\u0259 B\u00f6y\u00fck Z\u0259f\u0259r) medallar\u0131 il\u0259 t\u0259ltif edilib.<\/p>\n\n\n\n<p><strong>DO\u011eUM G\u00dcN\u00dcN M\u00dcBAR\u018fK OLSUN, TELMAN B\u018fY!<\/strong><\/p>\n\n\n\n<p><strong>ALLAH H\u018fR ZAMAN Q\u018fLB\u0130N\u0130 SIXINTIDAN, B\u018fDB\u0130NL\u0130KD\u018fN QORUSUN!<\/strong><\/p>\n\n\n\n<p><strong>H\u018fM\u0130\u015e\u018f \u00dcZ\u00dcN G\u00dcLS\u00dcN, \u00dcR\u018fY\u0130N SEV\u0130NS\u0130N!<\/strong><\/p>\n\n\n\n<p><strong>B\u00dcT\u00dcN ARZULARIN \u00c7\u0130N OLSUN!<\/strong><\/p>\n\n\n\n<p><strong>DA\u0130MA XO\u015eB\u018fXT YA\u015eA, \u00d6MR\u00dcN UZUN OLSUN!<\/strong><\/p>\n\n\n\n<p><strong>D\u0259rin h\u00f6rm\u0259tl\u0259, Az\u0259rbaycan V\u0259t\u0259n M\u00fcharib\u0259si Veteranlar\u0131 \u0130ctimai\u00a0 Birliyinin s\u0259dr m\u00fcavini polkovnik Salman Musayev<\/strong><\/p>\n\n\n\n<figure class=\"wp-block-gallery columns-2 is-cropped wp-block-gallery-3 is-layout-flex wp-block-gallery-is-layout-flex\"><ul class=\"blocks-gallery-grid\"><li class=\"blocks-gallery-item\"><figure><img loading=\"lazy\" decoding=\"async\" width=\"600\" height=\"600\" src=\"https:\/\/fedai.az\/wp-content\/uploads\/2022\/03\/8265a327389da9fe4fdc2714b309120e-6-1-1.jpg\" alt=\"\" data-id=\"64885\" data-full-url=\"https:\/\/fedai.az\/wp-content\/uploads\/2022\/03\/8265a327389da9fe4fdc2714b309120e-6-1-1.jpg\" data-link=\"https:\/\/fedai.az\/?attachment_id=64885\" class=\"wp-image-64885\" srcset=\"https:\/\/fedai.az\/wp-content\/uploads\/2022\/03\/8265a327389da9fe4fdc2714b309120e-6-1-1.jpg 600w, https:\/\/fedai.az\/wp-content\/uploads\/2022\/03\/8265a327389da9fe4fdc2714b309120e-6-1-1-300x300.jpg 300w, https:\/\/fedai.az\/wp-content\/uploads\/2022\/03\/8265a327389da9fe4fdc2714b309120e-6-1-1-150x150.jpg 150w, https:\/\/fedai.az\/wp-content\/uploads\/2022\/03\/8265a327389da9fe4fdc2714b309120e-6-1-1-215x215.jpg 215w\" sizes=\"auto, (max-width: 600px) 100vw, 600px\" \/><\/figure><\/li><li class=\"blocks-gallery-item\"><figure><img loading=\"lazy\" decoding=\"async\" width=\"376\" height=\"438\" src=\"https:\/\/fedai.az\/wp-content\/uploads\/2022\/03\/20220314_233156-1.jpg\" alt=\"\" data-id=\"64884\" data-full-url=\"https:\/\/fedai.az\/wp-content\/uploads\/2022\/03\/20220314_233156-1.jpg\" data-link=\"https:\/\/fedai.az\/?attachment_id=64884\" class=\"wp-image-64884\" srcset=\"https:\/\/fedai.az\/wp-content\/uploads\/2022\/03\/20220314_233156-1.jpg 376w, https:\/\/fedai.az\/wp-content\/uploads\/2022\/03\/20220314_233156-1-258x300.jpg 258w, https:\/\/fedai.az\/wp-content\/uploads\/2022\/03\/20220314_233156-1-129x150.jpg 129w\" sizes=\"auto, (max-width: 376px) 100vw, 376px\" \/><\/figure><\/li><\/ul><\/figure>\n","protected":false},"excerpt":{"rendered":"<p>\u00a0\u00a0\u00a0\u00a0\u00a0 Pe\u015f\u0259karl\u0131\u011f\u0131 v\u0259 humanistliyi, n\u0259z\u0259ri v\u0259 praktiki biliyi, i\u015fg\u00fczarl\u0131\u011f\u0131 v\u0259 m\u0259n\u0259vi keyfiyy\u0259ti il\u0259 se\u00e7il\u0259n \u00f6mr\u00fcn\u00fcn \u0259n m\u0259hsuldar d\u00f6vr\u00fcn\u00fcn 31 ild\u0259n \u00e7ox \u015f\u0259r\u0259fli xidm\u0259t yolunu\u00a0<\/p>\n","protected":false},"author":2,"featured_media":64886,"comment_status":"closed","ping_status":"closed","sticky":false,"template":"","format":"standard","meta":{"footnotes":""},"categories":[5],"tags":[],"class_list":["post-64876","post","type-post","status-publish","format-standard","has-post-thumbnail","hentry","category-veteran"],"aioseo_notices":[],"_links":{"self":[{"href":"https:\/\/fedai.az\/index.php?rest_route=\/wp\/v2\/posts\/64876","targetHints":{"allow":["GET"]}}],"collection":[{"href":"https:\/\/fedai.az\/index.php?rest_route=\/wp\/v2\/posts"}],"about":[{"href":"https:\/\/fedai.az\/index.php?rest_route=\/wp\/v2\/types\/post"}],"author":[{"embeddable":true,"href":"https:\/\/fedai.az\/index.php?rest_route=\/wp\/v2\/users\/2"}],"replies":[{"embeddable":true,"href":"https:\/\/fedai.az\/index.php?rest_route=%2Fwp%2Fv2%2Fcomments&post=64876"}],"version-history":[{"count":1,"href":"https:\/\/fedai.az\/index.php?rest_route=\/wp\/v2\/posts\/64876\/revisions"}],"predecessor-version":[{"id":64887,"href":"https:\/\/fedai.az\/index.php?rest_route=\/wp\/v2\/posts\/64876\/revisions\/64887"}],"wp:featuredmedia":[{"embeddable":true,"href":"https:\/\/fedai.az\/index.php?rest_route=\/wp\/v2\/media\/64886"}],"wp:attachment":[{"href":"https:\/\/fedai.az\/index.php?rest_route=%2Fwp%2Fv2%2Fmedia&parent=64876"}],"wp:term":[{"taxonomy":"category","embeddable":true,"href":"https:\/\/fedai.az\/index.php?rest_route=%2Fwp%2Fv2%2Fcategories&post=64876"},{"taxonomy":"post_tag","embeddable":true,"href":"https:\/\/fedai.az\/index.php?rest_route=%2Fwp%2Fv2%2Ftags&post=64876"}],"curies":[{"name":"wp","href":"https:\/\/api.w.org\/{rel}","templated":true}]}}