{"id":64891,"date":"2022-03-15T02:50:11","date_gmt":"2022-03-14T22:50:11","guid":{"rendered":"https:\/\/fedai.az\/?p=64891"},"modified":"2022-03-15T02:50:15","modified_gmt":"2022-03-14T22:50:15","slug":"t%c9%99brik-tukanov-mehrab-novsad-oglu-55","status":"publish","type":"post","link":"https:\/\/fedai.az\/?p=64891","title":{"rendered":"T\u018fBR\u0130K: T\u00dcKANOV MEHRAB NOV\u015eAD O\u011eLU &#8212; 55"},"content":{"rendered":"\n<p><strong><span class=\"has-inline-color has-vivid-red-color\">\u0130nsan \u00fc\u00e7\u00fcn \u0259n yaddaqalan g\u00fcnl\u0259rd\u0259n ba\u015flacas\u0131 onun h\u0259yata g\u0259ldiyi g\u00fcnd\u00fcr. \u00d6m\u00fcr\u0259 b\u0259z\u0259k olan ad g\u00fcn\u00fc h\u0259r il x\u00fcsusi il\u0259 qeyd olunur. Bel\u0259 bir insanlardan birid\u0259 y\u00fcks\u0259k pe\u015f\u0259karl\u0131\u011f\u0131 v\u0259 humanistliyi, n\u0259z\u0259ri v\u0259 praktiki biliyi (t\u0259cr\u00fcb\u0259si), d\u0259qiqliyi v\u0259 t\u0259mkinliyi, sad\u0259liyi v\u0259 s\u0259mimiyy\u0259ti, t\u0259cav\u00fczkarl\u0131\u011f\u0131 v\u0259 v\u0259t\u0259np\u0259rv\u0259rliyi il\u0259 secil\u0259n \u00f6mr\u00fcn\u00fcn \u0259n m\u0259hsuldar d\u00f6vr\u00fcn\u00fcn 21 ild\u0259n cox \u015f\u0259r\u0259fli xidm\u0259t yolunu h\u0259rbi xidm\u0259td\u0259 v\u0259 Daxili i\u015fl\u0259r Nazirliyinin m\u00fcvafiq \u015f\u00f6b\u0259 v\u0259 Ba\u015f idar\u0259l\u0259rind\u0259 ke\u00e7irmi\u015f M\u00fcharib\u0259 Veteran\u0131, ehtiyatda olan polkovnik T\u00fckanov Mehrab Nov\u015fad o\u011fludur. Mart ay\u0131n\u0131n 15 -d\u0259 onun 55 ya\u015f\u0131 tamam olur.<\/span><\/strong><\/p>\n\n\n\n<p><br>Az\u0259rbaycan V\u0259t\u0259n m\u00fcharib\u0259si Vetiranlari \u0130ctimai Birliyinin r\u0259hb\u0259rliyi v\u0259 Az\u0259rbaycan V\u0259t\u0259n M\u00fcharib\u0259si Veteranlar\u0131 \u0130ctimai Birliyinin s\u0259dr m\u00fcavini polkovnik Salman Musayev M\u00fcharib\u0259 Veteran\u0131 ehtiyatda olan polkovnik T\u00fckanov Mehrab Nov\u015fad o\u011flunu do\u011fum g\u00fcn\u00fc m\u00fcnasib\u0259til\u0259 s\u0259mimi q\u0259lbd\u0259n t\u0259brik edir, ona h\u0259yatda insan ucun \u0259n \u015firin neym\u0259t olan m\u00f6hk\u0259m cansa\u011fl\u0131\u011f\u0131 , ail\u0259 s\u0259ad\u0259ti v\u0259 h\u0259yat yollar\u0131nda bitib \u2013 t\u00fck\u0259nm\u0259y\u0259n naliyy\u0259tl\u0259r arzulay\u0131r. M\u00fcharib\u0259 Veteran\u0131, ehtiyatda polkovnik T\u00fckanov Mehrab Nov\u015fad o\u011flu 15 mart 1967 -ci ild\u0259 G\u00fcrc\u00fcstan Respublikas\u0131n\u0131n Marneuli rayonunun A\u011fam\u0259mm\u0259dli k\u0259ndind\u0259 anadan olub.<\/p>\n\n\n\n<p><strong>Arzu edirik ki, Mehrab T\u00fckanovun ya\u015f\u0131n\u0131n \u00fcst\u0259 g\u0259l\u0259n bu ya\u015f ona sevinc dolu g\u00fcnl\u0259r b\u0259x\u015f etsin v\u0259 h\u0259r yeni g\u00fcn\u00fc is\u0259 \u00f6t\u0259n g\u00fcnl\u0259rd\u0259n daha g\u00f6z\u0259l ist\u0259kl\u0259rin\u0259 uy\u011fun onu xo\u015fb\u0259xt ed\u0259c\u0259k \u015f\u0259kild\u0259 ke\u00e7sin. Amin!<\/strong><\/p>\n\n\n\n<figure class=\"wp-block-gallery columns-3 is-cropped wp-block-gallery-1 is-layout-flex wp-block-gallery-is-layout-flex\"><ul class=\"blocks-gallery-grid\"><li class=\"blocks-gallery-item\"><figure><img loading=\"lazy\" decoding=\"async\" width=\"445\" height=\"534\" src=\"https:\/\/fedai.az\/wp-content\/uploads\/2022\/03\/20220314_215814.jpg\" alt=\"\" data-id=\"64892\" data-link=\"https:\/\/fedai.az\/?attachment_id=64892\" class=\"wp-image-64892\" srcset=\"https:\/\/fedai.az\/wp-content\/uploads\/2022\/03\/20220314_215814.jpg 445w, https:\/\/fedai.az\/wp-content\/uploads\/2022\/03\/20220314_215814-250x300.jpg 250w, https:\/\/fedai.az\/wp-content\/uploads\/2022\/03\/20220314_215814-125x150.jpg 125w\" sizes=\"auto, (max-width: 445px) 100vw, 445px\" \/><\/figure><\/li><li class=\"blocks-gallery-item\"><figure><img loading=\"lazy\" decoding=\"async\" width=\"850\" height=\"1024\" src=\"https:\/\/fedai.az\/wp-content\/uploads\/2022\/03\/20220314_215343-850x1024.jpg\" alt=\"\" data-id=\"64893\" data-link=\"https:\/\/fedai.az\/?attachment_id=64893\" class=\"wp-image-64893\" srcset=\"https:\/\/fedai.az\/wp-content\/uploads\/2022\/03\/20220314_215343-850x1024.jpg 850w, https:\/\/fedai.az\/wp-content\/uploads\/2022\/03\/20220314_215343-249x300.jpg 249w, https:\/\/fedai.az\/wp-content\/uploads\/2022\/03\/20220314_215343-125x150.jpg 125w, https:\/\/fedai.az\/wp-content\/uploads\/2022\/03\/20220314_215343-768x925.jpg 768w, https:\/\/fedai.az\/wp-content\/uploads\/2022\/03\/20220314_215343.jpg 1080w\" sizes=\"auto, (max-width: 850px) 100vw, 850px\" \/><\/figure><\/li><li class=\"blocks-gallery-item\"><figure><img loading=\"lazy\" decoding=\"async\" width=\"634\" height=\"694\" src=\"https:\/\/fedai.az\/wp-content\/uploads\/2022\/03\/20220314_215716.jpg\" alt=\"\" data-id=\"64894\" data-full-url=\"https:\/\/fedai.az\/wp-content\/uploads\/2022\/03\/20220314_215716.jpg\" data-link=\"https:\/\/fedai.az\/?attachment_id=64894\" class=\"wp-image-64894\" srcset=\"https:\/\/fedai.az\/wp-content\/uploads\/2022\/03\/20220314_215716.jpg 634w, https:\/\/fedai.az\/wp-content\/uploads\/2022\/03\/20220314_215716-274x300.jpg 274w, https:\/\/fedai.az\/wp-content\/uploads\/2022\/03\/20220314_215716-137x150.jpg 137w\" sizes=\"auto, (max-width: 634px) 100vw, 634px\" \/><\/figure><\/li><\/ul><\/figure>\n\n\n\n<p><br>1984 \u2013 c\u00fc ild\u0259 G\u00fcrc\u00fcstan Respublikas\u0131n\u0131n Marneuli rayonunun A\u011fam\u0259mm\u0259dli k\u0259nd orta m\u0259kt\u0259bini, 1991 -ci ild\u0259 Bak\u0131 D\u00f6vl\u0259t Universitetini, 1997 -ci Bak\u0131 Ali Diplomatiya kollecinin h\u00fcquq fak\u00fclt\u0259sini bitirib. O, Daxili I\u015fl\u0259r Nazirliyinin m\u00fcvafiq \u0130dar\u0259 v\u0259 Ba\u015f idar\u0259l\u0259rind\u0259 xidm\u0259t etdiyi ill\u0259r \u0259rzind\u0259 T\u00fcrkiy\u0259d\u0259 NATO \u2013 nin S\u00fclh t\u0259r\u0259fda\u015fl\u0131q proqram\u0131 \u00e7\u0259r\u00e7iv\u0259si namin\u0259, AB\u015e- da \u201cTerror\u00e7\u00fcluqla m\u00fcbariz\u0259 \u201c proqram\u0131 \u00e7\u0259r\u00e7iv\u0259sind\u0259 x\u00fcsusi kuslarda olub, Respublika n\u00fcmay\u0259nd\u0259 hey\u0259tinin t\u0259rkibind\u0259 is\u0259 bir \u00e7ox xarici \u00f6lk\u0259l\u0259rd\u0259 i\u015fg\u00fczar s\u0259f\u0259rd\u0259 olub .<\/p>\n\n\n\n<figure class=\"wp-block-image size-large\"><img loading=\"lazy\" decoding=\"async\" width=\"939\" height=\"599\" src=\"https:\/\/fedai.az\/wp-content\/uploads\/2022\/03\/20220314_215550.jpg\" alt=\"\" class=\"wp-image-64895\" srcset=\"https:\/\/fedai.az\/wp-content\/uploads\/2022\/03\/20220314_215550.jpg 939w, https:\/\/fedai.az\/wp-content\/uploads\/2022\/03\/20220314_215550-300x191.jpg 300w, https:\/\/fedai.az\/wp-content\/uploads\/2022\/03\/20220314_215550-150x96.jpg 150w, https:\/\/fedai.az\/wp-content\/uploads\/2022\/03\/20220314_215550-768x490.jpg 768w, https:\/\/fedai.az\/wp-content\/uploads\/2022\/03\/20220314_215550-115x73.jpg 115w\" sizes=\"auto, (max-width: 939px) 100vw, 939px\" \/><\/figure>\n\n\n\n<p><br>1985 -1987 -ci ill\u0259rd\u0259 Sovet ordusunda m\u00fcddd\u0259tli h\u0259qqi h\u0259rbi xidm\u0259td\u0259 olub.1987- 1991 -ci ill\u0259rd\u0259 Rabit\u0259 Nazirliyind\u0259 texnik, proqrama \u2013 m\u00fch\u0259ndis v\u0259 b\u00f6y\u00fck m\u00fch\u0259ndis v\u0259zif\u0259l\u0259rind\u0259 i\u015fl\u0259yib. 1992-ci mart ay\u0131nda k\u00f6n\u00fcll\u00fc olaraq Az\u0259rbaycan Ordusunun s\u0131ralar\u0131na daxil olmaq \u00fc\u00e7\u00fcn Respublika H\u0259rbi Komissarl\u0131\u011f\u0131na m\u00fcraci\u0259t etmi\u015f dir.M\u00fct\u0259x\u0259sis oldu\u011fu n\u0259z\u0259r\u0259 al\u0131nmaqla polkovnik Mehrab T\u00fckanov Respublika H\u0259rbi Komissarl\u0131\u011f\u0131nda 1992 -ci ilin iyun ayna kimi rabit\u0259 r\u0259isi v\u0259zif\u0259sind\u0259 \u00e7al\u0131\u015f\u0131b.1992-ci ilin iyun ay\u0131ndan- 2010-cu ilin dekabr ay\u0131na kimi Daxili Qo\u015funlar\u0131n Ba\u015f \u0130dar\u0259sinin A\u011fdam v\u0259 A\u011fd\u0259r\u0259 rayonlar\u0131nda yerl\u0259\u015f\u0259n h\u0259rbi hiss\u0259d\u0259 h\u0259rbi hiss\u0259nin q\u0259argah r\u0259isinin xidm\u0259t \u00fczr\u0259 ba\u015f k\u00f6m\u0259k\u00e7isi, Daxili Qo\u015funlar\u0131n Bas \u0130dar\u0259sinin A\u0130S v\u0259 Beyn\u0259lxalq h\u0259rbi \u0259m\u0259kda\u015fl\u0131q \u015f\u00f6b\u0259l\u0259rinin ilk r\u0259isi, D\u0130N- nin Beyn\u0259lxalq \u0259m\u0259kda\u015fl\u0131q \u0130dar\u0259sind\u0259 protokol \u015f\u00f6b\u0259sinin v\u0259 h\u0259min idar\u0259nin ( B\u018f\u0130- nin) r\u0259isi, D\u0130N-in Ba\u015f Narkotikl\u0259r idar\u0259sind\u0259 is\u0259 \u015f\u00f6b\u0259 r\u0259isi v\u0259zif\u0259l\u0259rind\u0259 V\u0259t\u0259n\u0259 D\u00f6vl\u0259t\u0259 v\u0259 Xalqa s\u0259daq\u0259tl\u0259 xidm\u0259t etmi\u015fdir.<\/p>\n\n\n\n<figure class=\"wp-block-image size-large is-resized\"><img loading=\"lazy\" decoding=\"async\" src=\"https:\/\/fedai.az\/wp-content\/uploads\/2022\/03\/20220314_215421.jpg\" alt=\"\" class=\"wp-image-64896\" width=\"897\" height=\"672\" srcset=\"https:\/\/fedai.az\/wp-content\/uploads\/2022\/03\/20220314_215421.jpg 831w, https:\/\/fedai.az\/wp-content\/uploads\/2022\/03\/20220314_215421-300x225.jpg 300w, https:\/\/fedai.az\/wp-content\/uploads\/2022\/03\/20220314_215421-150x112.jpg 150w, https:\/\/fedai.az\/wp-content\/uploads\/2022\/03\/20220314_215421-768x576.jpg 768w\" sizes=\"auto, (max-width: 897px) 100vw, 897px\" \/><\/figure>\n\n\n\n<p>Polkovnik Mehrab Nov\u015fad o\u011flu T\u00fckanov Daxili i\u015fl\u0259r nazirliyinin Daxili Qo\u015funlar\u0131nda v\u0259 Daxili \u0130\u015fl\u0259r Orqanlar\u0131nda xidm\u0259t etdiyi ill\u0259r \u0259rzind\u0259 \u00f6z ixtisas\u0131 \u00fczr\u0259 bir \u00e7ox pe\u015f\u0259kar zabitl\u0259rin, gizir v\u0259 m\u00fcdd\u0259td\u0259n art\u0131q xidm\u0259t ed\u0259n h\u0259rbi qulluq\u00e7ular\u0131n, Ki\u00e7ik r\u0259is hey\u0259tinin yeti\u015fm\u0259sind\u0259 x\u00fcsusi \u0259m\u0259yi olmu\u015fdur. O, t\u0259qa\u00fcd\u0259 \u00e7\u0131xd\u0131qdan sonrada \u015f\u0259xsi hey\u0259tin h\u0259rbi v\u0259t\u0259np\u0259rv\u0259rlik t\u0259rbiy\u0259sind\u0259 v\u0259 pe\u015f\u0259karl\u0131\u011f\u0131n\u0131n art\u0131r\u0131lmas\u0131nda \u00f6z bilik v\u0259 ba\u00e7ar\u0131\u011fn\u0131 onlardan \u0259sirg\u0259mir. Ba\u015f idar\u0259, h\u0259rbi hiss\u0259l\u0259r v\u0259 d\u00f6y\u00fc\u015f\u0259n b\u00f6lm\u0259l\u0259r aras\u0131nda, M\u00fcst\u0259qil, k\u0259silm\u0259z komp\u00fcter \u015f\u0259b\u0259k\u0259sinin yarad\u0131lmas\u0131nda, DQB\u0130- d\u0259 h\u0259rbi hiss\u0259l\u0259rind\u0259 A\u0130S X\u0131dm\u0259t\u0131nin t\u0259\u015fkilind\u0259 aid Normativ \u2013 h\u00fcquqi s\u0259n\u0259dl\u0259rin haz\u0131rlanmas\u0131nda DQB\u0130 il\u0259, h\u0259rb\u0131 hiss\u0259l\u0259r aras\u0131nda \u0259n s\u00fcr\u0259tli m\u0259lumat m\u00fcbadil\u0259sinin yarad\u0131lmas\u0131nda v\u0259 h\u0259yata ke\u00e7irilm\u0259sind\u0259, DQB\u0130-d\u0259 v\u0259 h\u0259rbi hiss\u0259l\u0259rind\u0259 A\u0130S X\u0131dm\u0259t\u0131nin t\u0259\u015fkili , Daxili Qo\u015funlar\u0131n Bas \u0130dar\u0259sinin \u015f\u00f6b\u0259 v\u0259 xidm\u0259tl\u0259rinin, elec\u0259d\u0259 Daxili Qo\u015funlar\u0131n h\u0259rbi hiss\u0259l\u0259rinin m\u00fcvafiq avadanl\u0131qlarla t\u0259chiz olunmas\u0131nda, A\u0130S xidm\u0259t \u00fczr\u0259 m\u00fct\u0259x\u0259ssis h\u0259rbi qulluq\u00e7ular\u0131n se\u00e7ilm\u0259sind\u0259 kompl\u0259kl\u015fdirm\u0259sind\u0259, onlarla ixtisas haz\u0131rl\u0131\u011f\u0131 \u00fczr\u0259 m\u0259\u015f\u011f\u0259l\u0259l\u0259rin, seminar v\u0259 konfranslar\u0131n ke\u00e7irilm\u0259sind\u0259 polkovnik  Mehrab T\u00fckanovun b\u00f6y\u00fck rolu v\u0259 xidm\u0259tl\u0259ri olub.<\/p>\n\n\n\n<figure class=\"wp-block-gallery columns-3 is-cropped wp-block-gallery-2 is-layout-flex wp-block-gallery-is-layout-flex\"><ul class=\"blocks-gallery-grid\"><li class=\"blocks-gallery-item\"><figure><img loading=\"lazy\" decoding=\"async\" width=\"884\" height=\"1024\" src=\"https:\/\/fedai.az\/wp-content\/uploads\/2022\/03\/20220314_233321-884x1024.jpg\" alt=\"\" data-id=\"64897\" data-link=\"https:\/\/fedai.az\/?attachment_id=64897\" class=\"wp-image-64897\" srcset=\"https:\/\/fedai.az\/wp-content\/uploads\/2022\/03\/20220314_233321-884x1024.jpg 884w, https:\/\/fedai.az\/wp-content\/uploads\/2022\/03\/20220314_233321-259x300.jpg 259w, https:\/\/fedai.az\/wp-content\/uploads\/2022\/03\/20220314_233321-129x150.jpg 129w, https:\/\/fedai.az\/wp-content\/uploads\/2022\/03\/20220314_233321-768x890.jpg 768w, https:\/\/fedai.az\/wp-content\/uploads\/2022\/03\/20220314_233321.jpg 901w\" sizes=\"auto, (max-width: 884px) 100vw, 884px\" \/><\/figure><\/li><li class=\"blocks-gallery-item\"><figure><img loading=\"lazy\" decoding=\"async\" width=\"741\" height=\"1024\" src=\"https:\/\/fedai.az\/wp-content\/uploads\/2022\/03\/20220314_215649-741x1024.jpg\" alt=\"\" data-id=\"64898\" data-link=\"https:\/\/fedai.az\/?attachment_id=64898\" class=\"wp-image-64898\" srcset=\"https:\/\/fedai.az\/wp-content\/uploads\/2022\/03\/20220314_215649-741x1024.jpg 741w, https:\/\/fedai.az\/wp-content\/uploads\/2022\/03\/20220314_215649-217x300.jpg 217w, https:\/\/fedai.az\/wp-content\/uploads\/2022\/03\/20220314_215649-109x150.jpg 109w, https:\/\/fedai.az\/wp-content\/uploads\/2022\/03\/20220314_215649-768x1061.jpg 768w, https:\/\/fedai.az\/wp-content\/uploads\/2022\/03\/20220314_215649.jpg 923w\" sizes=\"auto, (max-width: 741px) 100vw, 741px\" \/><\/figure><\/li><li class=\"blocks-gallery-item\"><figure><img decoding=\"async\" src=\"https:\/\/fedai.az\/wp-content\/uploads\/2022\/03\/20220314_215739.jpg\" alt=\"\" data-id=\"64899\" data-full-url=\"https:\/\/fedai.az\/wp-content\/uploads\/2022\/03\/20220314_215739.jpg\" data-link=\"https:\/\/fedai.az\/?attachment_id=64899\" class=\"wp-image-64899\"\/><\/figure><\/li><\/ul><\/figure>\n\n\n\n<p><br>Tukanov Mehrab Nov\u015fad o\u011flu M\u00fcharib\u0259 Veteran\u0131 kimi Daxili \u0130\u015fl\u0259r Orqanlar\u0131n v\u0259 Daxili Qosunlar\u0131n ictimai h\u0259yat\u0131nda yax\u0131ndan i\u015ftirak edir, z\u0259ngin h\u0259yat t\u0259c\u00fcrb\u0259sini g\u0259ncl\u0259r\u0259 b\u00f6l\u00fc\u015f\u00fcr, onun bel\u0259 \u0259zimkar f\u0259aliyy\u0259tinin v\u0259t\u0259np\u0259rv\u0259rliyin, d\u00f6vl\u0259t\u0259cliy\u0259 f\u0259al\u0131yy\u0259t\u0131n\u0131n baris n\u00fcmn\u0259sidir.<\/p>\n\n\n\n<p><br>Polkovnik T\u00fckanov Mehrab Nov\u015fad o\u011flu \u00e7ox d\u0259y\u0259rli bir insand\u0131r.Bu g\u00fcnki g\u00fcnd\u0259 Mehrab T\u00fckanov c\u0259miyy\u0259tin \u0259n qabaqc\u0131l sayl\u0131b- secil\u0259n insanlardan biridir.O, Daxili \u0130\u015fl\u0259r Nazirliyinin \u0130dar\u0259 v\u0259 Ba\u015f \u0130dar\u0259lirind\u0259 y\u00fcks\u0259k v\u0259zif\u0259l\u0259r\u0259 \u00f6z g\u00fcc\u00fc, bacar\u0131\u011f\u0131, t\u0259cr\u00fcb\u0259si, cal\u0131\u015fqanl\u0131\u011f\u0131 v\u0259 t\u0259\u015fkilat\u00e7l\u0131\u011f\u0131 , s\u0259viyy\u0259sind\u0259 ucalm\u0131\u015fd\u0131r.<\/p>\n\n\n\n<figure class=\"wp-block-gallery columns-2 is-cropped wp-block-gallery-3 is-layout-flex wp-block-gallery-is-layout-flex\"><ul class=\"blocks-gallery-grid\"><li class=\"blocks-gallery-item\"><figure><img loading=\"lazy\" decoding=\"async\" width=\"1025\" height=\"824\" src=\"https:\/\/fedai.az\/wp-content\/uploads\/2022\/03\/20220314_215453.jpg\" alt=\"\" data-id=\"64902\" data-link=\"https:\/\/fedai.az\/?attachment_id=64902\" class=\"wp-image-64902\" srcset=\"https:\/\/fedai.az\/wp-content\/uploads\/2022\/03\/20220314_215453.jpg 1025w, https:\/\/fedai.az\/wp-content\/uploads\/2022\/03\/20220314_215453-300x241.jpg 300w, https:\/\/fedai.az\/wp-content\/uploads\/2022\/03\/20220314_215453-150x121.jpg 150w, https:\/\/fedai.az\/wp-content\/uploads\/2022\/03\/20220314_215453-768x617.jpg 768w\" sizes=\"auto, (max-width: 1025px) 100vw, 1025px\" \/><\/figure><\/li><li class=\"blocks-gallery-item\"><figure><img loading=\"lazy\" decoding=\"async\" width=\"972\" height=\"872\" src=\"https:\/\/fedai.az\/wp-content\/uploads\/2022\/03\/20220314_215626.jpg\" alt=\"\" data-id=\"64903\" data-full-url=\"https:\/\/fedai.az\/wp-content\/uploads\/2022\/03\/20220314_215626.jpg\" data-link=\"https:\/\/fedai.az\/?attachment_id=64903\" class=\"wp-image-64903\" srcset=\"https:\/\/fedai.az\/wp-content\/uploads\/2022\/03\/20220314_215626.jpg 972w, https:\/\/fedai.az\/wp-content\/uploads\/2022\/03\/20220314_215626-300x269.jpg 300w, https:\/\/fedai.az\/wp-content\/uploads\/2022\/03\/20220314_215626-150x135.jpg 150w, https:\/\/fedai.az\/wp-content\/uploads\/2022\/03\/20220314_215626-768x689.jpg 768w\" sizes=\"auto, (max-width: 972px) 100vw, 972px\" \/><\/figure><\/li><\/ul><\/figure>\n\n\n\n<p><br>Polkovnik Mehrab T\u00fckanovu tanyanlar onun n\u0259 d\u0259r\u0259c\u0259d\u0259 t\u0259l\u0259bkar, i\u015fg\u00fczar oldu\u011funu \u00e7ox yax\u015f\u0131 bilirl\u0259r.<\/p>\n\n\n\n<p><br>Mehrab\u0131n qiym\u0259tli c\u0259h\u0259tl\u0259rind\u0259n biri d\u0259 onun sad\u0259 t\u0259vaz\u00f6kar qeyr\u0259tli, v\u0259t\u0259np\u0259rv\u0259r olmas\u0131d\u0131r. B\u00f6y\u00fckl\u0259- b\u00f6y\u00fck, ki\u00e7ikl\u0259- ki\u00e7ik olan, s\u00f6zu il\u0259 \u0259m\u0259li d\u00fcz g\u0259l\u0259n bir g\u00f6z\u0259l insan do\u011fma Az\u0259rbaycan\u0131m\u0131z\u0131n bu g\u00fcn\u00fc il\u0259 daimi d\u00fc\u015f\u00fcn\u00fcr.O, \u00f6lk\u0259mizi daimi q\u00fcdr\u0259tli, g\u00fccl\u00fc v\u0259 firavan g\u00f6rm\u0259k ist\u0259yir. Burdaca onun divizi olan k\u0259lam\u0131n\u0131 qeyd etm\u0259k m\u0259sl\u0259h\u0259tdir: \u201cM\u0259niml\u0259 d\u00fcz dan\u0131\u015f, d\u00fcz otur, d\u00fcz dolan v\u0259 d\u00fcz davran\u201c.<\/p>\n\n\n\n<p>Polkovnik Mehrab T\u00fckanov h\u0259r zaman qar\u015f\u0131s\u0131na qoydu\u011fu m\u0259qs\u0259d v\u0259 amal u\u011frunda yorulmadan m\u00fcbariz\u0259l\u0259rd\u0259 daim q\u0259l\u0259b\u0259 qazanm\u0131\u015fd\u0131r. Bu insan \u00fc\u00e7\u00fcn \u0259n meyar ba\u015fl\u0131ca amal q\u00fcrurunu saxlamaqdan ibar\u0259t olub. O, harda i\u015fl\u0259m\u0259sin\u0259 baxmayaraq \u00f6z xidm\u0259ti v\u0259zif\u0259l\u0259rini layiqinc\u0259 yerin\u0259 yetirmi\u015f, qanun t\u0259lbl\u0259rinin \u0259dal\u0259tl\u0259 t\u0259tbiq edilm\u0259sind\u0259 h\u0259mi\u015f\u0259 pirinspial m\u00f6vqe tutm\u00fc\u015fdur. Buna g\u00f6r\u0259 d\u0259 he\u00e7 k\u0259sin qar\u015f\u0131s\u0131nda g\u00f6z\u00fc-k\u00f6lg\u0259li v\u0259 borclu qalmam\u0131\u015fd\u0131r.B\u00fct\u00fcn bunlara g\u00f6r\u0259dir ki, polkovnik T\u00fckanov Mehrab Nov\u015fad o\u011flu, h\u0259mi\u015f\u0259 l\u0259yaq\u0259tinin, \u015f\u0259r\u0259finin, \u015f\u0259xsiyy\u0259tinin i\u015fg\u00fczar f\u0259aliyy\u0259tinin toxunmazl\u0131\u011fn\u0131 g\u00f6zl\u0259mi\u015f, n\u00fcfuzunu qorumu\u015f, v\u00fcqar\u0131n\u0131 daima y\u00fcks\u0259k saxlayaraq, al\u0131n\u0131 ac\u0131q v\u0259 ba\u015f\u0131 uca g\u0259zmi\u015fdir.<\/p>\n\n\n\n<p>Xalqa, el\u0259- obaya,d\u00f6vl\u0259t\u0259 xidm\u0259ti \u00f6z\u00fcnd\u0259 etdikl\u0259rini sin\u0259si il\u0259 el \u2013 oba qay\u011f\u0131l\u0131, V\u0259t\u0259n q\u00fcdr\u0259tli \u00f6z f\u0259aliyy\u0259tini g\u00f6st\u0259rmi\u015fdir.O, Daxili Qo\u015funlarda xidm\u0259t etdiyi ill\u0259r \u0259rzind\u0259 \u00f6z\u00fcn\u00fc qorxmaz, saxav\u0259tli, insap\u0259rv\u0259r, \u0259lia\u00e7\u0131q, z\u0259hm\u0259tke\u015f zabit kimi g\u00f6st\u0259rmi\u015fdir. O, ist\u0259r anadan oldu\u011fu v\u0259 ya\u015fad\u0131\u011f\u0131 \u0259razid\u0259, oxudu\u011fu orta v\u0259 ali t\u0259hsil m\u00fc\u0259s\u0259l\u0259rind\u0259, ist\u0259rs\u0259d\u0259 xidm\u0259t etdiyi v\u0259 i\u015fl\u0259diyi kolektivl\u0259rd\u0259, dost<br>-tan\u0131\u015f ,qohum-\u0259qr\u0259ba aras\u0131nda \u00f6z\u00fcn\u0259 layiq h\u00f6rm\u0259t qazanm\u0131\u015fd\u0131r.Az\u0259rbaycan Respublikas\u0131nda ictimai qaydan\u0131n v\u0259 ictimai t\u0259hl\u00fck\u0259sizliyin qorunmasnda, \u015f\u0259h\u0259rd\u0259 v\u0259 ya\u015fay\u0131\u015f m\u0259nt\u0259q\u0259l\u0259rind\u0259 ba\u015f vermi\u015f ixt\u015fa\u015flar\u0131n qar\u015f\u0131s\u0131n\u0131n al\u0131nmas\u0131nda, M\u00fct\u0259\u015f\u0259kkil cinay\u0259tkarl\u0131\u011fa qar\u015f\u0131 m\u00fcbariz\u0259d\u0259, qanunsuz silahl\u0131 d\u0259st\u0259l\u0259rin axtar\u0131\u015f\u0131nda v\u0259 z\u0259r\u0259rsizl\u0259\u015fdirilm\u0259sind\u0259, F\u00f6vqal\u0259d\u0259 v\u0259ziy\u0259t zaman\u0131 h\u00fcquqi rejimin t\u0259min edilm\u0259sind\u0259, ba\u015f vermi\u015f t\u0259bbi f\u0259lak\u0259tl\u0259rin n\u0259tic\u0259l\u0259rinin aradan qald\u0131r\u0131lmas\u0131nda, d\u00f6vl\u0259tin \u0259razi b\u00fct\u00f6vl\u00fcy\u00fcn\u00fcn t\u0259min edilm\u0259sind\u0259 \u00fcz\u0259rin\u0259 d\u00fcs\u0259n v\u0259zif\u0259 v\u0259 tap\u015f\u0131r\u0131qlar\u0131n \u00f6ht\u0259sind\u0259n layiqinc\u0259 g\u0259lmi\u015fdir.<\/p>\n\n\n\n<figure class=\"wp-block-gallery columns-2 is-cropped wp-block-gallery-4 is-layout-flex wp-block-gallery-is-layout-flex\"><ul class=\"blocks-gallery-grid\"><li class=\"blocks-gallery-item\"><figure><img loading=\"lazy\" decoding=\"async\" width=\"1024\" height=\"906\" src=\"https:\/\/fedai.az\/wp-content\/uploads\/2022\/03\/20220314_215606-1024x906.jpg\" alt=\"\" data-id=\"64900\" data-link=\"https:\/\/fedai.az\/?attachment_id=64900\" class=\"wp-image-64900\" srcset=\"https:\/\/fedai.az\/wp-content\/uploads\/2022\/03\/20220314_215606-1024x906.jpg 1024w, https:\/\/fedai.az\/wp-content\/uploads\/2022\/03\/20220314_215606-300x266.jpg 300w, https:\/\/fedai.az\/wp-content\/uploads\/2022\/03\/20220314_215606-150x133.jpg 150w, https:\/\/fedai.az\/wp-content\/uploads\/2022\/03\/20220314_215606-768x680.jpg 768w, https:\/\/fedai.az\/wp-content\/uploads\/2022\/03\/20220314_215606.jpg 1062w\" sizes=\"auto, (max-width: 1024px) 100vw, 1024px\" \/><\/figure><\/li><li class=\"blocks-gallery-item\"><figure><img loading=\"lazy\" decoding=\"async\" width=\"801\" height=\"1024\" src=\"https:\/\/fedai.az\/wp-content\/uploads\/2022\/03\/20220314_215508-801x1024.jpg\" alt=\"\" data-id=\"64901\" data-full-url=\"https:\/\/fedai.az\/wp-content\/uploads\/2022\/03\/20220314_215508.jpg\" data-link=\"https:\/\/fedai.az\/?attachment_id=64901\" class=\"wp-image-64901\" srcset=\"https:\/\/fedai.az\/wp-content\/uploads\/2022\/03\/20220314_215508-801x1024.jpg 801w, https:\/\/fedai.az\/wp-content\/uploads\/2022\/03\/20220314_215508-235x300.jpg 235w, https:\/\/fedai.az\/wp-content\/uploads\/2022\/03\/20220314_215508-117x150.jpg 117w, https:\/\/fedai.az\/wp-content\/uploads\/2022\/03\/20220314_215508-768x981.jpg 768w, https:\/\/fedai.az\/wp-content\/uploads\/2022\/03\/20220314_215508.jpg 1080w\" sizes=\"auto, (max-width: 801px) 100vw, 801px\" \/><\/figure><\/li><\/ul><\/figure>\n\n\n\n<p><br>M\u00fcst\u0259qil Az\u0259rbaycan\u0131n Daxili \u0130\u015fl\u0259r Nazirliyinin Daxili Qo\u015funlar\u0131nda v\u0259 Daxili \u0130\u015fl\u0259r Orqanlar\u0131nda xidm\u0259t etdiyi ill\u0259r \u0259rzind\u0259, Az\u0259rbaycan Respublikas\u0131n\u0131n Konstitusiyas\u0131na v\u0259 qanunlar\u0131na \u0259m\u0259l etm\u0259kd\u0259, h\u0259rbi v\u0259 polis and\u0131n\u0131n , h\u0259rbi nizam\u0259l\u0259rin v\u0259 dig\u0259r h\u00fcquqi- normativ aktlar\u0131n t\u0259l\u0259bl\u0259rin\u0259, el\u0259cd\u0259 v\u0259zif\u0259 borclar\u0131n\u0131n icrasna m\u0259suliyy\u0259tl\u0259 yana\u015fm\u0131\u015f, qar\u015f\u0131ya qoyulmu\u015f xidm\u0259ti tap\u015f\u0131r\u0131qlar\u0131 m\u00fcv\u0259ff\u0259qiyy\u0259tl\u0259 yerin\u0259 yetirilm\u0259si \u00fc\u00e7\u00fcn \u00f6z \u0259m\u0259yini \u0259sirg\u0259m\u0259mi\u015f, \u015f\u0259xsi n\u00fcmun\u0259si il\u0259 bir \u00e7ox h\u0259rbi qulluq\u00e7ular f\u0259dakar h\u0259rbi xidm\u0259t\u0259 ruhland\u0131rm\u0131\u015fd\u0131r.<\/p>\n\n\n\n<p> H\u0259rb\u0131 v\u0259 polis xidm\u0259ti v\u0259zif\u0259l\u0259rinin icras\u0131 zaman\u0131 y\u00fcks\u0259k m\u0259n\u0259vi d\u00f6y\u00fc\u015f keyfiyy\u0259tl\u0259ri g\u00f6st\u0259rdiyin\u0259 g\u00f6r\u0259 d\u00f6y\u00fc\u015f v\u0259 ictimai s\u0131yas\u0131 haz\u0131rl\u0131\u011f\u0131nda, h\u0259rbi v\u0259 polis \u0131ntizam\u0131n m\u00f6hk\u0259ml\u0259ndirilm\u0259sind\u0259 y\u00fcks\u0259k g\u00f6st\u0259ricil\u0259r\u0259 nail oldu\u011funa v\u0259 n\u00fcmun\u0259vi xidm\u0259tin\u0259 g\u00f6r\u0259 Daxili \u0130\u015fl\u0259r Nazirinin, Daxili Qo\u015funlar Komandan\u0131n v\u0259 onlar\u0131n m\u00fcavinl\u0259rinin, idar\u0259 r\u0259isl\u0259rinin m\u00fcvafiq \u0259mrl\u0259ri il\u0259 medalarla, \u0259la xidm\u0259tl\u0259r\u0259 g\u00f6r\u0259 d\u00f6\u015f v\u0259 yubley nisanlar\u0131 il\u0259, pul m\u00fckafatlar\u0131 il\u0259, f\u0259xri f\u0259rmanlarla v\u0259 qiym\u0259tli h\u0259diy\u0259l\u0259rl\u0259 m\u00fckafatland\u0131rl\u0131b v\u0259 ona t\u0259\u015f\u0259kk\u00fcr elan edilib.<\/p>\n\n\n\n<p><br><strong>ALLAH H\u018fR ZAMAN Q\u018fLB\u0130N\u0130 SIXINTIDAN, B\u018fDB\u0130NL\u0130KD\u018fN QORUSUN!<br>B\u00dcT\u00dcN ARZULARIN C\u0130N OLSUN!<br>H\u018fM\u0130\u015e\u018f \u00dcZ\u00dcN G\u00dcLS\u00dcN, \u00dcR\u018fY\u0130N SEV\u0130NS\u0130N!<br>DO\u011eUM G\u00dcN\u00dcN M\u00dcBAR\u018fK OLSUN. MEHRAB!<br>DA\u0130MA XO\u015eB\u018fXT YA\u015eA, \u00d6MR\u00dcN UZUN OLSUN!<\/strong><\/p>\n\n\n\n<p><br><strong>D\u0259rin h\u00f6rm\u0259tl\u0259, Az\u0259rbaycan V\u0259t\u0259n M\u00fcharib\u0259si Veteranlar\u0131 \u0130ctimai Birliyinin s\u0259dr m\u00fcavini polkovnik Salman Musayev<\/strong><\/p>\n\n\n\n<figure class=\"wp-block-gallery columns-2 is-cropped wp-block-gallery-5 is-layout-flex wp-block-gallery-is-layout-flex\"><ul class=\"blocks-gallery-grid\"><li class=\"blocks-gallery-item\"><figure><img loading=\"lazy\" decoding=\"async\" width=\"600\" height=\"600\" src=\"https:\/\/fedai.az\/wp-content\/uploads\/2022\/03\/8265a327389da9fe4fdc2714b309120e-6-1-1.jpg\" alt=\"\" data-id=\"64885\" data-link=\"https:\/\/fedai.az\/?attachment_id=64885\" class=\"wp-image-64885\" srcset=\"https:\/\/fedai.az\/wp-content\/uploads\/2022\/03\/8265a327389da9fe4fdc2714b309120e-6-1-1.jpg 600w, https:\/\/fedai.az\/wp-content\/uploads\/2022\/03\/8265a327389da9fe4fdc2714b309120e-6-1-1-300x300.jpg 300w, https:\/\/fedai.az\/wp-content\/uploads\/2022\/03\/8265a327389da9fe4fdc2714b309120e-6-1-1-150x150.jpg 150w, https:\/\/fedai.az\/wp-content\/uploads\/2022\/03\/8265a327389da9fe4fdc2714b309120e-6-1-1-215x215.jpg 215w\" sizes=\"auto, (max-width: 600px) 100vw, 600px\" \/><\/figure><\/li><li class=\"blocks-gallery-item\"><figure><img loading=\"lazy\" decoding=\"async\" width=\"850\" height=\"1024\" src=\"https:\/\/fedai.az\/wp-content\/uploads\/2022\/03\/20220314_215343-2-850x1024.jpg\" alt=\"\" data-id=\"64905\" data-full-url=\"https:\/\/fedai.az\/wp-content\/uploads\/2022\/03\/20220314_215343-2.jpg\" data-link=\"https:\/\/fedai.az\/?attachment_id=64905\" class=\"wp-image-64905\" srcset=\"https:\/\/fedai.az\/wp-content\/uploads\/2022\/03\/20220314_215343-2-850x1024.jpg 850w, https:\/\/fedai.az\/wp-content\/uploads\/2022\/03\/20220314_215343-2-249x300.jpg 249w, https:\/\/fedai.az\/wp-content\/uploads\/2022\/03\/20220314_215343-2-125x150.jpg 125w, https:\/\/fedai.az\/wp-content\/uploads\/2022\/03\/20220314_215343-2-768x925.jpg 768w, https:\/\/fedai.az\/wp-content\/uploads\/2022\/03\/20220314_215343-2.jpg 1080w\" sizes=\"auto, (max-width: 850px) 100vw, 850px\" \/><\/figure><\/li><\/ul><\/figure>\n","protected":false},"excerpt":{"rendered":"<p>\u0130nsan \u00fc\u00e7\u00fcn \u0259n yaddaqalan g\u00fcnl\u0259rd\u0259n ba\u015flacas\u0131 onun h\u0259yata g\u0259ldiyi g\u00fcnd\u00fcr. \u00d6m\u00fcr\u0259 b\u0259z\u0259k olan ad g\u00fcn\u00fc h\u0259r il x\u00fcsusi il\u0259 qeyd olunur. Bel\u0259 bir insanlardan<\/p>\n","protected":false},"author":2,"featured_media":64906,"comment_status":"closed","ping_status":"closed","sticky":false,"template":"","format":"standard","meta":{"footnotes":""},"categories":[5],"tags":[],"class_list":["post-64891","post","type-post","status-publish","format-standard","has-post-thumbnail","hentry","category-veteran"],"aioseo_notices":[],"_links":{"self":[{"href":"https:\/\/fedai.az\/index.php?rest_route=\/wp\/v2\/posts\/64891","targetHints":{"allow":["GET"]}}],"collection":[{"href":"https:\/\/fedai.az\/index.php?rest_route=\/wp\/v2\/posts"}],"about":[{"href":"https:\/\/fedai.az\/index.php?rest_route=\/wp\/v2\/types\/post"}],"author":[{"embeddable":true,"href":"https:\/\/fedai.az\/index.php?rest_route=\/wp\/v2\/users\/2"}],"replies":[{"embeddable":true,"href":"https:\/\/fedai.az\/index.php?rest_route=%2Fwp%2Fv2%2Fcomments&post=64891"}],"version-history":[{"count":1,"href":"https:\/\/fedai.az\/index.php?rest_route=\/wp\/v2\/posts\/64891\/revisions"}],"predecessor-version":[{"id":64907,"href":"https:\/\/fedai.az\/index.php?rest_route=\/wp\/v2\/posts\/64891\/revisions\/64907"}],"wp:featuredmedia":[{"embeddable":true,"href":"https:\/\/fedai.az\/index.php?rest_route=\/wp\/v2\/media\/64906"}],"wp:attachment":[{"href":"https:\/\/fedai.az\/index.php?rest_route=%2Fwp%2Fv2%2Fmedia&parent=64891"}],"wp:term":[{"taxonomy":"category","embeddable":true,"href":"https:\/\/fedai.az\/index.php?rest_route=%2Fwp%2Fv2%2Fcategories&post=64891"},{"taxonomy":"post_tag","embeddable":true,"href":"https:\/\/fedai.az\/index.php?rest_route=%2Fwp%2Fv2%2Ftags&post=64891"}],"curies":[{"name":"wp","href":"https:\/\/api.w.org\/{rel}","templated":true}]}}