{"id":64908,"date":"2022-03-15T03:03:18","date_gmt":"2022-03-14T23:03:18","guid":{"rendered":"https:\/\/fedai.az\/?p=64908"},"modified":"2022-03-15T04:12:25","modified_gmt":"2022-03-15T00:12:25","slug":"zelenski-xalqa-muraci%c9%99t-edib","status":"publish","type":"post","link":"https:\/\/fedai.az\/?p=64908","title":{"rendered":"Zelenski xalqa m\u00fcraci\u0259t edib"},"content":{"rendered":"\n<p><strong>Ukrayna Prezidenti Vladimir Zelenski Rusiya i\u015f\u011fal\u0131n\u0131n 19-cu g\u00fcn\u00fcnd\u0259 xalqa m\u00fcraci\u0259t ed\u0259r\u0259k, K\u00f6n\u00fcll\u00fcl\u0259r G\u00fcn\u00fc m\u00fcnasib\u0259til\u0259 t\u0259brik edib.&nbsp;<\/strong><\/p>\n\n\n\n<p>Ukrayna lideri videom\u00fcraci\u0259tind\u0259 xalq\u0131na k\u00f6m\u0259k ed\u0259n h\u0259r k\u0259s\u0259 t\u0259\u015f\u0259kk\u00fcr\u00fcn\u00fc bildirib.&nbsp;<ins><\/ins><\/p>\n\n\n\n<p>\u201c\u018fsg\u0259rl\u0259rimizin g\u00fcc\u00fc q\u0259l\u0259b\u0259mizd\u0259n x\u0259b\u0259r verir. Ukrayna bizim \u00fc\u00e7\u00fcn milyonlarla xo\u015fb\u0259xt insan dem\u0259kdir. Ona g\u00f6r\u0259 d\u0259 milyonlarla insan \u00f6z \u00f6lk\u0259l\u0259rini qoruyur v\u0259 biz ham\u0131m\u0131z k\u00f6n\u00fcll\u00fcy\u00fck. Ukraynaya s\u0259hiyy\u0259 avadanl\u0131qlar\u0131 il\u0259 k\u00f6m\u0259k ed\u0259n, insanlar\u0131n \u0259sas ehtiyaclar\u0131n\u0131 d\u0259st\u0259kl\u0259y\u0259n, i\u015fl\u0259rini davam etdir\u0259n v\u0259 k\u00f6m\u0259k ed\u0259n h\u0259r k\u0259s\u0259 minn\u0259tdaram&#187;.<\/p>\n\n\n\n<p>Rusiya i\u015f\u011fal\u0131na qar\u015f\u0131 m\u00fcqavim\u0259tin 19-cu g\u00fcn\u00fcnd\u0259 olduqlar\u0131n\u0131 bildir\u0259n Zelenski:<\/p>\n\n\n\n<p>&#171;M\u00fcdafi\u0259mizin 19-cu g\u00fcn\u00fcnd\u0259 q\u0259hr\u0259mancas\u0131na m\u00fcqavim\u0259t g\u00f6st\u0259ririk. D\u00fc\u015fm\u0259n\u0259 el\u0259 itkil\u0259r veririk ki, bilmirl\u0259r haradan k\u00f6m\u0259k als\u0131nlar. Amma bizim dinc\u0259lm\u0259y\u0259 haqq\u0131m\u0131z yoxdur&#187;,&nbsp; &#8212; dey\u0259 \u00e7\u0131x\u0131\u015f\u0131nda ifad\u0259 edib.<\/p>\n","protected":false},"excerpt":{"rendered":"<p>Ukrayna Prezidenti Vladimir Zelenski Rusiya i\u015f\u011fal\u0131n\u0131n 19-cu g\u00fcn\u00fcnd\u0259 xalqa m\u00fcraci\u0259t ed\u0259r\u0259k, K\u00f6n\u00fcll\u00fcl\u0259r G\u00fcn\u00fc m\u00fcnasib\u0259til\u0259 t\u0259brik edib.&nbsp; Ukrayna lideri videom\u00fcraci\u0259tind\u0259 xalq\u0131na k\u00f6m\u0259k ed\u0259n h\u0259r k\u0259s\u0259<\/p>\n","protected":false},"author":2,"featured_media":64925,"comment_status":"closed","ping_status":"closed","sticky":false,"template":"","format":"standard","meta":{"footnotes":""},"categories":[1],"tags":[],"class_list":["post-64908","post","type-post","status-publish","format-standard","has-post-thumbnail","hentry","category-siyast"],"aioseo_notices":[],"_links":{"self":[{"href":"https:\/\/fedai.az\/index.php?rest_route=\/wp\/v2\/posts\/64908","targetHints":{"allow":["GET"]}}],"collection":[{"href":"https:\/\/fedai.az\/index.php?rest_route=\/wp\/v2\/posts"}],"about":[{"href":"https:\/\/fedai.az\/index.php?rest_route=\/wp\/v2\/types\/post"}],"author":[{"embeddable":true,"href":"https:\/\/fedai.az\/index.php?rest_route=\/wp\/v2\/users\/2"}],"replies":[{"embeddable":true,"href":"https:\/\/fedai.az\/index.php?rest_route=%2Fwp%2Fv2%2Fcomments&post=64908"}],"version-history":[{"count":1,"href":"https:\/\/fedai.az\/index.php?rest_route=\/wp\/v2\/posts\/64908\/revisions"}],"predecessor-version":[{"id":64910,"href":"https:\/\/fedai.az\/index.php?rest_route=\/wp\/v2\/posts\/64908\/revisions\/64910"}],"wp:featuredmedia":[{"embeddable":true,"href":"https:\/\/fedai.az\/index.php?rest_route=\/wp\/v2\/media\/64925"}],"wp:attachment":[{"href":"https:\/\/fedai.az\/index.php?rest_route=%2Fwp%2Fv2%2Fmedia&parent=64908"}],"wp:term":[{"taxonomy":"category","embeddable":true,"href":"https:\/\/fedai.az\/index.php?rest_route=%2Fwp%2Fv2%2Fcategories&post=64908"},{"taxonomy":"post_tag","embeddable":true,"href":"https:\/\/fedai.az\/index.php?rest_route=%2Fwp%2Fv2%2Ftags&post=64908"}],"curies":[{"name":"wp","href":"https:\/\/api.w.org\/{rel}","templated":true}]}}