{"id":64919,"date":"2022-03-15T03:42:43","date_gmt":"2022-03-14T23:42:43","guid":{"rendered":"https:\/\/fedai.az\/?p=64919"},"modified":"2022-03-15T13:02:40","modified_gmt":"2022-03-15T09:02:40","slug":"mariupol-merinin-musaviri-deyir-ki-s%c9%99h%c9%99rd%c9%99-20-min-dinc-sakin-h%c9%99lak-olub","status":"publish","type":"post","link":"https:\/\/fedai.az\/?p=64919","title":{"rendered":"Mariupol merinin m\u00fc\u015faviri deyir ki, \u015f\u0259h\u0259rd\u0259 20 min dinc sakin h\u0259lak olub"},"content":{"rendered":"\n<p><strong>Mariupol merinin m\u00fc\u015faviri Petr Andryu\u015fenko bildirib ki, \u015f\u0259h\u0259rd\u0259 \u00fcmumi v\u0259ziyy\u0259t f\u0259lak\u0259tlidir, onun s\u00f6zl\u0259rin\u0259 g\u00f6r\u0259, Rusiyan\u0131n i\u015f\u011fal qurbanlar\u0131n\u0131n say\u0131 20 min\u0259 yax\u0131nla\u015f\u0131r.<\/strong><\/p>\n\n\n\n<p>Andryu\u015fenko bunu &#171;Cari vaxt&#187; (&#171;\u041d\u0430\u0441\u0442\u043e\u044f\u0449\u0435\u0435 \u0432\u0440\u0435\u043c\u044f&#187;) efirind\u0259 deyib.<\/p>\n\n\n\n<p>O, deyib: \u201cBizim \u00f6l\u0259n m\u00fclki \u015f\u0259xsl\u0259rl\u0259 ba\u011fl\u0131 h\u0259qiq\u0259t\u0259 uy\u011fun olmayan m\u0259lumatlar var, \u00e7\u00fcnki onlar polisd\u0259n q\u0259bul edilir, tibb m\u00fc\u0259ssis\u0259l\u0259ri il\u0259 raz\u0131la\u015fd\u0131r\u0131l\u0131r. Bu, bizim bildiyimiz az sayda insan dem\u0259kdir. D\u00fcn\u0259n bu r\u0259q\u0259m, 1800 insan\u0131 ifad\u0259 edirdi.<\/p>\n\n\n\n<p>D\u00f6rd g\u00fcn \u0259vv\u0259l biz &#171;nikbin&#187; senarid\u0259n dan\u0131\u015f\u0131rd\u0131q &#8212; indi t\u0259xmin\u0259n 10 min qurban\u0131m\u0131z var. Amma artan intensivlikl\u0259 v\u0259 d\u0259f\u0259l\u0259rl\u0259 artan q\u0259ddarl\u0131qla ba\u011fl\u0131 onu dey\u0259 bil\u0259rik ki, blokada indi bits\u0259 v\u0259 he\u00e7 olmasa bu insanlar\u0131n axtar\u0131\u015f\u0131na ba\u015flaya bils\u0259k, indiy\u0259 q\u0259d\u0259r qurbanlar\u0131n say\u0131 20 min\u0259 yax\u0131n olacaq.<\/p>\n\n\n\n<p>Ancaq yax\u0131n g\u00fcnl\u0259rd\u0259 bu ba\u015f verm\u0259s\u0259, bu r\u0259q\u0259m 350 min\u0259 yax\u0131nla\u015facaq &#8212; getm\u0259y\u0259 vaxt\u0131 olmayanlar\u0131n ham\u0131s\u0131 h\u0259lak olacaq.<\/p>\n\n\n\n<p>Kimis\u0259 harada g\u0259ldi- h\u0259y\u0259tl\u0259rd\u0259, k\u00fc\u00e7\u0259l\u0259rd\u0259 basd\u0131r\u0131rlar. At\u0131\u015fmalar\u0131n intensivliyi s\u0259b\u0259bind\u0259n insanlar h\u0259tta yax\u0131nlar\u0131n\u0131 d\u0259fn etm\u0259k \u00fc\u00e7\u00fcn \u00e7\u00f6l\u0259 \u00e7\u0131xa bilmirl\u0259r. B\u0259l\u0259diyy\u0259 xidm\u0259tl\u0259ri i\u015fl\u0259mir, q\u0259biristanl\u0131q Rusiya ordusunun n\u0259zar\u0259tind\u0259 olan \u0259razid\u0259dir. \u00d6l\u00fcm h\u0259r yerd\u0259dir, onu g\u00f6r\u00fcrs\u0259n\u201d.<\/p>\n\n\n\n<p>Onun s\u00f6zl\u0259rin\u0259 g\u00f6r\u0259, \u0259vv\u0259ll\u0259r raz\u0131la\u015fd\u0131r\u0131lm\u0131\u015f mar\u015frut \u00fczr\u0259 \u015f\u0259xsi avtomobill\u0259ri il\u0259 \u015f\u0259h\u0259rd\u0259n \u00e7\u0131xan insanlar Rusiya ordusundan he\u00e7 bir z\u0259man\u0259t olmad\u0131\u011f\u0131 \u00fc\u00e7\u00fcn \u00f6z h\u0259yatlar\u0131n\u0131 t\u0259hl\u00fck\u0259 v\u0259 riskl\u0259r\u0259 ataraq yola d\u00fc\u015f\u00fcrl\u0259r.<\/p>\n\n\n\n<p>M\u0259nb\u0259: Ukrainskaya pravda<\/p>\n","protected":false},"excerpt":{"rendered":"<p>Mariupol merinin m\u00fc\u015faviri Petr Andryu\u015fenko bildirib ki, \u015f\u0259h\u0259rd\u0259 \u00fcmumi v\u0259ziyy\u0259t f\u0259lak\u0259tlidir, onun s\u00f6zl\u0259rin\u0259 g\u00f6r\u0259, Rusiyan\u0131n i\u015f\u011fal qurbanlar\u0131n\u0131n say\u0131 20 min\u0259 yax\u0131nla\u015f\u0131r. Andryu\u015fenko bunu &#171;Cari<\/p>\n","protected":false},"author":2,"featured_media":64920,"comment_status":"closed","ping_status":"closed","sticky":false,"template":"","format":"standard","meta":{"footnotes":""},"categories":[3],"tags":[],"class_list":["post-64919","post","type-post","status-publish","format-standard","has-post-thumbnail","hentry","category-gundm"],"aioseo_notices":[],"_links":{"self":[{"href":"https:\/\/fedai.az\/index.php?rest_route=\/wp\/v2\/posts\/64919","targetHints":{"allow":["GET"]}}],"collection":[{"href":"https:\/\/fedai.az\/index.php?rest_route=\/wp\/v2\/posts"}],"about":[{"href":"https:\/\/fedai.az\/index.php?rest_route=\/wp\/v2\/types\/post"}],"author":[{"embeddable":true,"href":"https:\/\/fedai.az\/index.php?rest_route=\/wp\/v2\/users\/2"}],"replies":[{"embeddable":true,"href":"https:\/\/fedai.az\/index.php?rest_route=%2Fwp%2Fv2%2Fcomments&post=64919"}],"version-history":[{"count":2,"href":"https:\/\/fedai.az\/index.php?rest_route=\/wp\/v2\/posts\/64919\/revisions"}],"predecessor-version":[{"id":64934,"href":"https:\/\/fedai.az\/index.php?rest_route=\/wp\/v2\/posts\/64919\/revisions\/64934"}],"wp:featuredmedia":[{"embeddable":true,"href":"https:\/\/fedai.az\/index.php?rest_route=\/wp\/v2\/media\/64920"}],"wp:attachment":[{"href":"https:\/\/fedai.az\/index.php?rest_route=%2Fwp%2Fv2%2Fmedia&parent=64919"}],"wp:term":[{"taxonomy":"category","embeddable":true,"href":"https:\/\/fedai.az\/index.php?rest_route=%2Fwp%2Fv2%2Fcategories&post=64919"},{"taxonomy":"post_tag","embeddable":true,"href":"https:\/\/fedai.az\/index.php?rest_route=%2Fwp%2Fv2%2Ftags&post=64919"}],"curies":[{"name":"wp","href":"https:\/\/api.w.org\/{rel}","templated":true}]}}