{"id":64922,"date":"2022-03-15T04:11:46","date_gmt":"2022-03-15T00:11:46","guid":{"rendered":"https:\/\/fedai.az\/?p=64922"},"modified":"2022-03-15T04:11:50","modified_gmt":"2022-03-15T00:11:50","slug":"s%c9%99rin-basi-%c9%99zilm%c9%99lidir","status":"publish","type":"post","link":"https:\/\/fedai.az\/?p=64922","title":{"rendered":"\u015e\u018fR\u0130N BA\u015eI \u018fZ\u0130LM\u018fL\u0130D\u0130R&#8230;"},"content":{"rendered":"\n<div class=\"wp-block-media-text alignwide has-media-on-the-right is-stacked-on-mobile\" style=\"grid-template-columns:auto 44%\"><figure class=\"wp-block-media-text__media\"><img decoding=\"async\" src=\"https:\/\/fedai.az\/wp-content\/uploads\/2022\/03\/133486992_2749818315284462_544483363050988817_n.jpg\" alt=\"\" class=\"wp-image-64082 size-full\"\/><\/figure><div class=\"wp-block-media-text__content\">\n<p class=\"has-large-font-size\"><strong><span class=\"has-inline-color has-vivid-red-color\">ELBAR\u0130Z M\u0259mm\u0259dli<\/span><\/strong><\/p>\n<\/div><\/div>\n\n\n\n<p><strong>Can Ukraynada \u015f\u0259r\u0259fli bir mill\u0259tin soyq\u0131r\u0131m\u0131 ya\u015fan\u0131r. Faci\u0259 bizl\u0259r\u0259 tan\u0131\u015f oldu\u011fundan dey\u0259s\u0259n, \u00e7oxlar\u0131m\u0131z eyn\u0259n q\u0259rblil\u0259r kimi soyuqqanl\u0131 olma\u011fa ba\u015flam\u0131\u015f\u0131q. Bir az rus sevgisi v\u0259 xofu, bir az da \u00e7\u00f6r\u0259k as\u0131l\u0131l\u0131\u011f\u0131 b\u0259zil\u0259rini \u0259m\u0259lli-ba\u015fl\u0131 rus \u0259laman\u0131na \u00e7evirib. Ac\u0131nacaql\u0131s\u0131 bilirsiniz n\u0259dir? Kreml xuntas\u0131n\u0131n t\u0259r\u0259fdarlar\u0131 aras\u0131nda xeyli din-imandan d\u0259m vuranlar da var. B\u0259s, dinimiz h\u0259mi\u015f\u0259 haqq\u0131n yan\u0131nda dayanma\u011f\u0131 t\u00f6vsiyy\u0259 edirs\u0259, q\u0259tliama m\u0259ruz qalan ukraynal\u0131lar\u0131n yan\u0131nda dayanmal\u0131 deyilikmi?<\/strong><\/p>\n\n\n\n<p>Art\u0131q ne\u00e7\u0259 g\u00fcnd\u00fcr ki, Mariopolda v\u0259 Xersonda xalq i\u015f\u011fal\u00e7\u0131 neofa\u015fist ordusu t\u0259r\u0259find\u0259n m\u00fchasir\u0259y\u0259 al\u0131naraq, h\u0259yatdan t\u0259crid edilib. Onlarla g\u00fcnahs\u0131z insan q\u0259tl\u0259 yetirilib.Amma b\u0259d\u0259li n\u0259 olursa olsun, ukraynal\u0131lar d\u00fc\u015fm\u0259n\u0259 boyun \u0259ym\u0259d\u0259n h\u0259r \u015fey\u0259 d\u00f6z\u00fcrl\u0259r. D\u00fc\u015fm\u0259n yard\u0131m\u0131ndan imtina edib, ac\u0131ndan \u00f6lm\u0259y\u0259 \u00fcst\u00fcnl\u00fck verirl\u0259r. Kremlim y\u00fcz minl\u0259ri \u0259hat\u0259 ed\u0259n \u0259\u0131i qanl\u0131 i\u015f\u011fal ordusuna qar\u015f\u0131 milyonlarla v\u0259t\u0259nda\u015f silaha sar\u0131laraq V\u0259t\u0259nin m\u00fcdafi\u0259sin\u0259 qalx\u0131b. D\u00fcn\u0259n sosial \u015f\u0259b\u0259k\u0259l\u0259rd\u0259 \u00fcr\u0259k da\u011flayan bir kadra rast g\u0259ldim. T\u0259xmin\u0259n 3-4 ya\u011fl\u0131 o\u011flan u\u015fa\u011f\u0131n\u0131 a\u011flaya-a\u011flaya k\u00f6ks\u00fcn\u0259 s\u0131x\u0131b k\u00f6\u015fk\u00fcn ax\u0131n\u0131na qo\u015fulan g\u0259nc anaya k\u00f6rp\u0259si \u00fcr\u0259k- dir\u0259k verirdi:<\/p>\n\n\n\n<p>&#8212; &#171;A\u011flama ana, h\u0259r \u015fey yax\u015f\u0131 olacaq.&#187; Bel\u0259 kadrlara q\u0259h\u0259rini bo\u011fub baxmaq olmur. Davan\u0131n m\u0259tinl\u0259\u015fdirdiyi bu mill\u0259tin k\u00f6rp\u0259si d\u0259 ki\u015fil\u0259\u015fib. Bizim d\u0259 yax\u015f\u0131 tan\u0131d\u0131\u011f\u0131m\u0131z d\u00fc\u015fm\u0259n bel\u0259 \u015feyl\u0259ri anlamaz. \u00c7\u00fcnki onlar he\u00e7 bir qap\u0131n\u0131 xo\u015f niyy\u0259tl\u0259 d\u00f6ym\u0259yibl\u0259r. T\u0259rbiy\u0259l\u0259rind\u0259 v\u0259 davran\u0131\u015flar\u0131nda \u0259dal\u0259t\u0259 g\u00fcv\u0259nm\u0259k hissi olmay\u0131b.<\/p>\n\n\n\n<p> \u018fn ba\u015fl\u0131cas\u0131, ayaqlar\u0131 yer tutal\u0131, b\u00fct\u00fcn m\u0259zlum mill\u0259tl\u0259rin haqq\u0131na hakim k\u0259silib, h\u0259yatlar\u0131n\u0131 c\u0259h\u0259nn\u0259m\u0259 d\u00f6nd\u0259ribl\u0259r. \u00d6zl\u0259rin\u0259 aid olmayan tarixi torpaqlarda \u015f\u0259r \u0130mperiyas\u0131 yarad\u0131b, d\u00fcnyan\u0131 qana b\u0259l\u0259yibl\u0259r. Onlar Bat\u0131 insanlar\u0131d\u0131rlar v\u0259 bu q\u00fctbd\u0259 ya\u015fayan \u0259ks\u0259r mill\u0259tl\u0259r onlarla eyni xarakter\u0259 sahibdirl\u0259r. Eyni qani\u00e7\u0259nlik almanda da var, frans\u0131zda da, ingilisd\u0259 d\u0259, ispanda da. Bu yerd\u0259 yad\u0131ma bir hadis\u0259 d\u00fc\u015fd\u00fc. 2013- c\u00fc ild\u0259 bir \u00e7ex \u015firk\u0259tinin d\u0259v\u0259ti il\u0259 Slovakiyaya getmi\u015fdik. D\u0259miryol\u00e7ular\u0131n t\u0259cr\u00fcb\u0259 m\u00fcbadil\u0259si xarakterli olan bu s\u0259f\u0259rd\u0259 d\u0259mir yolu m\u00fc\u0259ssis\u0259l\u0259rind\u0259 \u00fcst\u00fcn texnologiyalar\u0131n t\u0259tbiqi il\u0259 tan\u0131\u015f olurduq. Bir da\u011f silsil\u0259sinin alt\u0131ndan ke\u00e7\u0259n m\u00fcasir d\u0259mir yolu tunelinin sonuna \u00e7atanda, slovak dostumuz Franti\u015fek Murardan da\u011f\u0131n ad\u0131n\u0131 soru\u015fdum.<\/p>\n\n\n\n<p> <strong>-Bu, Karpat da\u011f silsil\u0259sidir- dedi v\u0259 sonra \u0259lav\u0259 etdi- tunelin \u00fcz\u0259rind\u0259ki ucal\u0131q T\u00fcrk zirv\u0259si adlan\u0131r. Sual\u0131m\u0131z\u0131 g\u00f6zl\u0259m\u0259d\u0259n izah\u0131n\u0131 verdi- T\u00fcrkl\u0259r Avropaya y\u00fcr\u00fc\u015f ed\u0259nd\u0259, bu zirv\u0259d\u0259n bax\u0131b, a\u015fa\u011f\u0131dak\u0131 vadid\u0259 insanlar\u0131n \u0259kin\u00e7ilik v\u0259 heyvandal\u0131qla m\u0259\u015f\u011ful oldu\u011funu g\u00f6rd\u00fckd\u0259n sonra he\u00e7 bir z\u0259r\u0259r verm\u0259d\u0259n geri qay\u0131d\u0131blar. Xalq da bu m\u00fcnasib\u0259ti bel\u0259 d\u0259y\u0259rl\u0259ndirib. <\/strong><\/p>\n\n\n\n<p>\u00dcmumiyy\u0259tl\u0259, slovaklar aqressiv xalq deyill\u0259r. Do\u011frudur, Q\u0259rbin oyununa d\u00fc\u015f\u00fcb qondarma &#187; erm\u0259ni soyq\u0131r\u0131m\u0131&#187; yalan\u0131n\u0131 tan\u0131y\u0131blar. Amma Rusiyaya qar\u015f\u0131 isti m\u00fcnasib\u0259td\u0259 olmad\u0131qlar\u0131n\u0131 h\u0259r s\u00f6hb\u0259td\u0259 ortaya at\u0131rd\u0131lar. Onlardan f\u0259rqli olaraq, Avropada ruslar\u0131n k\u00f6p\u0259yi rolunu oynayan serbl\u0259r t\u00fcrkl\u0259ri soyq\u0131r\u0131ma m\u0259ruz qoydular v\u0259 bu g\u00fcn d\u0259 Kreml xuntas\u0131n\u0131 m\u00fcdafi\u0259 edirl\u0259r.<\/p>\n\n\n\n<p>Kreml c\u0259lladlar\u0131 on ill\u0259rl\u0259 qarda\u015f deyib var\u0131n\u0131-yoxunu talad\u0131qlar\u0131 ukraynal\u0131lar\u0131 indi q\u0259tliama m\u0259ruz qoyurlar. \u00c7\u00fcnki bu xalqlar\u0131n he\u00e7 bir k\u00f6k ba\u011fl\u0131l\u0131\u011f\u0131 yoxdur. Bir tank\u0131 iki ara\u011fa satan \u0130van ukraynal\u0131 il\u0259 eyni qandan ola bilm\u0259z. Y\u00fcz minl\u0259ri \u0259hat\u0259 ed\u0259n i\u015f\u011fal\u00e7\u0131 orduya qar\u015f\u0131 bu g\u00fcn milyonlarla ukraynal\u0131 sava\u015fa s\u0259f\u0259rb\u0259r olunaraq, V\u0259t\u0259nini qoruyur. Bunu qar\u0131\u015f\u0131q d\u00f6ll\u0259rin art\u0131\u011f\u0131 olanlar bacarmaz. On yeddi g\u00fcnl\u00fck qanl\u0131 sava\u015f g\u00f6st\u0259rir ki, ruslar\u0131n burdan yaln\u0131z \u00f6l\u00fcs\u00fc \u00e7\u0131xacaq. Sevgisi b\u00f6y\u00fck olan mill\u0259tin nifr\u0259ti d\u0259 b\u00f6y\u00fckd\u00fcr. D\u00fcnyan\u0131 n\u00fcv\u0259 h\u0259d\u0259l\u0259rin\u0259 \u00fcnvan etmi\u015f bu \u015f\u0259r ma\u015f\u0131n\u0131 Ukrayna torpa\u011f\u0131nda \u0259b\u0259di d\u0259fn olunacaq v\u0259 b\u00fct\u00fcn mill\u0259tl\u0259r\u0259 g\u00fcn do\u011facaq.<\/p>\n\n\n\n<p>Biz h\u0259l\u0259 d\u0259 bu \u015f\u0259rin mahiyy\u0259tin\u0259 varmaqda h\u0259r\u0259k\u0259tli deyilik. H\u0259r \u015fey\u0259 unutqanl\u0131qla yana\u015fd\u0131\u011f\u0131m\u0131zdan, y\u00fcz ill\u0259rdi d\u0259rdd\u0259n qurtula bilmirik. Sabah ilan\u0131n yaras\u0131 sa\u011falsa, yen\u0259 d\u0259 h\u0259min cinay\u0259tl\u0259r davam ed\u0259c\u0259k. \u015e\u0259rin ba\u015f\u0131 \u0259zilm\u0259lidir v\u0259 b\u00fct\u00fcn d\u00fcnyan\u0131n h\u0259l\u0259lik meydanda t\u0259k qoydu\u011fu Ukrayna xalq\u0131 arzular\u0131m\u0131z\u0131 reall\u0131\u011fa \u00e7evirir. <\/p>\n\n\n\n<p><strong>\u018fdal\u0259ti olan insanlar Ukrayna \u0259dal\u0259tinin yan\u0131nda olmal\u0131d\u0131r. Qaraba\u011f\u0131n da, Kr\u0131m\u0131n da, geni\u015f T\u00fcrk co\u011frafiyas\u0131n\u0131n da qurtulu\u015fu bu davadan ke\u00e7ir. <span class=\"has-inline-color has-vivid-red-color\">Slava Ukraine!<\/span><\/strong><\/p>\n","protected":false},"excerpt":{"rendered":"<p>ELBAR\u0130Z M\u0259mm\u0259dli Can Ukraynada \u015f\u0259r\u0259fli bir mill\u0259tin soyq\u0131r\u0131m\u0131 ya\u015fan\u0131r. Faci\u0259 bizl\u0259r\u0259 tan\u0131\u015f oldu\u011fundan dey\u0259s\u0259n, \u00e7oxlar\u0131m\u0131z eyn\u0259n q\u0259rblil\u0259r kimi soyuqqanl\u0131 olma\u011fa ba\u015flam\u0131\u015f\u0131q. Bir az rus<\/p>\n","protected":false},"author":2,"featured_media":64923,"comment_status":"closed","ping_status":"closed","sticky":false,"template":"","format":"standard","meta":{"footnotes":""},"categories":[14],"tags":[],"class_list":["post-64922","post","type-post","status-publish","format-standard","has-post-thumbnail","hentry","category-kos"],"aioseo_notices":[],"_links":{"self":[{"href":"https:\/\/fedai.az\/index.php?rest_route=\/wp\/v2\/posts\/64922","targetHints":{"allow":["GET"]}}],"collection":[{"href":"https:\/\/fedai.az\/index.php?rest_route=\/wp\/v2\/posts"}],"about":[{"href":"https:\/\/fedai.az\/index.php?rest_route=\/wp\/v2\/types\/post"}],"author":[{"embeddable":true,"href":"https:\/\/fedai.az\/index.php?rest_route=\/wp\/v2\/users\/2"}],"replies":[{"embeddable":true,"href":"https:\/\/fedai.az\/index.php?rest_route=%2Fwp%2Fv2%2Fcomments&post=64922"}],"version-history":[{"count":1,"href":"https:\/\/fedai.az\/index.php?rest_route=\/wp\/v2\/posts\/64922\/revisions"}],"predecessor-version":[{"id":64924,"href":"https:\/\/fedai.az\/index.php?rest_route=\/wp\/v2\/posts\/64922\/revisions\/64924"}],"wp:featuredmedia":[{"embeddable":true,"href":"https:\/\/fedai.az\/index.php?rest_route=\/wp\/v2\/media\/64923"}],"wp:attachment":[{"href":"https:\/\/fedai.az\/index.php?rest_route=%2Fwp%2Fv2%2Fmedia&parent=64922"}],"wp:term":[{"taxonomy":"category","embeddable":true,"href":"https:\/\/fedai.az\/index.php?rest_route=%2Fwp%2Fv2%2Fcategories&post=64922"},{"taxonomy":"post_tag","embeddable":true,"href":"https:\/\/fedai.az\/index.php?rest_route=%2Fwp%2Fv2%2Ftags&post=64922"}],"curies":[{"name":"wp","href":"https:\/\/api.w.org\/{rel}","templated":true}]}}