{"id":64928,"date":"2022-03-15T11:40:18","date_gmt":"2022-03-15T07:40:18","guid":{"rendered":"https:\/\/fedai.az\/?p=64928"},"modified":"2022-03-15T11:40:21","modified_gmt":"2022-03-15T07:40:21","slug":"o-indi-prezident-serdar-berdim%c9%99h%c9%99mm%c9%99dov","status":"publish","type":"post","link":"https:\/\/fedai.az\/?p=64928","title":{"rendered":"&#171;O indi prezident&#187;&#8230;Serdar Berdim\u0259h\u0259mm\u0259dov"},"content":{"rendered":"\n<p><strong>T\u00fcrkm\u0259nistanda ke\u00e7iril\u0259n prezident se\u00e7kil\u0259rind\u0259 haz\u0131rk\u0131 prezident Qurbanqulu Berdim\u0259h\u0259mm\u0259dovun o\u011flu, hakim T\u00fcrkm\u0259nistan Demokrat Partiyas\u0131n\u0131n namiz\u0259di Serdar Berdim\u0259h\u0259mm\u0259dov 72,97 faiz s\u0259s toplayaraq qalib g\u0259lib.<\/strong><\/p>\n\n\n\n<p>Bu bar\u0259d\u0259 \u00e7\u0259r\u015f\u0259nb\u0259 ax\u015fam\u0131 \u00f6lk\u0259nin Se\u00e7kil\u0259r v\u0259 Referendumlar \u00fczr\u0259 M\u0259rk\u0259zi Komissiyas\u0131 m\u0259lumat yay\u0131b.<\/p>\n\n\n\n<p>\u201cT\u00fcrkm\u0259nistan Se\u00e7ki M\u0259c\u0259ll\u0259sinin 76-c\u0131 madd\u0259sin\u0259 \u0259sas\u0259n v\u0259 M\u0259rk\u0259zi Se\u00e7ki Komissiyas\u0131n\u0131n 14 mart 2022-ci il tarixli q\u0259rar\u0131 \u0259sas\u0131nda 72,97 faiz s\u0259s toplayan T\u00fcrkm\u0259nistan Nazirl\u0259r Kabinetinin s\u0259dr m\u00fcavini Serdar Qurbanquliyevi\u00e7 Berdim\u0259h\u0259mm\u0259dov s\u0259sverm\u0259d\u0259 i\u015ftirak ed\u0259n \u015f\u0259xs kimi tan\u0131n\u0131b v\u0259 T\u00fcrkm\u0259nistan\u0131n prezidenti se\u00e7ilib\u201d, \u2013 se\u00e7ki komissiyas\u0131n\u0131n sayt\u0131nda yerl\u0259\u015fdiril\u0259n m\u0259lumatda bel\u0259 deyilir.<\/p>\n\n\n\n<p>Komissiya xat\u0131rlad\u0131r ki, T\u00fcrkm\u0259nistanda prezident se\u00e7kil\u0259ri mart\u0131n 12-d\u0259 ke\u00e7irilib. Se\u00e7ki komissiyas\u0131n\u0131n m\u0259lumat\u0131na g\u00f6r\u0259, s\u0259sverm\u0259d\u0259 3 milyon 362 min 52 n\u0259f\u0259r, y\u0259ni qeyd\u0259 al\u0131nm\u0131\u015f se\u00e7icil\u0259rin 97,17 faizi i\u015ftirak edib.<\/p>\n","protected":false},"excerpt":{"rendered":"<p>T\u00fcrkm\u0259nistanda ke\u00e7iril\u0259n prezident se\u00e7kil\u0259rind\u0259 haz\u0131rk\u0131 prezident Qurbanqulu Berdim\u0259h\u0259mm\u0259dovun o\u011flu, hakim T\u00fcrkm\u0259nistan Demokrat Partiyas\u0131n\u0131n namiz\u0259di Serdar Berdim\u0259h\u0259mm\u0259dov 72,97 faiz s\u0259s toplayaraq qalib g\u0259lib. Bu bar\u0259d\u0259<\/p>\n","protected":false},"author":2,"featured_media":64929,"comment_status":"closed","ping_status":"closed","sticky":false,"template":"","format":"standard","meta":{"footnotes":""},"categories":[1],"tags":[],"class_list":["post-64928","post","type-post","status-publish","format-standard","has-post-thumbnail","hentry","category-siyast"],"aioseo_notices":[],"_links":{"self":[{"href":"https:\/\/fedai.az\/index.php?rest_route=\/wp\/v2\/posts\/64928","targetHints":{"allow":["GET"]}}],"collection":[{"href":"https:\/\/fedai.az\/index.php?rest_route=\/wp\/v2\/posts"}],"about":[{"href":"https:\/\/fedai.az\/index.php?rest_route=\/wp\/v2\/types\/post"}],"author":[{"embeddable":true,"href":"https:\/\/fedai.az\/index.php?rest_route=\/wp\/v2\/users\/2"}],"replies":[{"embeddable":true,"href":"https:\/\/fedai.az\/index.php?rest_route=%2Fwp%2Fv2%2Fcomments&post=64928"}],"version-history":[{"count":1,"href":"https:\/\/fedai.az\/index.php?rest_route=\/wp\/v2\/posts\/64928\/revisions"}],"predecessor-version":[{"id":64930,"href":"https:\/\/fedai.az\/index.php?rest_route=\/wp\/v2\/posts\/64928\/revisions\/64930"}],"wp:featuredmedia":[{"embeddable":true,"href":"https:\/\/fedai.az\/index.php?rest_route=\/wp\/v2\/media\/64929"}],"wp:attachment":[{"href":"https:\/\/fedai.az\/index.php?rest_route=%2Fwp%2Fv2%2Fmedia&parent=64928"}],"wp:term":[{"taxonomy":"category","embeddable":true,"href":"https:\/\/fedai.az\/index.php?rest_route=%2Fwp%2Fv2%2Fcategories&post=64928"},{"taxonomy":"post_tag","embeddable":true,"href":"https:\/\/fedai.az\/index.php?rest_route=%2Fwp%2Fv2%2Ftags&post=64928"}],"curies":[{"name":"wp","href":"https:\/\/api.w.org\/{rel}","templated":true}]}}