{"id":6494,"date":"2020-05-23T02:20:22","date_gmt":"2020-05-22T22:20:22","guid":{"rendered":"http:\/\/fedai.az\/?p=6494"},"modified":"2020-05-23T22:17:59","modified_gmt":"2020-05-23T18:17:59","slug":"mudafi%c9%99-nazirliyi-pasinyandan-deyil-suleymanovdan-inciyib","status":"publish","type":"post","link":"https:\/\/fedai.az\/?p=6494","title":{"rendered":"M\u00fcdafi\u0259 nazirliyi Pa\u015finyandan deyil, S\u00fcleymanovdan inciyib&#8230;"},"content":{"rendered":"\n<p><strong>T\u0259lx\u0259k Pa\u015finyan \u00f6lk\u0259mizl\u0259 oynama\u011f\u0131 sevir. X\u00fcsus\u0259n d\u0259 bizim M\u00fcdafi\u0259 nazirliyini daha \u00e7ox sevir. \u00c7\u00fcnki bu qurum ad\u0131na layiq m\u00fcdafi\u0259 i\u015fl\u0259ri il\u0259 m\u0259\u015f\u011ful olur. \u0130st\u0259r H\u0259s\u0259nov olsun, ist\u0259rs\u0259 d\u0259 Sad\u0131kov olsun, onlar, ancaq m\u00fcdafi\u0259yl\u0259 m\u0259\u015f\u011ful olurlar. N\u0259yi qoruma\u011fa g\u0259linc\u0259 is\u0259, bildirim ki, bu g\u00fcn h\u0259l\u0259lik d\u00fc\u015fm\u0259nin bir \u00e7ox postlarda qoydu\u011fu h\u0259rbi formal\u0131 &#171;maniken kuklalar\u0131&#187; v\u0259 bir d\u0259 \u015eu\u015faya t\u0259\u015frif buyuran Pa\u015finyanla Annas\u0131n\u0131 qoruyurlar. El\u0259 bilirsiniz ki, Sad\u0131kov dilini bilm\u0259diyi bir \u00f6lk\u0259nin torpa\u011f\u0131n\u0131 qorumaq \u00fc\u00e7\u00fcn v\u0259zif\u0259l\u0259ndirilib?<\/strong><\/p>\n\n\n\n<p>Laz\u0131m g\u0259l\u0259nd\u0259 onun i\u015ftirak\u0131yla, m\u00fctl\u0259q bu nazirliyin ad\u0131n\u0131 d\u0259yi\u015fib H\u00fccum nazirliyi qoymal\u0131y\u0131q. Onda &#171;F\u0259dai&#187; q\u0259zetinin \u015finelind\u0259n \u00e7\u0131xm\u0131\u015f jurnalist R\u0259\u015fad S\u00fcleymanova haqq verm\u0259k olar. \u00c7\u00fcnki onlar, h\u0259qiq\u0259t\u0259n d\u0259 m\u00fcdafi\u0259 i\u015fiyl\u0259 m\u0259\u015f\u011ful olurlar. G\u00f6r\u00fcrs\u0259n, \u00f6zl\u0259rini nec\u0259 m\u00fcdafi\u0259 edirl\u0259r? Bell\u0259rind\u0259, \u0259ll\u0259rind\u0259 yaman g\u00fcn\u00fcn h\u0259r g\u00fcn k\u00f6hn\u0259lm\u0259kd\u0259 olan yara\u011f\u0131, Pa\u015finyan\u0131nda \u015eu\u015fadak\u0131 masas\u0131nda tut ara\u011f\u0131. R\u0259\u015fad b\u0259y &#171;vur, vur&#187; deyir, raket bad\u0259 deyil ki, vurasan. Bir \u0259t\u0259k pul vermi\u015fik. Paradda -zadda g\u00f6st\u0259ririk.<\/p>\n\n\n\n<p><strong>G\u00f6r\u00fcn bu &#171;m\u00fcharib\u0259 u\u015fa\u011f\u0131&#187; bizim &#171;M\u00fcdafi\u0259&#187;\u00e7il\u0259r\u0259 n\u0259 yaz\u0131r: <\/strong>&#171;D\u00fc\u015fm\u0259ni vurub da\u011f\u0131tmaq yerin\u0259, i\u015fi pafosla bas\u0131b ba\u011flamaq olan M\u00fcdafi\u0259 Nazirliyimiz\u0259 is\u0259 c\u0259miyy\u0259t inanm\u0131r. Bir obyektiv t\u0259dqiqat apar\u0131lsa n\u0259tic\u0259l\u0259ri M\u00fcdafi\u0259 Nazirliyini \u201cformat el\u0259m\u0259y\u0259\u201d b\u0259s edir.<\/p>\n\n\n\n<figure class=\"wp-block-image\"><img decoding=\"async\" src=\"https:\/\/scontent.fgyd4-2.fna.fbcdn.net\/v\/t1.0-0\/p640x640\/91619530_10158082507692556_5342714629304877056_o.jpg?_nc_cat=101&amp;_nc_sid=8024bb&amp;_nc_ohc=dRTwbTXhAB4AX9N1MWk&amp;_nc_ht=scontent.fgyd4-2.fna&amp;_nc_tp=6&amp;oh=2ae8dd3e180579edf40e88287ecc20c9&amp;oe=5EEEFD2D\" alt=\"\u041d\u0430 \u0438\u0437\u043e\u0431\u0440\u0430\u0436\u0435\u043d\u0438\u0438 \u043c\u043e\u0436\u0435\u0442 \u043d\u0430\u0445\u043e\u0434\u0438\u0442\u044c\u0441\u044f: Rashad Suleymanov, \u043d\u0435\u0431\u043e \u0438 \u043d\u0430 \u0443\u043b\u0438\u0446\u0435\"\/><\/figure>\n\n\n\n<p><strong>2013-c\u00fc ilin oktyabr ay\u0131nda ba\u015f ver\u0259n d\u0259yi\u015fiklikl\u0259r orduda xidm\u0259t ed\u0259n zabit v\u0259 gizirl\u0259rimizd\u0259 m\u00fc\u0259yy\u0259n \u00fcmid i\u015fart\u0131lar\u0131 yaratm\u0131\u015fd\u0131. Q\u0131sa zamanda o \u00fcmidl\u0259r n\u0259nki pu\u00e7a \u00e7\u0131xd\u0131, h\u0259tta \u018fbiyevin \u00f6l\u0259nl\u0259rin\u0259 r\u0259hm\u0259t oxuma\u011fa ba\u015flad\u0131lar.<\/strong><\/p>\n\n\n\n<p>S\u0259b\u0259bl\u0259ri o q\u0259d\u0259r \u00e7oxdur ki sadalamaqla bit\u0259n deyil. Bunun \u00fc\u00e7\u00fcn ayr\u0131ca s\u0259hif\u0259-s\u0259hif\u0259 m\u0259qal\u0259l\u0259r b\u0259s el\u0259m\u0259z.<\/p>\n\n\n\n<p>Siz \u00f6z\u00fcn\u00fcz d\u0259 yax\u015f\u0131 bilirsiniz ki, art\u0131q bir komandir kimi h\u0259tta yax\u0131nlar\u0131n\u0131z bel\u0259 siz\u0259 inanm\u0131r.<\/p>\n\n\n\n<p>Ordunu d\u00f6y\u00fc\u015f\u0259 komandiri apar\u0131r.<\/p>\n\n\n\n<p>H\u0259m may\u0131n 8-d\u0259, h\u0259m d\u0259 bu g\u00fcn biz qaraba\u011fl\u0131lar\u0131n sonuncu \u00fcmidl\u0259rini \u00f6ld\u00fcr\u00fcb, \u015eu\u015faya g\u0259l\u0259n Pa\u015finyanlar\u0131n ayaqlar\u0131 alt\u0131na atd\u0131n\u0131z.<\/p>\n\n\n\n<p>Bu g\u00fcnd\u0259n ya Siz, ya da s\u0259l\u0259finiz R\u0259him Qaz\u0131yev, \u015eahin Musayev. M\u0259nim g\u00f6z\u00fcmd\u0259 eynisiniz.<\/p>\n\n\n\n<p><strong>Min ill\u0259r\u0259 dayanan h\u0259rb tariximizin utanc d\u00f6vr\u00fc kimi xat\u0131rlanacaqs\u0131n\u0131z.&#187;<\/strong><\/p>\n\n\n\n<p>R\u0259\u015fad b\u0259y, futbolda he\u00e7 m\u00fcdafi\u0259\u00e7inin h\u00fccumda oynad\u0131\u011f\u0131n\u0131 g\u00f6rm\u00fcs\u00fcn\u00fcz? Ham\u0131 \u00e7\u0131x\u0131b getsin &#171;qol vurma\u011fa&#187;, b\u0259s &#171;qap\u0131n\u0131&#187; kim qorusun? Ona g\u00f6r\u0259 d\u0259 bizim &#171;m\u00fcdafi\u0259\u00e7i&#187;l\u0259rin s\u00f6z\u00e7\u00fcs\u00fc &#171;haql\u0131d\u0131r&#187;: Trend-in sor\u011fusuna cavab olaraq M\u00fcdafi\u0259 Nazirliyinin M\u0259tbuat Xidm\u0259tind\u0259n bildirilib ki, Az\u0259rbaycan Ordusuna qar\u015f\u0131 apar\u0131lan t\u0259xribat xarakterli kampaniya il\u0259 ba\u011fl\u0131 h\u00fcquqi m\u00fcst\u0259vid\u0259 t\u0259dbirl\u0259r g\u00f6r\u00fcl\u0259c\u0259k. Qeyd edilib ki, son g\u00fcnl\u0259r sosial \u015f\u0259b\u0259k\u0259l\u0259rd\u0259 Az\u0259rbaycan Ordusuna qar\u015f\u0131 apar\u0131lan t\u0259xribat xarakterli kampaniyaya \u201cAzeri Defence\u201d jurnal\u0131n\u0131n ba\u015f redaktoru R\u0259\u015fad S\u00fcleymanovun qo\u015fulmas\u0131 t\u0259\u0259ss\u00fcf hissi do\u011furur:<\/p>\n\n\n\n<p>&#171;<strong>\u018fsg\u0259r r\u00fctb\u0259sind\u0259 h\u0259rbi xidm\u0259t ke\u00e7mi\u015f bir \u015f\u0259xsin strateji s\u0259viyy\u0259d\u0259 m\u00fclahiz\u0259l\u0259r y\u00fcr\u00fctm\u0259si q\u0259buledilm\u0259zdir. M\u00fcxt\u0259lif q\u00fcvv\u0259l\u0259r t\u0259r\u0259find\u0259n maliyy\u0259l\u0259\u015fdiril\u0259n bu \u015f\u0259xs M\u00fcdafi\u0259 Nazirliyin\u0259 qar\u015f\u0131 ba\u015flad\u0131lan qarayaxma kampaniyas\u0131na, el\u0259c\u0259 d\u0259 d\u00fc\u015fm\u0259nin Az\u0259rbaycan Ordusuna qar\u015f\u0131 apard\u0131\u011f\u0131 informasiya t\u0259bli\u011fat\u0131na d\u0259st\u0259k verir.<\/strong><\/p>\n\n\n\n<p><strong>Bildiririk ki, bununla ba\u011fl\u0131 M\u00fcdafi\u0259 Nazirliyi t\u0259r\u0259find\u0259n h\u00fcquqi m\u00fcst\u0259vid\u0259 b\u00fct\u00fcn z\u0259ruri t\u0259dbirl\u0259r g\u00f6r\u00fcl\u0259c\u0259k&#187;.<\/strong><\/p>\n\n\n\n<figure class=\"wp-block-image size-large\"><img decoding=\"async\" src=\"http:\/\/fedai.az\/wp-content\/uploads\/2020\/05\/94568069_680947319396917_8539711331794681856_n.jpg\" alt=\"\" class=\"wp-image-5791\"\/><\/figure>\n\n\n\n<p><strong>Soru\u015fmaq ay\u0131b olmas\u0131n, d\u00fc\u015fm\u0259n\u0259 at\u0259\u015f a\u00e7maq fikri t\u0259xribatd\u0131rsa, sizin \u00fc\u00e7\u00fcn t\u0259xribat olmayan n\u0259dir? Sad\u0131kov \u00fc\u00e7\u00fcn rusca t\u0259rc\u00fcm\u0259sini yazd\u0131\u011f\u0131ma g\u00f6r\u0259 oxuculardan min d\u0259f\u0259 \u00fczr ist\u0259yir\u0259m: &#171;\u0415\u0441\u043b\u0438 \u0438\u0434\u0435\u044f \u0441\u0442\u0440\u0435\u043b\u044c\u0431\u044b \u043f\u043e \u0432\u0440\u0430\u0433\u0443 \u044f\u0432\u043b\u044f\u0435\u0442\u0441\u044f \u043f\u0440\u043e\u0432\u043e\u043a\u0430\u0446\u0438\u0435\u0439, \u0442\u043e \u0447\u0435\u043c \u043d\u0435 \u044f\u0432\u043b\u044f\u0435\u0442\u0441\u044f \u0434\u043b\u044f \u0432\u0430\u0441 \u043f\u0440\u043e\u0432\u043e\u043a\u0430\u0446\u0438\u0435\u0439?&#187; Qald\u0131 bel\u0259 t\u0259dbir g\u00f6r\u0259nsinizs\u0259, xalq \u00f6z ordusundan d\u00fc\u015fm\u0259n\u0259 h\u0259ml\u0259 etm\u0259sini ist\u0259yir. Sizin ist\u0259yiniz n\u0259dir?<\/strong><\/p>\n\n\n\n<p>M\u00fcdafi\u0259 nazirliyi, he\u00e7 olmasa blef edib, pa\u015finyan\u0131n s\u0259f\u0259r t\u0259f\u0259rr\u00fcatlar\u0131n\u0131 poza bil\u0259c\u0259k bir b\u0259yanat ver\u0259 bil\u0259rdi ki, \u015eu\u015fa \u015f\u0259h\u0259ri <strong>N x n <\/strong>kordinatlar\u0131 \u00fczr\u0259 18:00-dan at\u0259\u015f alt\u0131nda olacaq. Etm\u0259diniz&#8230; \u00c7\u00fcnki i\u015fl\u0259mirsiniz? <strong>O &#171;m\u00fcharib\u0259 u\u015fa\u011f\u0131&#187; haql\u0131d\u0131r.<\/strong><\/p>\n\n\n\n<p>Bir d\u0259f\u0259 yazm\u0131\u015fd\u0131m v\u0259 t\u0259krar yazmaqda fayda var. Bizim m\u00fcdafi\u0259 naziri siyasi diplomatiya il\u0259, xarici i\u015fl\u0259r naziri is\u0259 pantomimo il\u0259 m\u0259\u015f\u011ful olur. \u00d6lk\u0259 qal\u0131b, 30 kiloqraml\u0131q Leyla Abdullayevan\u0131n \u00fcmidin\u0259. Bilmir ki MN \u0259v\u0259zin\u0259 dan\u0131\u015fs\u0131n, yoxsa X\u0130N \u0259v\u0259zin\u0259 b\u0259yanat oxusun?<\/p>\n\n\n\n<p>Bir d\u0259 100 ilin pe\u015f\u0259kar jurnalisti, \u00fcst\u0259lik m\u00fcharib\u0259d\u0259 \u0259ld\u0259 silah d\u00f6y\u00fc\u015fm\u00fc\u015f m\u00fcharib\u0259 \u0259lili kimi MN-nin son c\u00fcml\u0259sini he\u00e7 anlamad\u0131m: &#171;<strong>Bildiririk ki, bununla ba\u011fl\u0131 M\u00fcdafi\u0259 Nazirliyi t\u0259r\u0259find\u0259n h\u00fcquqi m\u00fcst\u0259vid\u0259 b\u00fct\u00fcn z\u0259ruri t\u0259dbirl\u0259r g\u00f6r\u00fcl\u0259c\u0259k&#187;.<\/strong><\/p>\n\n\n\n<p><strong>Y\u0259ni bu t\u0259dbirl\u0259r Pa\u015finyana qar\u015f\u0131 g\u00f6r\u00fcl\u0259c\u0259kmi, yoxsa bizim jurnalist S\u00fcleymanovam\u0131?<\/strong><\/p>\n\n\n\n<p>Dey\u0259s\u0259n bu sah\u0259d\u0259 d\u0259 MN ad\u0259ti \u00fczr\u0259 kordinatlar\u0131 s\u0259hv sal\u0131b, ya da Sad\u0131kov q\u0259sd\u0259n yanl\u0131\u015f verib.<\/p>\n\n\n\n<p>M\u0259lumat \u00fc\u00e7\u00fcn bildirim ki, qar\u0131\u015fd\u0131rmas\u0131nlar, S\u00fcleymanov az\u0259rbaycanl\u0131d\u0131r, d\u00fc\u015fm\u0259n erm\u0259ni Pa\u015finyand\u0131r. Ham\u0131 el\u0259 deyir. Qaraba\u011f\u0131 i\u015f\u011falda S\u00fcleymanov deyil, Pa\u015finyanla Araik Aritunyan saxlay\u0131r. M\u00fcdafi\u0259 nazirliyi b\u0259s n\u0259 d\u00fc\u015f\u00fcn\u00fcr?<\/p>\n\n\n\n<p><strong>Platonun \u0259sg\u0259r haqq\u0131nda bir fikrini diqq\u0259tiniz\u0259 \u00e7atd\u0131r\u0131m ki, normal \u00f6lk\u0259l\u0259rd\u0259 \u0259sg\u0259r d\u00fc\u015fm\u0259n\u0259 qar\u015f\u0131 nifr\u0259t hissi il\u0259, \u00f6z\u00fcn\u00fcnk\u00fcl\u0259r\u0259 qar\u015f\u0131 is\u0259 m\u00fclayim v\u0259 qay\u011f\u0131ke\u015f bir ruhda t\u0259rbiyy\u0259 edilm\u0259lidir. Bizd\u0259 n\u0259d\u0259ns\u0259 h\u0259r \u015fey t\u0259rsin\u0259dir&#8230;<\/strong><\/p>\n\n\n\n<p><strong>Xaqani \u018fd\u0259bo\u011flu<\/strong><\/p>\n\n\n\n<p><strong>AVMV\u0130B M\u0259tbat Xidm\u0259ti<\/strong><\/p>\n\n\n\n<figure class=\"wp-block-image size-large\"><img decoding=\"async\" src=\"http:\/\/fedai.az\/wp-content\/uploads\/2020\/05\/285851.jpg\" alt=\"\" class=\"wp-image-6486\"\/><\/figure>\n","protected":false},"excerpt":{"rendered":"<p>T\u0259lx\u0259k Pa\u015finyan \u00f6lk\u0259mizl\u0259 oynama\u011f\u0131 sevir. X\u00fcsus\u0259n d\u0259 bizim M\u00fcdafi\u0259 nazirliyini daha \u00e7ox sevir. \u00c7\u00fcnki bu qurum ad\u0131na layiq m\u00fcdafi\u0259 i\u015fl\u0259ri il\u0259 m\u0259\u015f\u011ful olur. \u0130st\u0259r<\/p>\n","protected":false},"author":2,"featured_media":0,"comment_status":"closed","ping_status":"closed","sticky":false,"template":"","format":"standard","meta":{"footnotes":""},"categories":[14],"tags":[],"class_list":["post-6494","post","type-post","status-publish","format-standard","hentry","category-kos"],"aioseo_notices":[],"_links":{"self":[{"href":"https:\/\/fedai.az\/index.php?rest_route=\/wp\/v2\/posts\/6494","targetHints":{"allow":["GET"]}}],"collection":[{"href":"https:\/\/fedai.az\/index.php?rest_route=\/wp\/v2\/posts"}],"about":[{"href":"https:\/\/fedai.az\/index.php?rest_route=\/wp\/v2\/types\/post"}],"author":[{"embeddable":true,"href":"https:\/\/fedai.az\/index.php?rest_route=\/wp\/v2\/users\/2"}],"replies":[{"embeddable":true,"href":"https:\/\/fedai.az\/index.php?rest_route=%2Fwp%2Fv2%2Fcomments&post=6494"}],"version-history":[{"count":4,"href":"https:\/\/fedai.az\/index.php?rest_route=\/wp\/v2\/posts\/6494\/revisions"}],"predecessor-version":[{"id":6534,"href":"https:\/\/fedai.az\/index.php?rest_route=\/wp\/v2\/posts\/6494\/revisions\/6534"}],"wp:attachment":[{"href":"https:\/\/fedai.az\/index.php?rest_route=%2Fwp%2Fv2%2Fmedia&parent=6494"}],"wp:term":[{"taxonomy":"category","embeddable":true,"href":"https:\/\/fedai.az\/index.php?rest_route=%2Fwp%2Fv2%2Fcategories&post=6494"},{"taxonomy":"post_tag","embeddable":true,"href":"https:\/\/fedai.az\/index.php?rest_route=%2Fwp%2Fv2%2Ftags&post=6494"}],"curies":[{"name":"wp","href":"https:\/\/api.w.org\/{rel}","templated":true}]}}