{"id":65005,"date":"2022-03-16T17:39:23","date_gmt":"2022-03-16T13:39:23","guid":{"rendered":"https:\/\/fedai.az\/?p=65005"},"modified":"2022-03-16T17:39:27","modified_gmt":"2022-03-16T13:39:27","slug":"%c9%99rdogan-putin-zelenski-gorusu-lavrov-v%c9%99-cavusogludan-aciqlamalar","status":"publish","type":"post","link":"https:\/\/fedai.az\/?p=65005","title":{"rendered":"\u018fRDO\u011eAN-PUT\u0130N-ZELENSK\u0130 G\u00d6R\u00dc\u015e\u00dc&#8230; &#8212; Lavrov v\u0259 \u00c7avu\u015fo\u011fludan a\u00e7\u0131qlamalar"},"content":{"rendered":"\n<p><strong>\u201cLiderl\u0259r s\u0259viyy\u0259sind\u0259 q\u0259bul olunas\u0131 q\u0259rarlar var\u201d.<\/strong><\/p>\n\n\n\n<p>Bunu T\u00fcrkiy\u0259nin xarici i\u015fl\u0259r naziri M\u00f6vlud \u00c7avu\u015fo\u011flu rusiyal\u0131 h\u0259mkar\u0131 Sergey Lavrovla birlikd\u0259 ke\u00e7irdiyi m\u0259tbuat konfrans\u0131nda deyib.<\/p>\n\n\n\n<p>Onun s\u00f6zl\u0259rin\u0259 g\u00f6r\u0259, r\u0259smi Ankara T\u00fcrkiy\u0259 Prezidenti R\u0259c\u0259b Tayyib \u018frdo\u011fan, Rusiyan\u0131n d\u00f6vl\u0259t ba\u015f\u00e7\u0131s\u0131 Vladimir Putin v\u0259 Ukrayna lideri Volodimir Zelenskinin \u00fc\u00e7t\u0259r\u0259fli g\u00f6r\u00fc\u015f\u00fcn\u00fc t\u0259\u015fkil etm\u0259k ist\u0259yir: \u201cAmma vacib olan m\u00fczakir\u0259nin harada ke\u00e7iril\u0259c\u0259yi deyil. \u018fsas m\u0259s\u0259l\u0259 m\u00fczakir\u0259nin ba\u015flanmas\u0131d\u0131r\u201d.<\/p>\n\n\n\n<p>***<\/p>\n\n\n\n<p><strong>\u201cBu g\u00fcn konkret olaraq Rusiya Prezidenti v\u0259 Volodimir Zelenskinin T\u00fcrkiy\u0259d\u0259 g\u00f6r\u00fc\u015f\u00fc m\u0259s\u0259l\u0259sini m\u00fczakir\u0259 etm\u0259dik. Bu g\u00f6r\u00fc\u015f\u00fcn t\u0259\u015fkilin\u0259 he\u00e7 bir \u0259ng\u0259l yoxdur. \u018fsas odur ki, bu g\u00f6r\u00fc\u015f namin\u0259 g\u00f6r\u00fc\u015f olmas\u0131n\u201d.<\/strong><\/p>\n\n\n\n<p>Bunu Rusiyan\u0131n xarici i\u015fl\u0259r naziri Sergey Lavrov T\u00fcrkiy\u0259nin xarici i\u015fl\u0259r naziri M\u00f6vlud \u00c7avu\u015fo\u011flu il\u0259 dan\u0131\u015f\u0131qlardan sonra m\u0259tbuata a\u00e7\u0131qlamas\u0131nda bildirib.<\/p>\n","protected":false},"excerpt":{"rendered":"<p>\u201cLiderl\u0259r s\u0259viyy\u0259sind\u0259 q\u0259bul olunas\u0131 q\u0259rarlar var\u201d. Bunu T\u00fcrkiy\u0259nin xarici i\u015fl\u0259r naziri M\u00f6vlud \u00c7avu\u015fo\u011flu rusiyal\u0131 h\u0259mkar\u0131 Sergey Lavrovla birlikd\u0259 ke\u00e7irdiyi m\u0259tbuat konfrans\u0131nda deyib. Onun s\u00f6zl\u0259rin\u0259<\/p>\n","protected":false},"author":2,"featured_media":0,"comment_status":"closed","ping_status":"closed","sticky":false,"template":"","format":"standard","meta":{"footnotes":""},"categories":[1],"tags":[],"class_list":["post-65005","post","type-post","status-publish","format-standard","hentry","category-siyast"],"aioseo_notices":[],"_links":{"self":[{"href":"https:\/\/fedai.az\/index.php?rest_route=\/wp\/v2\/posts\/65005","targetHints":{"allow":["GET"]}}],"collection":[{"href":"https:\/\/fedai.az\/index.php?rest_route=\/wp\/v2\/posts"}],"about":[{"href":"https:\/\/fedai.az\/index.php?rest_route=\/wp\/v2\/types\/post"}],"author":[{"embeddable":true,"href":"https:\/\/fedai.az\/index.php?rest_route=\/wp\/v2\/users\/2"}],"replies":[{"embeddable":true,"href":"https:\/\/fedai.az\/index.php?rest_route=%2Fwp%2Fv2%2Fcomments&post=65005"}],"version-history":[{"count":1,"href":"https:\/\/fedai.az\/index.php?rest_route=\/wp\/v2\/posts\/65005\/revisions"}],"predecessor-version":[{"id":65007,"href":"https:\/\/fedai.az\/index.php?rest_route=\/wp\/v2\/posts\/65005\/revisions\/65007"}],"wp:attachment":[{"href":"https:\/\/fedai.az\/index.php?rest_route=%2Fwp%2Fv2%2Fmedia&parent=65005"}],"wp:term":[{"taxonomy":"category","embeddable":true,"href":"https:\/\/fedai.az\/index.php?rest_route=%2Fwp%2Fv2%2Fcategories&post=65005"},{"taxonomy":"post_tag","embeddable":true,"href":"https:\/\/fedai.az\/index.php?rest_route=%2Fwp%2Fv2%2Ftags&post=65005"}],"curies":[{"name":"wp","href":"https:\/\/api.w.org\/{rel}","templated":true}]}}