{"id":65008,"date":"2022-03-16T17:47:17","date_gmt":"2022-03-16T13:47:17","guid":{"rendered":"https:\/\/fedai.az\/?p=65008"},"modified":"2022-03-16T17:47:20","modified_gmt":"2022-03-16T13:47:20","slug":"muharib%c9%99d%c9%99-ol%c9%99n-94-erm%c9%99ninin-c%c9%99s%c9%99di-h%c9%99l%c9%99-d%c9%99-morqlarda-saxlanilir","status":"publish","type":"post","link":"https:\/\/fedai.az\/?p=65008","title":{"rendered":"M\u00fcharib\u0259d\u0259 \u00f6l\u0259n 94 erm\u0259ninin c\u0259s\u0259di h\u0259l\u0259 d\u0259 morqlarda saxlan\u0131l\u0131r"},"content":{"rendered":"\n<p><strong>2020-ci ild\u0259ki 44 g\u00fcnl\u00fck\u00a0 m\u00fcharib\u0259d\u0259n t\u0259xmin\u0259n il yar\u0131m ke\u00e7s\u0259 d\u0259, c\u0259s\u0259dl\u0259r v\u0259 izl\u0259r Erm\u0259nistandak\u0131 m\u00fcxt\u0259lif morqlarda h\u0259l\u0259d\u0259 qalmaqdad\u0131r.<\/strong><\/p>\n\n\n\n<p><br>Erm\u0259ni m\u0259nb\u0259l\u0259rin\u0259 istinad\u0259n x\u0259b\u0259r verir ki, Erm\u0259nistan\u0131n S\u0259hiyy\u0259 Nazirliyinin\u00a0 r\u0259smil\u0259ri bu m\u00f6vzuya bir daha toxunaraq, qal\u0131qlar\u0131n ara\u015fd\u0131r\u0131ld\u0131\u011f\u0131n\u0131, lakin valideynl\u0259rin onlar\u0131 g\u00f6t\u00fcrm\u0259kd\u0259n imtina etdiyini bildirib: &#171;Bizd\u0259 el\u0259 c\u0259s\u0259dl\u0259rin qal\u0131qlar\u0131\u00a0 var ki, onlar\u0131n kimliyi m\u00fc\u0259yy\u0259n edilib, n\u0259tic\u0259l\u0259r iki d\u0259f\u0259, b\u0259zi hallarda ba\u015fqa \u00f6lk\u0259l\u0259rd\u0259 \u00fc\u00e7 d\u0259f\u0259 t\u0259sdiql\u0259nib, lakin qohumlar h\u0259l\u0259 ki, qal\u0131qlar\u0131 g\u00f6t\u00fcr\u00fcb d\u0259fn m\u0259rasimini h\u0259yata ke\u00e7irm\u0259y\u0259 raz\u0131 deyill\u0259r\u201d.<\/p>\n\n\n\n<p><br>R\u0259smil\u0259r haz\u0131rda morqlarda n\u0259 q\u0259d\u0259r c\u0259s\u0259d saxland\u0131\u011f\u0131na dair cavab verm\u0259k s\u0259lahiyy\u0259tinin olmad\u0131\u011f\u0131n\u0131 deyib v\u0259 jurnalistl\u0259ri bu m\u0259lumat\u0131 istintaq orqanlar\u0131ndan \u00f6yr\u0259nm\u0259y\u0259 \u00e7a\u011f\u0131r\u0131b.<\/p>\n\n\n\n<p>\u0130stintaq Komit\u0259sind\u0259n is\u0259 t\u0259xmin\u0259n bir ay \u0259vv\u0259l yaz\u0131l\u0131 sor\u011fuya cavab olaraq bildirilib:<\/p>\n\n\n\n<p><br>&#171;2020-ci ild\u0259ki m\u00fcharib\u0259 n\u0259tic\u0259sind\u0259 h\u0259lak olan h\u0259rb\u00e7il\u0259rin v\u0259 m\u00fclki \u015f\u0259xsl\u0259rin \u00fcmumi say\u0131 3812 n\u0259f\u0259rdir. \u00d6l\u0259n 3812 n\u0259f\u0259rd\u0259n 1421-nin \u015f\u0259xsiyy\u0259ti m\u0259hk\u0259m\u0259-genetik ekspertizan\u0131n n\u0259tic\u0259l\u0259ri il\u0259 m\u00fc\u0259yy\u0259n edilib.<\/p>\n\n\n\n<p>H\u0259lak olan 3812 h\u0259rb\u00e7id\u0259n 94-n\u00fcn yax\u0131nlar\u0131 m\u0259hk\u0259m\u0259-genetik ekspertizalar n\u0259tic\u0259sind\u0259 m\u00fc\u0259yy\u0259n edilmi\u015f h\u0259rb\u00e7il\u0259rin meyitl\u0259rini basd\u0131rmaqdan imtina edirl\u0259r.<\/p>\n\n\n\n<p><br>22.02.2022-ci il tarixin\u0259 kimi 196 h\u0259rb\u00e7i v\u0259 21 m\u00fclki \u015f\u0259xsin yeri m\u0259lum deyil\u201d.<\/p>\n\n\n\n<p><br>Bel\u0259 m\u0259lum olur ki, aidiyyat\u0131 qurumlar \u00f6z v\u0259zif\u0259l\u0259rini yerin\u0259 yetiribl\u0259r, lakin valideynl\u0259r o\u011fullar\u0131n\u0131n sa\u011f oldu\u011funu d\u00fc\u015f\u00fcn\u0259r\u0259k m\u00fc\u0259yy\u0259n edilmi\u015f c\u0259s\u0259dl\u0259ri s\u0131rf emossional fonda q\u0259bul etmirl\u0259r. B\u0259lk\u0259 d\u0259 valideynl\u0259rin m\u00fc\u0259yy\u0259n edilmi\u015f qal\u0131qlar\u0131 g\u00f6t\u00fcrm\u0259kd\u0259n imtina etm\u0259sinin ba\u015fqa bir s\u0259b\u0259bi var, m\u0259s\u0259l\u0259n, inams\u0131zl\u0131q.<\/p>\n\n\n\n<p>B\u0259zi valideynl\u0259r is\u0259 DNT testl\u0259rinin yanl\u0131\u015f oldu\u011funu b\u0259yan etmi\u015f v\u0259 ortaya buna dair faktlar qoymu\u015fdular.\u00a0<\/p>\n\n\n\n<p><br>\u00d6t\u0259n il Erm\u0259nistanda b\u0259zi valideynl\u0259r m\u0259lumat vermi\u015fdil\u0259r ki, \u00f6vladlar\u0131n\u0131n\u00a0 d\u0259fn m\u0259rasimind\u0259n sonra tamamil\u0259 ba\u015fqa \u015f\u0259xsin qal\u0131qlar\u0131n\u0131n basd\u0131r\u0131ld\u0131\u011f\u0131n\u0131 \u00f6yr\u0259nibl\u0259r. Valideynl\u0259rin h\u0259y\u0259can siqnal\u0131ndan sonra M\u0259hk\u0259m\u0259 Tibbi Ekspertiza Elmi-Praktiki M\u0259rk\u0259zi onlara bunun s\u0259hv oldu\u011funu dem\u0259kl\u0259 kifay\u0259tl\u0259nib v\u0259 c\u0259s\u0259din m\u0259zardan \u00e7\u0131xar\u0131lmal\u0131 oldu\u011funu s\u00f6yibl\u0259r.\u00a0<\/p>\n\n\n\n<p><br>B\u0259s indiy\u0259d\u0259k n\u0259 q\u0259d\u0259r eksqumasiya apar\u0131l\u0131b? O s\u0259hv\u0259 g\u00f6r\u0259 kim cavabdehdir? Kims\u0259 bu kobud s\u0259hv\u0259 g\u00f6r\u0259 m\u0259suliyy\u0259t\u0259 c\u0259lb edilibmi? Bu suallar\u0131n cavab\u0131 h\u0259l\u0259 d\u0259 a\u00e7\u0131q qal\u0131r.<\/p>\n\n\n\n<p>M\u0259nb\u0259: Qaynarinfo<\/p>\n","protected":false},"excerpt":{"rendered":"<p>2020-ci ild\u0259ki 44 g\u00fcnl\u00fck\u00a0 m\u00fcharib\u0259d\u0259n t\u0259xmin\u0259n il yar\u0131m ke\u00e7s\u0259 d\u0259, c\u0259s\u0259dl\u0259r v\u0259 izl\u0259r Erm\u0259nistandak\u0131 m\u00fcxt\u0259lif morqlarda h\u0259l\u0259d\u0259 qalmaqdad\u0131r. Erm\u0259ni m\u0259nb\u0259l\u0259rin\u0259 istinad\u0259n x\u0259b\u0259r verir ki,<\/p>\n","protected":false},"author":2,"featured_media":0,"comment_status":"closed","ping_status":"closed","sticky":false,"template":"","format":"standard","meta":{"footnotes":""},"categories":[15],"tags":[],"class_list":["post-65008","post","type-post","status-publish","format-standard","hentry","category-atmaca"],"aioseo_notices":[],"_links":{"self":[{"href":"https:\/\/fedai.az\/index.php?rest_route=\/wp\/v2\/posts\/65008","targetHints":{"allow":["GET"]}}],"collection":[{"href":"https:\/\/fedai.az\/index.php?rest_route=\/wp\/v2\/posts"}],"about":[{"href":"https:\/\/fedai.az\/index.php?rest_route=\/wp\/v2\/types\/post"}],"author":[{"embeddable":true,"href":"https:\/\/fedai.az\/index.php?rest_route=\/wp\/v2\/users\/2"}],"replies":[{"embeddable":true,"href":"https:\/\/fedai.az\/index.php?rest_route=%2Fwp%2Fv2%2Fcomments&post=65008"}],"version-history":[{"count":1,"href":"https:\/\/fedai.az\/index.php?rest_route=\/wp\/v2\/posts\/65008\/revisions"}],"predecessor-version":[{"id":65010,"href":"https:\/\/fedai.az\/index.php?rest_route=\/wp\/v2\/posts\/65008\/revisions\/65010"}],"wp:attachment":[{"href":"https:\/\/fedai.az\/index.php?rest_route=%2Fwp%2Fv2%2Fmedia&parent=65008"}],"wp:term":[{"taxonomy":"category","embeddable":true,"href":"https:\/\/fedai.az\/index.php?rest_route=%2Fwp%2Fv2%2Fcategories&post=65008"},{"taxonomy":"post_tag","embeddable":true,"href":"https:\/\/fedai.az\/index.php?rest_route=%2Fwp%2Fv2%2Ftags&post=65008"}],"curies":[{"name":"wp","href":"https:\/\/api.w.org\/{rel}","templated":true}]}}