{"id":66085,"date":"2022-03-29T14:00:56","date_gmt":"2022-03-29T10:00:56","guid":{"rendered":"https:\/\/fedai.az\/?p=66085"},"modified":"2022-03-29T14:00:59","modified_gmt":"2022-03-29T10:00:59","slug":"%c9%99rdogan-butun-dunya-sizd%c9%99n-xos-x%c9%99b%c9%99r-gozl%c9%99yir","status":"publish","type":"post","link":"https:\/\/fedai.az\/?p=66085","title":{"rendered":"\u018frdo\u011fan: \u201cB\u00fct\u00fcn d\u00fcnya sizd\u0259n xo\u015f x\u0259b\u0259r g\u00f6zl\u0259yir\u201d"},"content":{"rendered":"\n<p><strong>T\u00fcrkiy\u0259 Prezidenti R\u0259c\u0259b Tayyib \u018frdo\u011fan \u0130stanbulda Rusiya-Ukrayna sammitind\u0259n \u0259vv\u0259l \u00e7\u0131x\u0131\u015f edib.<\/strong><\/p>\n\n\n\n<p>\u201cHaberGlobal\u201d\u0131n m\u0259lumat\u0131na g\u00f6r\u0259, g\u0259l\u0259n qonaqlar\u0131 v\u0259 n\u00fcmay\u0259nd\u0259 hey\u0259tinin \u00fczvl\u0259rini salamlayan d\u00f6vl\u0259t ba\u015f\u00e7\u0131s\u0131 bel\u0259 kritik bir zamanda onlar\u0131 q\u0259bul etm\u0259kd\u0259n v\u0259 s\u00fclh\u00fcn b\u0259rq\u0259rar olmas\u0131 \u00fc\u00e7\u00fcn g\u00f6st\u0259ril\u0259n s\u0259yl\u0259r\u0259 t\u00f6hf\u0259 verm\u0259kd\u0259n m\u0259mnunlu\u011funu bildirib.<\/p>\n\n\n\n<p>\u201cDan\u0131\u015f\u0131qlar\u0131n \u00f6lk\u0259l\u0259riniz\u0259, regionumuza v\u0259 b\u0259\u015f\u0259riyy\u0259t\u0259 faydal\u0131 olmas\u0131n\u0131 arzu edir\u0259m. Dan\u0131\u015f\u0131qlar prosesi s\u00fclh\u0259 \u00fcmidl\u0259ri art\u0131r\u0131b v\u0259 b\u00fct\u00fcn d\u00fcnyan\u0131 h\u0259y\u0259canland\u0131r\u0131b. Xarici i\u015fl\u0259r nazirim, milli m\u00fcdafi\u0259 nazirim v\u0259 ba\u015f m\u00fc\u015favirim \u0130brahim b\u0259y m\u00fct\u0259madi \u0259laq\u0259 saxlay\u0131blar. Biz h\u0259r iki t\u0259r\u0259fin h\u0259ssasl\u0131\u011f\u0131n\u0131 qoruyan \u0259dal\u0259tli yana\u015fma n\u00fcmayi\u015f etdirmi\u015fik.<\/p>\n\n\n\n<p>\u018fvv\u0259ll\u0259r \u00e7oxlu \u0259zablara \u015fahid olmu\u015f bir \u00f6lk\u0259 olaraq Qara d\u0259nizin \u015fimal\u0131nda ox\u015far m\u0259nz\u0259r\u0259nin ya\u015fanmas\u0131n\u0131n qar\u015f\u0131s\u0131n\u0131 alma\u011fa \u00e7al\u0131\u015fd\u0131q. T\u00fcrkiy\u0259 olaraq m\u0259suliyy\u0259td\u0259n he\u00e7 bir zaman yay\u0131nmad\u0131q, yay\u0131nmar\u0131q. \u0130nan\u0131r\u0131q ki, \u0259dal\u0259tli s\u00fclhd\u0259 uduzanlar olmayacaq. Bu faci\u0259ni dayand\u0131rmaq t\u0259r\u0259fl\u0259rin \u00fcz\u0259rin\u0259 d\u00fc\u015f\u00fcr. \u018fn q\u0131sa zamanda at\u0259\u015fk\u0259s\u0259 nail olmaq h\u0259r k\u0259sin xeyrin\u0259 olard\u0131. Biz indi el\u0259 bir d\u00f6vrd\u0259yik ki, dan\u0131\u015f\u0131qlardan konkret n\u0259tic\u0259l\u0259r al\u0131nmal\u0131d\u0131r. Bu m\u0259rh\u0259l\u0259d\u0259n etibar\u0259n siz n\u00fcmay\u0259nd\u0259 hey\u0259tinin \u00fczvl\u0259ri kimi \u00f6z \u00fcz\u0259riniz\u0259 tarixi bir m\u0259suliyy\u0259t g\u00f6t\u00fcrm\u00fcs\u00fcn\u00fcz. B\u00fct\u00fcn d\u00fcnya sizd\u0259n xo\u015f x\u0259b\u0259r g\u00f6zl\u0259yir. Siz liderl\u0259rinizin g\u00f6st\u0259ri\u015fi il\u0259 s\u00fclh\u00fcn \u0259sas\u0131n\u0131 qoyursunuz, biz ist\u0259nil\u0259n t\u00f6hf\u0259y\u0259 haz\u0131r\u0131q\u201d, &#8212; dey\u0259 prezident bildirib.<\/p>\n","protected":false},"excerpt":{"rendered":"<p>T\u00fcrkiy\u0259 Prezidenti R\u0259c\u0259b Tayyib \u018frdo\u011fan \u0130stanbulda Rusiya-Ukrayna sammitind\u0259n \u0259vv\u0259l \u00e7\u0131x\u0131\u015f edib. \u201cHaberGlobal\u201d\u0131n m\u0259lumat\u0131na g\u00f6r\u0259, g\u0259l\u0259n qonaqlar\u0131 v\u0259 n\u00fcmay\u0259nd\u0259 hey\u0259tinin \u00fczvl\u0259rini salamlayan d\u00f6vl\u0259t ba\u015f\u00e7\u0131s\u0131 bel\u0259<\/p>\n","protected":false},"author":2,"featured_media":0,"comment_status":"closed","ping_status":"closed","sticky":false,"template":"","format":"standard","meta":{"footnotes":""},"categories":[1],"tags":[],"class_list":["post-66085","post","type-post","status-publish","format-standard","hentry","category-siyast"],"aioseo_notices":[],"_links":{"self":[{"href":"https:\/\/fedai.az\/index.php?rest_route=\/wp\/v2\/posts\/66085","targetHints":{"allow":["GET"]}}],"collection":[{"href":"https:\/\/fedai.az\/index.php?rest_route=\/wp\/v2\/posts"}],"about":[{"href":"https:\/\/fedai.az\/index.php?rest_route=\/wp\/v2\/types\/post"}],"author":[{"embeddable":true,"href":"https:\/\/fedai.az\/index.php?rest_route=\/wp\/v2\/users\/2"}],"replies":[{"embeddable":true,"href":"https:\/\/fedai.az\/index.php?rest_route=%2Fwp%2Fv2%2Fcomments&post=66085"}],"version-history":[{"count":1,"href":"https:\/\/fedai.az\/index.php?rest_route=\/wp\/v2\/posts\/66085\/revisions"}],"predecessor-version":[{"id":66087,"href":"https:\/\/fedai.az\/index.php?rest_route=\/wp\/v2\/posts\/66085\/revisions\/66087"}],"wp:attachment":[{"href":"https:\/\/fedai.az\/index.php?rest_route=%2Fwp%2Fv2%2Fmedia&parent=66085"}],"wp:term":[{"taxonomy":"category","embeddable":true,"href":"https:\/\/fedai.az\/index.php?rest_route=%2Fwp%2Fv2%2Fcategories&post=66085"},{"taxonomy":"post_tag","embeddable":true,"href":"https:\/\/fedai.az\/index.php?rest_route=%2Fwp%2Fv2%2Ftags&post=66085"}],"curies":[{"name":"wp","href":"https:\/\/api.w.org\/{rel}","templated":true}]}}