{"id":66088,"date":"2022-03-29T14:24:23","date_gmt":"2022-03-29T10:24:23","guid":{"rendered":"https:\/\/fedai.az\/?p=66088"},"modified":"2022-03-29T14:24:26","modified_gmt":"2022-03-29T10:24:26","slug":"deputat-sputnik-az%c9%99rbaycan-b%c9%99z%c9%99n-dovl%c9%99tl%c9%99rarasi-munasib%c9%99tl%c9%99ri-korlayacaq-q%c9%99d%c9%99r-q%c9%99r%c9%99zli-olur","status":"publish","type":"post","link":"https:\/\/fedai.az\/?p=66088","title":{"rendered":"Deputat: \u201cSputnik Az\u0259rbaycan\u201d b\u0259z\u0259n d\u00f6vl\u0259tl\u0259raras\u0131 m\u00fcnasib\u0259tl\u0259ri korlayacaq q\u0259d\u0259r q\u0259r\u0259zli olur\u201d"},"content":{"rendered":"\n<p><strong>\u201cMedia hans\u0131 m\u0259kanda f\u0259aliyy\u0259t g\u00f6st\u0259rm\u0259sind\u0259n v\u0259 kim\u0259 m\u0259xsus olmas\u0131ndan as\u0131l\u0131 olmayaraq m\u00fcst\u0259qil, obyektiv v\u0259 t\u0259r\u0259fsiz olmal\u0131d\u0131r. Ancaq t\u0259\u0259ss\u00fcf ki, median\u0131n bu \u0259sas prinsipl\u0259ri \u00e7oxdan unudulub. Haz\u0131rda is\u0259 bir \u00e7ox hallarda b\u0259zi media qurumlar\u0131 informasiya m\u00fcharib\u0259sinin \u0259sas al\u0259tl\u0259rin\u0259 \u00e7evrilibl\u0259r\u201d.<\/strong><\/p>\n\n\n\n<p>Bunu&nbsp;\u201cReport\u201da a\u00e7\u0131qlamas\u0131nda Milli M\u0259clisin \u0130nsan h\u00fcquqlar\u0131 komit\u0259sinin \u00fczv\u00fc, deputat Hikm\u0259t Babao\u011flu deyib.<\/p>\n\n\n\n<p>Onun s\u00f6zl\u0259rin\u0259 g\u00f6r\u0259, h\u0259tta b\u0259zi media qurumlar\u0131 b\u0259z\u0259n aid olduqlar\u0131 d\u00f6vl\u0259tin maraqlar\u0131 \u00fc\u00e7\u00fcn \u201cRoma papas\u0131ndan art\u0131q katoliklik\u201d&nbsp;edirl\u0259r:<\/p>\n\n\n\n<p>\u201cBiz 44 g\u00fcnl\u00fck V\u0259t\u0259n m\u00fcharib\u0259si zaman\u0131 v\u0259 ondan sonra da bunu g\u00f6rd\u00fck. Bu proses davam ed\u0259c\u0259k. Bel\u0259 media qurumlar\u0131ndan biri d\u0259 \u201cSputnik Az\u0259rbaycan\u201dd\u0131r\u201d.<\/p>\n\n\n\n<p>Deputat vur\u011fulay\u0131b ki, \u201cSputnik Az\u0259rbaycan\u201d&nbsp;\u00f6z f\u0259aliyy\u0259ti il\u0259 n\u0259inki d\u00f6vl\u0259tl\u0259raras\u0131 m\u00fcnasib\u0259tl\u0259rin daha da yax\u015f\u0131la\u015fmas\u0131na xidm\u0259t edir, h\u0259tta b\u0259z\u0259n tam \u0259ksin\u0259, onu korlayacaq q\u0259d\u0259r q\u0259r\u0259zli olur:<\/p>\n\n\n\n<p>\u201cHalbuki onun maliyy\u0259l\u0259\u015fdirilm\u0259sind\u0259 v\u0259 bizim informasiya m\u0259kan\u0131m\u0131zda f\u0259aliyy\u0259t g\u00f6st\u0259rm\u0259sin\u0259 icaz\u0259 verilm\u0259sind\u0259 d\u0259 \u0259sas qay\u0259 odur ki, iki qon\u015fu v\u0259 dost \u00f6lk\u0259 aras\u0131nda etibarl\u0131 informasiya k\u00f6rp\u00fcs\u00fc yaratma\u011fa xidm\u0259t etsin. Biz is\u0259 bunun \u0259ksini m\u00fc\u015fahid\u0259 edirik. G\u00f6r\u00fcn\u00fcr ki, bu media qurumunun r\u0259hb\u0259rinin milli&nbsp;hissl\u0259ri onun v\u0259t\u0259nda\u015f\u0131 oldu\u011fu d\u00f6vl\u0259t qar\u015f\u0131s\u0131nda v\u0259zif\u0259 m\u0259suliyy\u0259tind\u0259n daha \u00fcst\u00fcnd\u00fcr. Bel\u0259 olan halda he\u00e7 bir t\u0259r\u0259f icaz\u0259 ver\u0259 bilm\u0259z ki, hans\u0131sa etnik ambisiya Rusiya v\u0259 Az\u0259rbaycan kimi iki dost v\u0259 qon\u015fu \u00f6lk\u0259nin maraqlar\u0131na ziyan vursun. Ona g\u00f6r\u0259 d\u0259 bel\u0259 m\u0259s\u0259l\u0259l\u0259r\u0259 son qoyulmal\u0131d\u0131r\u201d.<\/p>\n","protected":false},"excerpt":{"rendered":"<p>\u201cMedia hans\u0131 m\u0259kanda f\u0259aliyy\u0259t g\u00f6st\u0259rm\u0259sind\u0259n v\u0259 kim\u0259 m\u0259xsus olmas\u0131ndan as\u0131l\u0131 olmayaraq m\u00fcst\u0259qil, obyektiv v\u0259 t\u0259r\u0259fsiz olmal\u0131d\u0131r. Ancaq t\u0259\u0259ss\u00fcf ki, median\u0131n bu \u0259sas prinsipl\u0259ri \u00e7oxdan<\/p>\n","protected":false},"author":2,"featured_media":0,"comment_status":"closed","ping_status":"closed","sticky":false,"template":"","format":"standard","meta":{"footnotes":""},"categories":[1],"tags":[],"class_list":["post-66088","post","type-post","status-publish","format-standard","hentry","category-siyast"],"aioseo_notices":[],"_links":{"self":[{"href":"https:\/\/fedai.az\/index.php?rest_route=\/wp\/v2\/posts\/66088","targetHints":{"allow":["GET"]}}],"collection":[{"href":"https:\/\/fedai.az\/index.php?rest_route=\/wp\/v2\/posts"}],"about":[{"href":"https:\/\/fedai.az\/index.php?rest_route=\/wp\/v2\/types\/post"}],"author":[{"embeddable":true,"href":"https:\/\/fedai.az\/index.php?rest_route=\/wp\/v2\/users\/2"}],"replies":[{"embeddable":true,"href":"https:\/\/fedai.az\/index.php?rest_route=%2Fwp%2Fv2%2Fcomments&post=66088"}],"version-history":[{"count":1,"href":"https:\/\/fedai.az\/index.php?rest_route=\/wp\/v2\/posts\/66088\/revisions"}],"predecessor-version":[{"id":66090,"href":"https:\/\/fedai.az\/index.php?rest_route=\/wp\/v2\/posts\/66088\/revisions\/66090"}],"wp:attachment":[{"href":"https:\/\/fedai.az\/index.php?rest_route=%2Fwp%2Fv2%2Fmedia&parent=66088"}],"wp:term":[{"taxonomy":"category","embeddable":true,"href":"https:\/\/fedai.az\/index.php?rest_route=%2Fwp%2Fv2%2Fcategories&post=66088"},{"taxonomy":"post_tag","embeddable":true,"href":"https:\/\/fedai.az\/index.php?rest_route=%2Fwp%2Fv2%2Ftags&post=66088"}],"curies":[{"name":"wp","href":"https:\/\/api.w.org\/{rel}","templated":true}]}}