{"id":66091,"date":"2022-03-29T15:24:59","date_gmt":"2022-03-29T11:24:59","guid":{"rendered":"https:\/\/fedai.az\/?p=66091"},"modified":"2022-03-29T17:34:56","modified_gmt":"2022-03-29T13:34:56","slug":"erm%c9%99ni-yalina-s%c9%99s-salan-delyagin%c9%99-rusiyanin-cavabi","status":"publish","type":"post","link":"https:\/\/fedai.az\/?p=66091","title":{"rendered":"Erm\u0259ni yal\u0131na s\u0259s salan Delyagin\u0259 Rusiyan\u0131n cavab\u0131"},"content":{"rendered":"\n<p><strong>\u201cD\u00f6vl\u0259t Dumas\u0131n\u0131n deputat\u0131 Mixail Delyaginin Rusiyan\u0131n Az\u0259rbaycan\u0131n neft infrastrukturuna z\u0259rb\u0259l\u0259r endirm\u0259si ehtimal\u0131 il\u0259 ba\u011fl\u0131 b\u0259yanat\u0131 Rusiya r\u0259hb\u0259rliyinin siyas\u0259tin\u0259 tamamil\u0259 ziddir\u201d.<\/strong><\/p>\n\n\n\n<p>Bunu Siyasi Ara\u015fd\u0131rmalar M\u0259rk\u0259zinin direktoru, Rusiya D\u00f6vl\u0259t Dumas\u0131n\u0131n sabiq deputat\u0131 Sergey Markov \u00f6z \u201cTelegram\u201d s\u0259hif\u0259sind\u0259 yaz\u0131b.<\/p>\n\n\n\n<p><strong>\u201cBu b\u0259yanatlar m\u0259suliyy\u0259tsizlikdir v\u0259 Rusiyan\u0131n maraqlar\u0131na ziddir\u201d,<\/strong> &#8212; dey\u0259 politoloq vur\u011fulay\u0131b.<\/p>\n\n\n\n<p>************<\/p>\n\n\n\n<p><strong>Kreml d\u0259 Rusiya D\u00f6vl\u0259t Dumas\u0131n\u0131n deputat\u0131 Mixail Delyaginin Az\u0259rbaycan\u0131 h\u0259d\u0259l\u0259m\u0259si il\u0259 ba\u011fl\u0131 a\u00e7\u0131qlamas\u0131na m\u00fcnasib\u0259t bildirib.<\/strong><\/p>\n\n\n\n<p>Rusiya Prezidentinin s\u00f6z\u00e7\u00fcs\u00fc, Kremlin m\u0259tbuat katibi Dmitri Peskov M.Delyaginin a\u00e7\u0131qlamas\u0131n\u0131n r\u0259smi Moskvan\u0131n x\u0259ttin\u0259 uy\u011fun olmad\u0131\u011f\u0131n\u0131 vur\u011fulay\u0131b.<\/p>\n\n\n\n<p><strong>\u201cMixail Delyaginin a\u00e7\u0131qlamas\u0131 r\u0259smi Moskvan\u0131n siyasi x\u0259ttin\u0259 uy\u011fun deyil. Bu a\u00e7\u0131qlama \u015f\u0259xsi duy\u011fular m\u00fcst\u0259visind\u0259 edilib. Biz bu emosiyalar\u0131 cilovlama\u011fa v\u0259 x\u00fcsusil\u0259 t\u0259r\u0259fda\u015flar\u0131m\u0131za m\u00fcnasib\u0259td\u0259 bu c\u00fcr ifad\u0259l\u0259rd\u0259n \u00e7\u0259kinm\u0259y\u0259 \u00e7a\u011f\u0131r\u0131r\u0131q.&nbsp;Az\u0259rbaycan bizim \u00fc\u00e7\u00fcn t\u0259r\u0259fda\u015f d\u00f6vl\u0259tl\u0259r kateqoriyas\u0131na daxildir\u201d,&nbsp;<\/strong>&#8212; dey\u0259 D.Peskov vur\u011fulay\u0131b.&nbsp;<\/p>\n\n\n\n<p>Qeyd ed\u0259k ki, \u00f6t\u0259n g\u00fcn Rusiyan\u0131n d\u00f6vl\u0259t telekanal\u0131nda yay\u0131mlanan \u201c60 d\u0259qiq\u0259\u201d verili\u015find\u0259 Rusiya Dumas\u0131n\u0131n komit\u0259 s\u0259drinin m\u00fcavini Mixail Delyagin \u00f6lk\u0259miz\u0259 qar\u015f\u0131 t\u0259xribat xarakterli fikirl\u0259r s\u0259sl\u0259ndirib.&nbsp;<\/p>\n\n\n\n<p>O, Az\u0259rbaycan\u0131 \u201cproksi-d\u00f6vl\u0259t\u201d adland\u0131rm\u0131\u015f\u00a0v\u0259 \u00f6lk\u0259mizin neft s\u0259nayesini vurma\u011f\u0131 t\u0259klif etmi\u015fdi.<\/p>\n\n\n\n<p>************ <\/p>\n\n\n\n<p><strong>Rusiya Xarici \u0130\u015fl\u0259r Nazirliyi D\u00f6vl\u0259t Dumas\u0131n\u0131n \u0130qtisadi siyas\u0259t komit\u0259sinin s\u0259dr m\u00fcavini Mixail Delyaginin Az\u0259rbaycanla ba\u011fl\u0131 t\u0259xribat\u00e7\u0131 a\u00e7\u0131qlamalar\u0131na m\u00fcnasib\u0259t bildirib.<\/strong><\/p>\n\n\n\n<p><br>Nazirlik bununla ba\u011fl\u0131 a\u00e7\u0131qlama yay\u0131b.<\/p>\n\n\n\n<p>&#171;Deputat Delyaginin Az\u0259rbaycan v\u0259 Qaraba\u011fla ba\u011fl\u0131 a\u00e7\u0131qlamalar\u0131 Moskvan\u0131n m\u00f6vqeyin\u0259 uy\u011fun g\u0259lmir v\u0259 q\u0259buledilm\u0259zdir\u201d, &#8212; X\u0130N-d\u0259n bildirilib.<\/p>\n\n\n\n<p>M\u0259nb\u0259: R\u0130A Novosti<\/p>\n","protected":false},"excerpt":{"rendered":"<p>\u201cD\u00f6vl\u0259t Dumas\u0131n\u0131n deputat\u0131 Mixail Delyaginin Rusiyan\u0131n Az\u0259rbaycan\u0131n neft infrastrukturuna z\u0259rb\u0259l\u0259r endirm\u0259si ehtimal\u0131 il\u0259 ba\u011fl\u0131 b\u0259yanat\u0131 Rusiya r\u0259hb\u0259rliyinin siyas\u0259tin\u0259 tamamil\u0259 ziddir\u201d. Bunu Siyasi Ara\u015fd\u0131rmalar M\u0259rk\u0259zinin<\/p>\n","protected":false},"author":2,"featured_media":0,"comment_status":"closed","ping_status":"closed","sticky":false,"template":"","format":"standard","meta":{"footnotes":""},"categories":[15],"tags":[],"class_list":["post-66091","post","type-post","status-publish","format-standard","hentry","category-atmaca"],"aioseo_notices":[],"_links":{"self":[{"href":"https:\/\/fedai.az\/index.php?rest_route=\/wp\/v2\/posts\/66091","targetHints":{"allow":["GET"]}}],"collection":[{"href":"https:\/\/fedai.az\/index.php?rest_route=\/wp\/v2\/posts"}],"about":[{"href":"https:\/\/fedai.az\/index.php?rest_route=\/wp\/v2\/types\/post"}],"author":[{"embeddable":true,"href":"https:\/\/fedai.az\/index.php?rest_route=\/wp\/v2\/users\/2"}],"replies":[{"embeddable":true,"href":"https:\/\/fedai.az\/index.php?rest_route=%2Fwp%2Fv2%2Fcomments&post=66091"}],"version-history":[{"count":2,"href":"https:\/\/fedai.az\/index.php?rest_route=\/wp\/v2\/posts\/66091\/revisions"}],"predecessor-version":[{"id":66100,"href":"https:\/\/fedai.az\/index.php?rest_route=\/wp\/v2\/posts\/66091\/revisions\/66100"}],"wp:attachment":[{"href":"https:\/\/fedai.az\/index.php?rest_route=%2Fwp%2Fv2%2Fmedia&parent=66091"}],"wp:term":[{"taxonomy":"category","embeddable":true,"href":"https:\/\/fedai.az\/index.php?rest_route=%2Fwp%2Fv2%2Fcategories&post=66091"},{"taxonomy":"post_tag","embeddable":true,"href":"https:\/\/fedai.az\/index.php?rest_route=%2Fwp%2Fv2%2Ftags&post=66091"}],"curies":[{"name":"wp","href":"https:\/\/api.w.org\/{rel}","templated":true}]}}