{"id":66094,"date":"2022-03-29T15:42:34","date_gmt":"2022-03-29T11:42:34","guid":{"rendered":"https:\/\/fedai.az\/?p=66094"},"modified":"2022-03-29T15:42:37","modified_gmt":"2022-03-29T11:42:37","slug":"erm%c9%99nil%c9%99r-bel%c9%99-qacdi-erm%c9%99ni-jurnalistd%c9%99n-aciqlama","status":"publish","type":"post","link":"https:\/\/fedai.az\/?p=66094","title":{"rendered":"\u201cErm\u0259nil\u0259r bel\u0259 qa\u00e7d\u0131\u201d \u2013 Erm\u0259ni jurnalistd\u0259n A\u00c7IQLAMA"},"content":{"rendered":"\n<p><strong>\u201cQaraba\u011fda ba\u015f ver\u0259nl\u0259ri sad\u0259c\u0259 d\u0259h\u015f\u0259tlidir. M\u00fcharib\u0259 aparmaq \u00fc\u00e7\u00fcn ordun olmal\u0131d\u0131r\u201d.<\/strong><\/p>\n\n\n\n<p>Alp.az x\u0259b\u0259r verir ki, bunu erm\u0259ni jurnalist Bella Lalayan deyib.<\/p>\n\n\n\n<p>\u201c44 g\u00fcnl\u00fck m\u00fcharib\u0259d\u0259n sonra ordunu formala\u015fd\u0131rmaq laz\u0131m idi. Amma buna getm\u0259dil\u0259r. Pafoslu \u00e7\u0131x\u0131\u015flarla s\u0259rh\u0259dl\u0259ri qorumaq olmur. Siz anlad\u0131n\u0131z Az\u0259rbaycan F\u0259rrux k\u0259ndini nec\u0259 tutdu? He\u00e7 bir g\u00fcll\u0259 atmadan. S\u0259sg\u00fccl\u0259ndiricil\u0259rl\u0259 g\u0259lirik dey\u0259n kimi, \u00f6zl\u0259rini \u201cq\u0259hr\u0259man\u201d adland\u0131ranlar ruslarla birlikd\u0259 qa\u00e7d\u0131. Pe\u015f\u0259kar ordu qurmaq laz\u0131md\u0131r. M\u0259n orduda xidm\u0259t ed\u0259c\u0259y\u0259m dey\u0259 bir fikir yoxdur. Yax\u015f\u0131 ordu qurmasaq \u0130r\u0259van da t\u0259hl\u00fck\u0259 alt\u0131na d\u00fc\u015f\u0259 bil\u0259r. \u018fsas g\u00fccl\u00fc v\u0259 pe\u015f\u0259kar ordu qurmaqd\u0131r. Bu yoxdursa b\u00fct\u00fcn \u015f\u0259h\u0259rl\u0259rimiz \u0259ld\u0259n ged\u0259c\u0259k. Reall\u0131qda is\u0259 indi Rusiyaya \u00fcmid etm\u0259k laz\u0131m deyil.\u201d \u2013 Lalayan bildirib.<\/p>\n\n\n\n<p>M\u0259nb\u0259: Alp.az<\/p>\n","protected":false},"excerpt":{"rendered":"<p>\u201cQaraba\u011fda ba\u015f ver\u0259nl\u0259ri sad\u0259c\u0259 d\u0259h\u015f\u0259tlidir. M\u00fcharib\u0259 aparmaq \u00fc\u00e7\u00fcn ordun olmal\u0131d\u0131r\u201d. Alp.az x\u0259b\u0259r verir ki, bunu erm\u0259ni jurnalist Bella Lalayan deyib. \u201c44 g\u00fcnl\u00fck m\u00fcharib\u0259d\u0259n sonra<\/p>\n","protected":false},"author":2,"featured_media":0,"comment_status":"closed","ping_status":"closed","sticky":false,"template":"","format":"standard","meta":{"footnotes":""},"categories":[4],"tags":[],"class_list":["post-66094","post","type-post","status-publish","format-standard","hentry","category-qarabag"],"aioseo_notices":[],"_links":{"self":[{"href":"https:\/\/fedai.az\/index.php?rest_route=\/wp\/v2\/posts\/66094","targetHints":{"allow":["GET"]}}],"collection":[{"href":"https:\/\/fedai.az\/index.php?rest_route=\/wp\/v2\/posts"}],"about":[{"href":"https:\/\/fedai.az\/index.php?rest_route=\/wp\/v2\/types\/post"}],"author":[{"embeddable":true,"href":"https:\/\/fedai.az\/index.php?rest_route=\/wp\/v2\/users\/2"}],"replies":[{"embeddable":true,"href":"https:\/\/fedai.az\/index.php?rest_route=%2Fwp%2Fv2%2Fcomments&post=66094"}],"version-history":[{"count":1,"href":"https:\/\/fedai.az\/index.php?rest_route=\/wp\/v2\/posts\/66094\/revisions"}],"predecessor-version":[{"id":66096,"href":"https:\/\/fedai.az\/index.php?rest_route=\/wp\/v2\/posts\/66094\/revisions\/66096"}],"wp:attachment":[{"href":"https:\/\/fedai.az\/index.php?rest_route=%2Fwp%2Fv2%2Fmedia&parent=66094"}],"wp:term":[{"taxonomy":"category","embeddable":true,"href":"https:\/\/fedai.az\/index.php?rest_route=%2Fwp%2Fv2%2Fcategories&post=66094"},{"taxonomy":"post_tag","embeddable":true,"href":"https:\/\/fedai.az\/index.php?rest_route=%2Fwp%2Fv2%2Ftags&post=66094"}],"curies":[{"name":"wp","href":"https:\/\/api.w.org\/{rel}","templated":true}]}}