{"id":66097,"date":"2022-03-29T17:33:43","date_gmt":"2022-03-29T13:33:43","guid":{"rendered":"https:\/\/fedai.az\/?p=66097"},"modified":"2022-03-29T17:33:48","modified_gmt":"2022-03-29T13:33:48","slug":"ukrayna-numay%c9%99nd%c9%99-hey%c9%99tind%c9%99n-gorusl%c9%99-bagli-ilk-aciqlama-g%c9%99ldi","status":"publish","type":"post","link":"https:\/\/fedai.az\/?p=66097","title":{"rendered":"Ukrayna n\u00fcmay\u0259nd\u0259 hey\u0259tind\u0259n g\u00f6r\u00fc\u015fl\u0259 ba\u011fl\u0131 ilk a\u00e7\u0131qlama g\u0259ldi"},"content":{"rendered":"\n<p><strong>Ukrayna v\u0259 Rusiyan\u0131n dan\u0131\u015f\u0131qlar \u00fczr\u0259 n\u00fcmay\u0259nd\u0259 hey\u0259tl\u0259rinin T\u00fcrkiy\u0259nin \u0130stanbul \u015f\u0259h\u0259rind\u0259ki g\u00f6r\u00fc\u015f\u00fc ba\u015fa \u00e7at\u0131b.<\/strong><\/p>\n\n\n\n<p>\u00a0&#171;TRT Haber&#187;in verdiyi x\u0259b\u0259r\u0259 g\u00f6r\u0259, Ukrayna n\u00fcmay\u0259nd\u0259 hey\u0259ti g\u00f6r\u00fc\u015fd\u0259n sonra b\u0259yanatla \u00e7\u0131x\u0131\u015f edib.<\/p>\n\n\n\n<p>&#171;Ukraynan\u0131n t\u0259hl\u00fck\u0259sizliyi bizim \u0259n vacib t\u0259l\u0259bimizdir. Sazi\u015fd\u0259 he\u00e7 n\u0259 Ukraynan\u0131n Avropa \u0130ttifaq\u0131na daxil olmas\u0131na mane olmayacaq. Biz NATO-ya daxil olmayacay\u0131q, amma A\u0130-y\u0259 qo\u015fulmaq ist\u0259yirik.<\/p>\n\n\n\n<p>Kr\u0131m m\u0259s\u0259l\u0259si \u00e7ox \u00f6n\u0259mlidir v\u0259 bu h\u0259ll olunmal\u0131d\u0131r. Biz indi Ukraynan\u0131n g\u0259l\u0259c\u0259yini d\u00fc\u015f\u00fcnm\u0259liyik.&nbsp;Dan\u0131\u015f\u0131qlar ged\u0259n m\u00fcdd\u0259td\u0259 Rusiyaya g\u00fcc t\u0259tbiq etm\u0259m\u0259yi t\u0259klif etdik. M\u00f6vqeyimizl\u0259 ba\u011fl\u0131 qar\u015f\u0131 t\u0259r\u0259f\u0259 m\u0259lumat vermi\u015fik, cavab g\u00f6zl\u0259yirik&#187; , &#8212; b\u0259yanatda deyilir.<\/p>\n","protected":false},"excerpt":{"rendered":"<p>Ukrayna v\u0259 Rusiyan\u0131n dan\u0131\u015f\u0131qlar \u00fczr\u0259 n\u00fcmay\u0259nd\u0259 hey\u0259tl\u0259rinin T\u00fcrkiy\u0259nin \u0130stanbul \u015f\u0259h\u0259rind\u0259ki g\u00f6r\u00fc\u015f\u00fc ba\u015fa \u00e7at\u0131b. \u00a0&#171;TRT Haber&#187;in verdiyi x\u0259b\u0259r\u0259 g\u00f6r\u0259, Ukrayna n\u00fcmay\u0259nd\u0259 hey\u0259ti g\u00f6r\u00fc\u015fd\u0259n sonra b\u0259yanatla<\/p>\n","protected":false},"author":2,"featured_media":0,"comment_status":"closed","ping_status":"closed","sticky":false,"template":"","format":"standard","meta":{"footnotes":""},"categories":[1],"tags":[],"class_list":["post-66097","post","type-post","status-publish","format-standard","hentry","category-siyast"],"aioseo_notices":[],"_links":{"self":[{"href":"https:\/\/fedai.az\/index.php?rest_route=\/wp\/v2\/posts\/66097","targetHints":{"allow":["GET"]}}],"collection":[{"href":"https:\/\/fedai.az\/index.php?rest_route=\/wp\/v2\/posts"}],"about":[{"href":"https:\/\/fedai.az\/index.php?rest_route=\/wp\/v2\/types\/post"}],"author":[{"embeddable":true,"href":"https:\/\/fedai.az\/index.php?rest_route=\/wp\/v2\/users\/2"}],"replies":[{"embeddable":true,"href":"https:\/\/fedai.az\/index.php?rest_route=%2Fwp%2Fv2%2Fcomments&post=66097"}],"version-history":[{"count":1,"href":"https:\/\/fedai.az\/index.php?rest_route=\/wp\/v2\/posts\/66097\/revisions"}],"predecessor-version":[{"id":66099,"href":"https:\/\/fedai.az\/index.php?rest_route=\/wp\/v2\/posts\/66097\/revisions\/66099"}],"wp:attachment":[{"href":"https:\/\/fedai.az\/index.php?rest_route=%2Fwp%2Fv2%2Fmedia&parent=66097"}],"wp:term":[{"taxonomy":"category","embeddable":true,"href":"https:\/\/fedai.az\/index.php?rest_route=%2Fwp%2Fv2%2Fcategories&post=66097"},{"taxonomy":"post_tag","embeddable":true,"href":"https:\/\/fedai.az\/index.php?rest_route=%2Fwp%2Fv2%2Ftags&post=66097"}],"curies":[{"name":"wp","href":"https:\/\/api.w.org\/{rel}","templated":true}]}}