{"id":66148,"date":"2022-03-30T02:46:05","date_gmt":"2022-03-29T22:46:05","guid":{"rendered":"https:\/\/fedai.az\/?p=66148"},"modified":"2022-03-30T02:46:31","modified_gmt":"2022-03-29T22:46:31","slug":"t%c9%99brik-fuad-samiyev-48","status":"publish","type":"post","link":"https:\/\/fedai.az\/?p=66148","title":{"rendered":"T\u018fBR\u0130K: FUAD SAMIYEV &#8212; 48"},"content":{"rendered":"\n<p><strong>Az\u0259rbaycan V\u0259t\u0259n M\u00fcharib\u0259si Veteranlari \u0130ctimai Birliyinin r\u0259hb\u0259rliyi v\u0259 Fedai.az kollektivi Az\u0259rbaycan V\u0259t\u0259n M\u00fcharib\u0259si Veteranlar\u0131 \u0130ctimai Birliyinin (AVMV\u0130B) \u015eamax\u0131 rayon \u015f\u00f6b\u0259sinin s\u0259dri i do\u011fum g\u00fcn\u00fc munasb\u0259til\u0259 Fuad Sam\u0131yevi s\u0259mimi q\u0259lbd\u0259n t\u0259brik edir, ona h\u0259yatda insan \u00fc\u00e7\u00fcn \u0259n \u015firin nem\u0259t olan m\u00f6hk\u0259m can sa\u011fl\u0131\u011f\u0131, ail\u0259 s\u0259ad\u0259ti v\u0259 h\u0259yat yollar\u0131nda bitib \u2014 t\u00fck\u0259nm\u0259y\u0259n nailiyy\u0259tl\u0259r arzulay\u0131r.<\/strong><\/p>\n\n\n\n<p><br>Arzu edirik ki, H\u0259s\u0259n \u018fliyev\u0131n ya\u015f\u0131n\u0131n \u00fcst\u0259 g\u0259l\u0259n bu ya\u015f ona sevinc dolu g\u00fcnl\u0259r b\u0259x\u015f etsin v\u0259 h\u0259r yeni g\u00fcn\u00fc is\u0259 \u00f6t\u0259n g\u00fcnl\u0259rd\u0259n daha g\u00f6z\u0259l ist\u0259kl\u0259rin\u0259 uy\u011fun onu xo\u015fb\u0259xt ed\u0259c\u0259k \u015f\u0259kild\u0259 ke\u00e7sin. Amin!<\/p>\n\n\n\n<figure class=\"wp-block-gallery columns-3 is-cropped wp-block-gallery-1 is-layout-flex wp-block-gallery-is-layout-flex\"><ul class=\"blocks-gallery-grid\"><li class=\"blocks-gallery-item\"><figure><img decoding=\"async\" src=\"https:\/\/fedai.az\/wp-content\/uploads\/2022\/03\/20220329_213703-1.jpg\" alt=\"\" data-id=\"66149\" data-link=\"https:\/\/fedai.az\/?attachment_id=66149\" class=\"wp-image-66149\"\/><\/figure><\/li><li class=\"blocks-gallery-item\"><figure><img decoding=\"async\" src=\"https:\/\/fedai.az\/wp-content\/uploads\/2022\/03\/20220329_213311.jpg\" alt=\"\" data-id=\"66150\" data-link=\"https:\/\/fedai.az\/?attachment_id=66150\" class=\"wp-image-66150\"\/><\/figure><\/li><li class=\"blocks-gallery-item\"><figure><img decoding=\"async\" src=\"https:\/\/fedai.az\/wp-content\/uploads\/2022\/03\/20220329_213836.jpg\" alt=\"\" data-id=\"66153\" data-full-url=\"https:\/\/fedai.az\/wp-content\/uploads\/2022\/03\/20220329_213836.jpg\" data-link=\"https:\/\/fedai.az\/?attachment_id=66153\" class=\"wp-image-66153\"\/><\/figure><\/li><\/ul><\/figure>\n\n\n\n<p>Fuad Sam\u0131yev Daxili Qo\u015funlar\u0131n t\u0259rkibind\u0259 Qaraba\u011f u\u011frunda d\u00f6y\u00fc\u015fl\u0259r\u0259 qat\u0131l\u0131b.<\/p>\n\n\n\n<p><br>At\u0259\u015fk\u0259s d\u00f6vr\u00fcnd\u0259 veteranlar\u0131n h\u00fcquqlar\u0131n\u0131n m\u00fcdafi\u0259sind\u0259 v\u0259 onlar\u0131n h\u00fcquqlar\u0131n\u0131n b\u0259rpas\u0131nda yax\u0131ndan i\u015ftirak edib. 44 g\u00fcnl\u00fck V\u0259t\u0259n m\u00fcharib\u0259si g\u00fcnl\u0259rind\u0259 d\u0259 k\u0259narda qalmay\u0131b. Ordumuza d\u0259st\u0259k olma\u011fa \u00e7al\u0131\u015f\u0131b.<\/p>\n\n\n\n<figure class=\"wp-block-image size-large\"><img decoding=\"async\" src=\"https:\/\/fedai.az\/wp-content\/uploads\/2022\/03\/20220329_213250-1024x715.jpg\" alt=\"\" class=\"wp-image-66154\"\/><\/figure>\n\n\n\n<p><br><strong>B\u00fct\u00fcn g\u00f6z\u0259llikl\u0259r s\u0259nin olsun v\u0259 bu g\u00f6z\u0259llikl\u0259r i\u00e7ind\u0259 100 ya\u015fa!<\/strong><\/p>\n\n\n\n<p><strong>H\u018fM\u0130\u015e\u018f \u00dcZ\u00dcN G\u00dcLS\u00dcN, \u00dcR\u018fY\u0130N SEV\u0130NS\u0130N!<\/strong><\/p>\n\n\n\n<p><strong>B\u00dcT\u00dcN ARZULARIN \u00c7\u0130N OLSUN!<\/strong><\/p>\n\n\n\n<p><strong>D\u0259rin h\u00f6rm\u0259tl\u0259, Az\u0259rbaycan V\u0259t\u0259n M\u00fcharib\u0259si Veteranlar\u0131 \u0130ctimai Birliyi s\u0259drinin m\u00fcavini polkovnik Salman Musayev<\/strong><\/p>\n\n\n\n<figure class=\"wp-block-image size-large is-resized\"><img loading=\"lazy\" decoding=\"async\" src=\"https:\/\/fedai.az\/wp-content\/uploads\/2022\/03\/275049921_2793364560972533_5559077798671349881_n-715x400-1.jpg\" alt=\"\" class=\"wp-image-66152\" width=\"1096\" height=\"613\"\/><\/figure>\n\n\n\n<figure class=\"wp-block-image size-large\"><img decoding=\"async\" src=\"https:\/\/fedai.az\/wp-content\/uploads\/2022\/03\/20220329_214426-1024x707.jpg\" alt=\"\" class=\"wp-image-66155\"\/><\/figure>\n\n\n\n<figure class=\"wp-block-gallery columns-2 is-cropped wp-block-gallery-2 is-layout-flex wp-block-gallery-is-layout-flex\"><ul class=\"blocks-gallery-grid\"><li class=\"blocks-gallery-item\"><figure><img decoding=\"async\" src=\"https:\/\/fedai.az\/wp-content\/uploads\/2022\/03\/oiuy6-1.jpg\" alt=\"\" data-id=\"66156\" data-full-url=\"https:\/\/fedai.az\/wp-content\/uploads\/2022\/03\/oiuy6-1.jpg\" data-link=\"https:\/\/fedai.az\/?attachment_id=66156\" class=\"wp-image-66156\"\/><\/figure><\/li><li class=\"blocks-gallery-item\"><figure><img decoding=\"async\" src=\"https:\/\/fedai.az\/wp-content\/uploads\/2022\/03\/8265a327389da9fe4fdc2714b309120e-6-1-2.jpg\" alt=\"\" data-id=\"65692\" data-link=\"https:\/\/fedai.az\/?attachment_id=65692\" class=\"wp-image-65692\"\/><\/figure><\/li><\/ul><\/figure>\n","protected":false},"excerpt":{"rendered":"<p>Az\u0259rbaycan V\u0259t\u0259n M\u00fcharib\u0259si Veteranlari \u0130ctimai Birliyinin r\u0259hb\u0259rliyi v\u0259 Fedai.az kollektivi Az\u0259rbaycan V\u0259t\u0259n M\u00fcharib\u0259si Veteranlar\u0131 \u0130ctimai Birliyinin (AVMV\u0130B) \u015eamax\u0131 rayon \u015f\u00f6b\u0259sinin s\u0259dri i do\u011fum g\u00fcn\u00fc<\/p>\n","protected":false},"author":2,"featured_media":0,"comment_status":"closed","ping_status":"closed","sticky":false,"template":"","format":"standard","meta":{"footnotes":""},"categories":[5],"tags":[],"class_list":["post-66148","post","type-post","status-publish","format-standard","hentry","category-veteran"],"aioseo_notices":[],"_links":{"self":[{"href":"https:\/\/fedai.az\/index.php?rest_route=\/wp\/v2\/posts\/66148","targetHints":{"allow":["GET"]}}],"collection":[{"href":"https:\/\/fedai.az\/index.php?rest_route=\/wp\/v2\/posts"}],"about":[{"href":"https:\/\/fedai.az\/index.php?rest_route=\/wp\/v2\/types\/post"}],"author":[{"embeddable":true,"href":"https:\/\/fedai.az\/index.php?rest_route=\/wp\/v2\/users\/2"}],"replies":[{"embeddable":true,"href":"https:\/\/fedai.az\/index.php?rest_route=%2Fwp%2Fv2%2Fcomments&post=66148"}],"version-history":[{"count":1,"href":"https:\/\/fedai.az\/index.php?rest_route=\/wp\/v2\/posts\/66148\/revisions"}],"predecessor-version":[{"id":66157,"href":"https:\/\/fedai.az\/index.php?rest_route=\/wp\/v2\/posts\/66148\/revisions\/66157"}],"wp:attachment":[{"href":"https:\/\/fedai.az\/index.php?rest_route=%2Fwp%2Fv2%2Fmedia&parent=66148"}],"wp:term":[{"taxonomy":"category","embeddable":true,"href":"https:\/\/fedai.az\/index.php?rest_route=%2Fwp%2Fv2%2Fcategories&post=66148"},{"taxonomy":"post_tag","embeddable":true,"href":"https:\/\/fedai.az\/index.php?rest_route=%2Fwp%2Fv2%2Ftags&post=66148"}],"curies":[{"name":"wp","href":"https:\/\/api.w.org\/{rel}","templated":true}]}}