{"id":66159,"date":"2022-03-30T03:02:48","date_gmt":"2022-03-29T23:02:48","guid":{"rendered":"https:\/\/fedai.az\/?p=66159"},"modified":"2022-03-30T03:02:52","modified_gmt":"2022-03-29T23:02:52","slug":"avmvib-xocav%c9%99nd-rayon-sob%c9%99sind%c9%99-2","status":"publish","type":"post","link":"https:\/\/fedai.az\/?p=66159","title":{"rendered":"AVMV\u0130B Xocav\u0259nd rayon \u015f\u00f6b\u0259sind\u0259"},"content":{"rendered":"\n<p><strong>M\u00fcharib\u0259 veteran\u0131 Ayd\u0131n R\u0259\u015fid o\u011flu V\u0259liyev AVMV\u0130B-nin t\u0259sis etdiyi Xatir\u0259 medal\u0131yla t\u0259ltif edilib.<\/strong><\/p>\n\n\n\n<p>Ayd\u0131n R\u0259\u015fid o\u011flu V\u0259liyev Xocav\u0259nd rayonu Qarada\u011fl\u0131 k\u0259ndind\u0259 anadan olub. Hadis\u0259l\u0259rin ilk g\u00fcnl\u0259rind\u0259n V\u0259t\u0259nin m\u00fcdafi\u0259sin\u0259 qalx\u0131b. F\u0259al m\u00fcharib\u0259 veteran\u0131 kimi bu g\u00fcn d\u0259 f\u0259aliyy\u0259tini Az\u0259rbaycan V\u0259t\u0259n M\u00fcharib\u0259si Veteranlar\u0131 \u0130ctimai Birliyi (AVMV\u0130B) Xocav\u0259nd rayon \u015f\u00f6b\u0259sinin \u00fczv\u00fc kimi davam etdirir.<\/p>\n\n\n\n<figure class=\"wp-block-image size-large\"><img decoding=\"async\" src=\"https:\/\/fedai.az\/wp-content\/uploads\/2022\/03\/275728772_1023751701559580_3206549730796444478_n-1024x576.jpg\" alt=\"\" class=\"wp-image-66160\"\/><\/figure>\n\n\n\n<p>Az\u0259rbaycan V\u0259t\u0259n M\u00fcharib\u0259si Veteranlar\u0131 \u0130ctimai Birliyi (AVMV\u0130B) s\u0259drinin s\u0259lahiyy\u0259tli n\u00fcmay\u0259nd\u0259si, Xocav\u0259nd rayon \u015f\u00f6b\u0259sinin s\u0259dri Akif H\u0259s\u0259nov t\u0259ltif m\u00fcnasib\u0259tiyl\u0259 Ayd\u0131n V\u0259liyevi t\u0259brik etdi. M\u00fcharib\u0259 veteranlar\u0131n\u0131n V\u0259t\u0259nimizin m\u00fcdafi\u0259si \u00fc\u00e7\u00fcn daim \u00f6nd\u0259 olduqlar\u0131n\u0131 qeyd etdi.<\/p>\n\n\n\n<p>T\u0259dbird\u0259 Az\u0259rbaycan V\u0259t\u0259n M\u00fcharib\u0259si Veteranlar\u0131 \u0130ctimai Birliyi (AVMV\u0130B) Beyl\u0259qan rayon \u015f\u00f6b\u0259sinin s\u0259dri \u018fl\u00f6vs\u0259t M\u0259mm\u0259dov v\u0259 m\u00fcharib\u0259 veteranlar\u0131 i\u015ftirak edirdil\u0259r.<\/p>\n\n\n\n<p>T\u0259brik edirik!<\/p>\n\n\n\n<p><strong>El\u00e7in Q\u0259dirov<br>Qaraba\u011f \u00fczr\u0259 m\u00fcxbir, Xocav\u0259nd<\/strong><\/p>\n\n\n\n<figure class=\"wp-block-image size-large\"><img decoding=\"async\" src=\"https:\/\/fedai.az\/wp-content\/uploads\/2022\/03\/277216556_2630191880447607_2825555851405536283_n-1024x576.jpg\" alt=\"\" class=\"wp-image-66161\"\/><\/figure>\n","protected":false},"excerpt":{"rendered":"<p>M\u00fcharib\u0259 veteran\u0131 Ayd\u0131n R\u0259\u015fid o\u011flu V\u0259liyev AVMV\u0130B-nin t\u0259sis etdiyi Xatir\u0259 medal\u0131yla t\u0259ltif edilib. Ayd\u0131n R\u0259\u015fid o\u011flu V\u0259liyev Xocav\u0259nd rayonu Qarada\u011fl\u0131 k\u0259ndind\u0259 anadan olub. Hadis\u0259l\u0259rin<\/p>\n","protected":false},"author":2,"featured_media":0,"comment_status":"closed","ping_status":"closed","sticky":false,"template":"","format":"standard","meta":{"footnotes":""},"categories":[5],"tags":[],"class_list":["post-66159","post","type-post","status-publish","format-standard","hentry","category-veteran"],"aioseo_notices":[],"_links":{"self":[{"href":"https:\/\/fedai.az\/index.php?rest_route=\/wp\/v2\/posts\/66159","targetHints":{"allow":["GET"]}}],"collection":[{"href":"https:\/\/fedai.az\/index.php?rest_route=\/wp\/v2\/posts"}],"about":[{"href":"https:\/\/fedai.az\/index.php?rest_route=\/wp\/v2\/types\/post"}],"author":[{"embeddable":true,"href":"https:\/\/fedai.az\/index.php?rest_route=\/wp\/v2\/users\/2"}],"replies":[{"embeddable":true,"href":"https:\/\/fedai.az\/index.php?rest_route=%2Fwp%2Fv2%2Fcomments&post=66159"}],"version-history":[{"count":1,"href":"https:\/\/fedai.az\/index.php?rest_route=\/wp\/v2\/posts\/66159\/revisions"}],"predecessor-version":[{"id":66163,"href":"https:\/\/fedai.az\/index.php?rest_route=\/wp\/v2\/posts\/66159\/revisions\/66163"}],"wp:attachment":[{"href":"https:\/\/fedai.az\/index.php?rest_route=%2Fwp%2Fv2%2Fmedia&parent=66159"}],"wp:term":[{"taxonomy":"category","embeddable":true,"href":"https:\/\/fedai.az\/index.php?rest_route=%2Fwp%2Fv2%2Fcategories&post=66159"},{"taxonomy":"post_tag","embeddable":true,"href":"https:\/\/fedai.az\/index.php?rest_route=%2Fwp%2Fv2%2Ftags&post=66159"}],"curies":[{"name":"wp","href":"https:\/\/api.w.org\/{rel}","templated":true}]}}