{"id":66167,"date":"2022-03-30T03:53:55","date_gmt":"2022-03-29T23:53:55","guid":{"rendered":"https:\/\/fedai.az\/?p=66167"},"modified":"2022-03-30T03:53:59","modified_gmt":"2022-03-29T23:53:59","slug":"avmvib-sabirabad-rayon-sob%c9%99si-mart-ayinda-istirak-etdiyi-t%c9%99dbirl%c9%99ri-t%c9%99qdim-edib","status":"publish","type":"post","link":"https:\/\/fedai.az\/?p=66167","title":{"rendered":"AVMV\u0130B Sabirabad rayon \u015f\u00f6b\u0259si mart ay\u0131nda i\u015ftirak etdiyi t\u0259dbirl\u0259ri t\u0259qdim edib"},"content":{"rendered":"\n<p><strong>Az\u0259rbaycan V\u0259t\u0259n M\u00fcharib\u0259si Veteranlar\u0131 \u0130ctimai Birliyi (AVMV\u0130B) Sabirabad rayon \u015f\u00f6b\u0259si mart ay\u0131 \u00fc\u00e7\u00fcn i\u015ftirak etdiyi v\u0259 t\u0259\u015fkilat\u00e7\u0131s\u0131 oldu\u011fu t\u0259dbirl\u0259rin press realizini t\u0259qdim edib.<\/strong><\/p>\n\n\n\n<figure class=\"wp-block-gallery columns-2 is-cropped wp-block-gallery-1 is-layout-flex wp-block-gallery-is-layout-flex\"><ul class=\"blocks-gallery-grid\"><li class=\"blocks-gallery-item\"><figure><img decoding=\"async\" src=\"https:\/\/fedai.az\/wp-content\/uploads\/2022\/03\/277426557_1604235896614795_4854424894834365751_n.jpg\" alt=\"\" data-id=\"66180\" data-link=\"https:\/\/fedai.az\/?attachment_id=66180\" class=\"wp-image-66180\"\/><\/figure><\/li><li class=\"blocks-gallery-item\"><figure><img decoding=\"async\" src=\"https:\/\/fedai.az\/wp-content\/uploads\/2022\/03\/277071049_1008443936446303_2991174414240669618_n-768x1024.jpg\" alt=\"\" data-id=\"66181\" data-full-url=\"https:\/\/fedai.az\/wp-content\/uploads\/2022\/03\/277071049_1008443936446303_2991174414240669618_n.jpg\" data-link=\"https:\/\/fedai.az\/?attachment_id=66181\" class=\"wp-image-66181\"\/><\/figure><\/li><\/ul><\/figure>\n\n\n\n<p><br>Az\u0259rbaycan V\u0259t\u0259n M\u00fcharib\u0259si Veteranlar\u0131 \u0130ctimai Birliyi (AVMV\u0130B) Sabirabad rayon \u015f\u00f6b\u0259sinin s\u0259dri Faiq H\u00fcseynovun verdiyi m\u0259lumata g\u00f6r\u0259, rayon \u015f\u00f6b\u0259si Novruz bayram\u0131 m\u00fcnasib\u0259tiyl\u0259 Sabirabad rayon \u0130cra Hakimiyy\u0259ti, G\u0259ncl\u0259r v\u0259 \u0130dman \u0130dar\u0259si v\u0259 M\u0259d\u0259niyy\u0259t \u015f\u00f6b\u0259si il\u0259 birg\u0259 h\u0259rbi hiss\u0259d\u0259 xidm\u0259t ed\u0259n h\u0259rb\u00e7il\u0259rimizl\u0259 g\u00f6r\u00fc\u015f\u00fcbl\u0259r.<\/p>\n\n\n\n<figure class=\"wp-block-gallery columns-3 is-cropped wp-block-gallery-2 is-layout-flex wp-block-gallery-is-layout-flex\"><ul class=\"blocks-gallery-grid\"><li class=\"blocks-gallery-item\"><figure><img decoding=\"async\" src=\"https:\/\/fedai.az\/wp-content\/uploads\/2022\/03\/277241996_693807478715700_1146570089327154612_n.jpg\" alt=\"\" data-id=\"66168\" data-link=\"https:\/\/fedai.az\/?attachment_id=66168\" class=\"wp-image-66168\"\/><\/figure><\/li><li class=\"blocks-gallery-item\"><figure><img decoding=\"async\" src=\"https:\/\/fedai.az\/wp-content\/uploads\/2022\/03\/276954174_5221154137904872_4191759709042850183_n.jpg\" alt=\"\" data-id=\"66169\" data-link=\"https:\/\/fedai.az\/?attachment_id=66169\" class=\"wp-image-66169\"\/><\/figure><\/li><li class=\"blocks-gallery-item\"><figure><img decoding=\"async\" src=\"https:\/\/fedai.az\/wp-content\/uploads\/2022\/03\/275768478_649537636138255_7875355237845230734_n.jpg\" alt=\"\" data-id=\"66170\" data-full-url=\"https:\/\/fedai.az\/wp-content\/uploads\/2022\/03\/275768478_649537636138255_7875355237845230734_n.jpg\" data-link=\"https:\/\/fedai.az\/?attachment_id=66170\" class=\"wp-image-66170\"\/><\/figure><\/li><\/ul><\/figure>\n\n\n\n<p>Az\u0259rbaycan V\u0259t\u0259n M\u00fcharib\u0259si Veteranlar\u0131 \u0130ctimai Birliyi (AVMV\u0130B) Sabirabad rayon \u015f\u00f6b\u0259si v\u0259 \u00fczvl\u0259ri rayon \u015f\u0259nlikl\u0259rind\u0259 i\u015ftirak edibl\u0259r. T\u0259dbir rayonun M\u0259d\u0259niyy\u0259t saray\u0131nda ke\u00e7irilib.<\/p>\n\n\n\n<figure class=\"wp-block-gallery columns-3 is-cropped wp-block-gallery-3 is-layout-flex wp-block-gallery-is-layout-flex\"><ul class=\"blocks-gallery-grid\"><li class=\"blocks-gallery-item\"><figure><img decoding=\"async\" src=\"https:\/\/fedai.az\/wp-content\/uploads\/2022\/03\/275739524_845479379719793_6547910943184078079_n.jpg\" alt=\"\" data-id=\"66171\" data-link=\"https:\/\/fedai.az\/?attachment_id=66171\" class=\"wp-image-66171\"\/><\/figure><\/li><li class=\"blocks-gallery-item\"><figure><img decoding=\"async\" src=\"https:\/\/fedai.az\/wp-content\/uploads\/2022\/03\/277344522_1133538057406940_7593660915168919336_n-1024x682.jpg\" alt=\"\" data-id=\"66172\" data-link=\"https:\/\/fedai.az\/?attachment_id=66172\" class=\"wp-image-66172\"\/><\/figure><\/li><li class=\"blocks-gallery-item\"><figure><img decoding=\"async\" src=\"https:\/\/fedai.az\/wp-content\/uploads\/2022\/03\/277357337_737857750536533_358941250127186056_n-1024x768.jpg\" alt=\"\" data-id=\"66173\" data-full-url=\"https:\/\/fedai.az\/wp-content\/uploads\/2022\/03\/277357337_737857750536533_358941250127186056_n.jpg\" data-link=\"https:\/\/fedai.az\/?attachment_id=66173\" class=\"wp-image-66173\"\/><\/figure><\/li><\/ul><\/figure>\n\n\n\n<p><br>Mart ay\u0131nda rayon \u015f\u00f6b\u0259si r\u0259hb\u0259rliyi qazil\u0259rd\u0259n oturaq x\u0259st\u0259 olan I qrup m\u00fcharib\u0259 \u0259lill\u0259ri \u018fli Tofiq o\u011flu \u018fliyev\u0259 v\u0259 h\u0259r iki aya\u011f\u0131 amputasiya edilmi\u015f Natiq Rasim o\u011flu Salahova ba\u015f \u00e7\u0259k\u0259r\u0259k onlr\u0131n probleml\u0259ri il\u0259 maraqlan\u0131blar.<\/p>\n\n\n\n<figure class=\"wp-block-gallery columns-1 is-cropped wp-block-gallery-4 is-layout-flex wp-block-gallery-is-layout-flex\"><ul class=\"blocks-gallery-grid\"><li class=\"blocks-gallery-item\"><figure><img decoding=\"async\" src=\"https:\/\/fedai.az\/wp-content\/uploads\/2022\/03\/277466731_157050673403645_8937707845666318245_n.jpg\" alt=\"\" data-id=\"66176\" data-full-url=\"https:\/\/fedai.az\/wp-content\/uploads\/2022\/03\/277466731_157050673403645_8937707845666318245_n.jpg\" data-link=\"https:\/\/fedai.az\/?attachment_id=66176\" class=\"wp-image-66176\"\/><\/figure><\/li><\/ul><\/figure>\n\n\n\n<p>\u015e\u0259hid \u00f6vldlar\u0131 da unudulmay\u0131b. \u018fsl\u0259n astaral\u0131 olan \u015f\u0259hidTelman N\u0259hm\u0259tovun rayonun Poladtu\u011fay k\u0259ndind\u0259 ya\u015fayan ail\u0259sini ziyar\u0259t edib, \u015f\u0259hidin o\u011ful \u00f6vlad\u0131 T\u0259yyar\u0131 t\u0259brik edibl\u0259r. &#171;\u018fminl\u0259r&#187; \u015firk\u0259tinin h\u0259diyy\u0259l\u0259ri \u015f\u0259hidin ail\u0259sin\u0259 \u00e7atd\u0131r\u0131l\u0131b.<\/p>\n\n\n\n<figure class=\"wp-block-gallery columns-3 is-cropped wp-block-gallery-5 is-layout-flex wp-block-gallery-is-layout-flex\"><ul class=\"blocks-gallery-grid\"><li class=\"blocks-gallery-item\"><figure><img decoding=\"async\" src=\"https:\/\/fedai.az\/wp-content\/uploads\/2022\/03\/277442564_157050886736957_9130132596841578576_n.jpg\" alt=\"\" data-id=\"66177\" data-link=\"https:\/\/fedai.az\/?attachment_id=66177\" class=\"wp-image-66177\"\/><\/figure><\/li><li class=\"blocks-gallery-item\"><figure><img decoding=\"async\" src=\"https:\/\/fedai.az\/wp-content\/uploads\/2022\/03\/277442898_157050833403629_2097975634748136992_n.jpg\" alt=\"\" data-id=\"66178\" data-link=\"https:\/\/fedai.az\/?attachment_id=66178\" class=\"wp-image-66178\"\/><\/figure><\/li><li class=\"blocks-gallery-item\"><figure><img decoding=\"async\" src=\"https:\/\/fedai.az\/wp-content\/uploads\/2022\/03\/277554354_157050903403622_1123250422520002001_n.jpg\" alt=\"\" data-id=\"66179\" data-full-url=\"https:\/\/fedai.az\/wp-content\/uploads\/2022\/03\/277554354_157050903403622_1123250422520002001_n.jpg\" data-link=\"https:\/\/fedai.az\/?attachment_id=66179\" class=\"wp-image-66179\"\/><\/figure><\/li><\/ul><\/figure>\n\n\n\n<p><br>Rayon veteranlar\u0131 \u015f\u0259hidl\u0259rimizi d\u0259 unutmay\u0131blar. Rayonun Bulduq k\u0259ndind\u0259 \u015f\u0259hid Vah\u0131b Ramiz o\u011flu \u018fliyevin \u015f\u0259had\u0259tinin ikinci il m\u0259rasimind\u0259 i\u015ftirak edibl\u0259r.<\/p>\n\n\n\n<p><br>M\u0259rasimd\u0259 YAP rayon t\u0259\u015fkilat\u0131, rayon \u0130H Qazil\u0259r v\u0259 \u015e\u0259hid Ail\u0259l\u0259ri il\u0259 i\u015fin t\u0259\u015fkili \u015f\u00f6b\u0259sinin m\u00fcdiri M\u00fcsl\u00fcm Rzayevl\u0259 birg\u0259 AVMV\u0130B Sabirabad rayon \u015f\u00f6b\u0259sinin s\u0259dri Faiq H\u00fcseynov da i\u015ftirak edib.<\/p>\n\n\n\n<figure class=\"wp-block-gallery columns-2 is-cropped wp-block-gallery-6 is-layout-flex wp-block-gallery-is-layout-flex\"><ul class=\"blocks-gallery-grid\"><li class=\"blocks-gallery-item\"><figure><img decoding=\"async\" src=\"https:\/\/fedai.az\/wp-content\/uploads\/2022\/03\/275933107_1007417820196719_8000965908879683477_n-1-1024x768.jpg\" alt=\"\" data-id=\"66174\" data-link=\"https:\/\/fedai.az\/?attachment_id=66174\" class=\"wp-image-66174\"\/><\/figure><\/li><li class=\"blocks-gallery-item\"><figure><img decoding=\"async\" src=\"https:\/\/fedai.az\/wp-content\/uploads\/2022\/03\/277189237_529274768761554_9197136860523156697_n.jpg\" alt=\"\" data-id=\"66175\" data-full-url=\"https:\/\/fedai.az\/wp-content\/uploads\/2022\/03\/277189237_529274768761554_9197136860523156697_n.jpg\" data-link=\"https:\/\/fedai.az\/?attachment_id=66175\" class=\"wp-image-66175\"\/><\/figure><\/li><\/ul><\/figure>\n\n\n\n<p>\u015e\u0259hidin m\u0259zar\u0131 ziyar\u0259t olunub, m\u0259zar\u0131 \u00fcz\u0259rin\u0259 g\u00fcll\u0259r qoyulub v\u0259 ruhuna dualar oxunub.<\/p>\n\n\n\n<p><strong>El\u00e7in Q\u0259dirov<br>Qaraba\u011f \u00fczr\u0259 m\u00fcxbir, Sabirabad<\/strong><\/p>\n","protected":false},"excerpt":{"rendered":"<p>Az\u0259rbaycan V\u0259t\u0259n M\u00fcharib\u0259si Veteranlar\u0131 \u0130ctimai Birliyi (AVMV\u0130B) Sabirabad rayon \u015f\u00f6b\u0259si mart ay\u0131 \u00fc\u00e7\u00fcn i\u015ftirak etdiyi v\u0259 t\u0259\u015fkilat\u00e7\u0131s\u0131 oldu\u011fu t\u0259dbirl\u0259rin press realizini t\u0259qdim edib. Az\u0259rbaycan<\/p>\n","protected":false},"author":2,"featured_media":0,"comment_status":"closed","ping_status":"closed","sticky":false,"template":"","format":"standard","meta":{"footnotes":""},"categories":[5],"tags":[],"class_list":["post-66167","post","type-post","status-publish","format-standard","hentry","category-veteran"],"aioseo_notices":[],"_links":{"self":[{"href":"https:\/\/fedai.az\/index.php?rest_route=\/wp\/v2\/posts\/66167","targetHints":{"allow":["GET"]}}],"collection":[{"href":"https:\/\/fedai.az\/index.php?rest_route=\/wp\/v2\/posts"}],"about":[{"href":"https:\/\/fedai.az\/index.php?rest_route=\/wp\/v2\/types\/post"}],"author":[{"embeddable":true,"href":"https:\/\/fedai.az\/index.php?rest_route=\/wp\/v2\/users\/2"}],"replies":[{"embeddable":true,"href":"https:\/\/fedai.az\/index.php?rest_route=%2Fwp%2Fv2%2Fcomments&post=66167"}],"version-history":[{"count":1,"href":"https:\/\/fedai.az\/index.php?rest_route=\/wp\/v2\/posts\/66167\/revisions"}],"predecessor-version":[{"id":66183,"href":"https:\/\/fedai.az\/index.php?rest_route=\/wp\/v2\/posts\/66167\/revisions\/66183"}],"wp:attachment":[{"href":"https:\/\/fedai.az\/index.php?rest_route=%2Fwp%2Fv2%2Fmedia&parent=66167"}],"wp:term":[{"taxonomy":"category","embeddable":true,"href":"https:\/\/fedai.az\/index.php?rest_route=%2Fwp%2Fv2%2Fcategories&post=66167"},{"taxonomy":"post_tag","embeddable":true,"href":"https:\/\/fedai.az\/index.php?rest_route=%2Fwp%2Fv2%2Ftags&post=66167"}],"curies":[{"name":"wp","href":"https:\/\/api.w.org\/{rel}","templated":true}]}}