{"id":66211,"date":"2022-03-31T00:26:21","date_gmt":"2022-03-30T20:26:21","guid":{"rendered":"https:\/\/fedai.az\/?p=66211"},"modified":"2022-03-31T00:26:25","modified_gmt":"2022-03-30T20:26:25","slug":"f%c9%99rrux-yuks%c9%99kiliyinin-goturulm%c9%99si-belimizi-qiracaq-erm%c9%99ni-deputat","status":"publish","type":"post","link":"https:\/\/fedai.az\/?p=66211","title":{"rendered":"\u201cF\u0259rrux y\u00fcks\u0259kiliyinin g\u00f6t\u00fcr\u00fclm\u0259si belimizi q\u0131racaq\u201d &#8212; Erm\u0259ni deputat"},"content":{"rendered":"\n<p><strong>\u201cAz\u0259rbaycanl\u0131lar F\u0259rrux k\u0259ndind\u0259n dayaq m\u0259nt\u0259q\u0259si kimi istifad\u0259 etmi\u015f, dolama yollar \u00e7\u0259kmi\u015fl\u0259r ki, onlar\u0131n da m\u0259qs\u0259di Da\u015fba\u015f\u0131 y\u00fcks\u0259kliyinin m\u00fcxt\u0259lif hiss\u0259l\u0259rin\u0259 \u00e7atmaq, dayanacaq \u0259ld\u0259 etm\u0259k v\u0259 fasil\u0259siz t\u0259chizat\u0131 t\u0259min etm\u0259k \u00fc\u00e7\u00fcn onlar\u0131 m\u00f6hk\u0259ml\u0259ndirm\u0259kdir\u201d.&nbsp;<\/strong><\/p>\n\n\n\n<p>Bunu m\u00fcxalif \u201c\u015e\u0259r\u0259fim var\u201d fraksiyas\u0131ndan olan deputat Tiqran Abramyan Az\u0259rbaycan ordusunun mart\u0131n 24-d\u0259 Xocal\u0131 inzibati rayonunun F\u0259rrux k\u0259ndini v\u0259 k\u0259ndin \u0259traf\u0131ndak\u0131 strateji \u0259h\u0259miyy\u0259tli Da\u015fba\u015f\u0131 y\u00fcks\u0259kliyini n\u0259zar\u0259t\u0259 g\u00f6t\u00fcrm\u0259sind\u0259n narahatl\u0131q ke\u00e7ir\u0259r\u0259k \u00f6z feysbuk s\u0259hif\u0259sind\u0259 yaz\u0131b.<\/p>\n\n\n\n<p>Onun s\u00f6zl\u0259rin\u0259 g\u00f6r\u0259, \u00e7oxlar\u0131n\u0131n \u0259razi v\u0259 strategiya bax\u0131m\u0131ndan F\u0259rrux k\u0259ndinin v\u0259 Da\u015fba\u015f\u0131 da\u011f silsil\u0259sinin n\u0259 oldu\u011fu bar\u0259d\u0259 z\u0259if t\u0259s\u0259vv\u00fcr\u00fc var:<\/p>\n\n\n\n<p>\u201cAz\u0259rbaycan son ir\u0259lil\u0259yi\u015fi zaman\u0131 Da\u015fba\u015f\u0131 da\u011f\u0131 istiqam\u0259tind\u0259 F\u0259rrux k\u0259ndinin inzibati \u0259razisind\u0259n d\u0259f\u0259l\u0259rl\u0259 b\u00f6y\u00fck \u0259razini n\u0259zar\u0259tin\u0259 g\u00f6t\u00fcr\u00fcb. Bunu ona g\u00f6r\u0259 yaz\u0131ram ki, bilm\u0259d\u0259n v\u0259 ya bil\u0259r\u0259kd\u0259n b\u0259zil\u0259ri F\u0259rrux k\u0259ndini m\u00fczakir\u0259 obyektin\u0259, yaxud prinsipial m\u0259s\u0259l\u0259y\u0259 \u00e7evirir, lakin Da\u015fba\u015f\u0131 silsil\u0259sinin ayr\u0131-ayr\u0131 hiss\u0259l\u0259ri F\u0259rruxla m\u00fcqayis\u0259d\u0259 \u00e7ox m\u00fch\u00fcm strateji \u0259h\u0259miyy\u0259t\u0259 malikdir\u201d.<\/p>\n\n\n\n<p>Abramyan bildirib ki, az\u0259rbaycanl\u0131lar F\u0259rruxdan aral\u0131q zona kimi istifad\u0259 edibl\u0259r:&nbsp;<\/p>\n\n\n\n<p>\u201cAz\u0259rbaycan \u00f6z qo\u015funlar\u0131n\u0131 ilkin m\u00f6vqel\u0259rin\u0259 qaytarmasa, o zaman bizim belimizi q\u0131rmaq \u00fc\u00e7\u00fcn haz\u0131rda Qaraba\u011f\u0131n bizim n\u0259zar\u0259timizd\u0259 olan hiss\u0259sind\u0259 (Rusiya s\u00fclhm\u0259raml\u0131lar\u0131n\u0131n n\u0259zar\u0259t etdiyi Az\u0259rbaycan \u0259razil\u0259ri \u2013 red.) g\u00f6r\u00fcnm\u0259mi\u015f v\u0259ziyy\u0259t yaranacaq\u201d.<\/p>\n\n\n\n<p>M\u0259nb\u0259: \u201cQafqazinfo\u201d <\/p>\n","protected":false},"excerpt":{"rendered":"<p>\u201cAz\u0259rbaycanl\u0131lar F\u0259rrux k\u0259ndind\u0259n dayaq m\u0259nt\u0259q\u0259si kimi istifad\u0259 etmi\u015f, dolama yollar \u00e7\u0259kmi\u015fl\u0259r ki, onlar\u0131n da m\u0259qs\u0259di Da\u015fba\u015f\u0131 y\u00fcks\u0259kliyinin m\u00fcxt\u0259lif hiss\u0259l\u0259rin\u0259 \u00e7atmaq, dayanacaq \u0259ld\u0259 etm\u0259k v\u0259<\/p>\n","protected":false},"author":2,"featured_media":0,"comment_status":"closed","ping_status":"closed","sticky":false,"template":"","format":"standard","meta":{"footnotes":""},"categories":[4],"tags":[],"class_list":["post-66211","post","type-post","status-publish","format-standard","hentry","category-qarabag"],"aioseo_notices":[],"_links":{"self":[{"href":"https:\/\/fedai.az\/index.php?rest_route=\/wp\/v2\/posts\/66211","targetHints":{"allow":["GET"]}}],"collection":[{"href":"https:\/\/fedai.az\/index.php?rest_route=\/wp\/v2\/posts"}],"about":[{"href":"https:\/\/fedai.az\/index.php?rest_route=\/wp\/v2\/types\/post"}],"author":[{"embeddable":true,"href":"https:\/\/fedai.az\/index.php?rest_route=\/wp\/v2\/users\/2"}],"replies":[{"embeddable":true,"href":"https:\/\/fedai.az\/index.php?rest_route=%2Fwp%2Fv2%2Fcomments&post=66211"}],"version-history":[{"count":1,"href":"https:\/\/fedai.az\/index.php?rest_route=\/wp\/v2\/posts\/66211\/revisions"}],"predecessor-version":[{"id":66213,"href":"https:\/\/fedai.az\/index.php?rest_route=\/wp\/v2\/posts\/66211\/revisions\/66213"}],"wp:attachment":[{"href":"https:\/\/fedai.az\/index.php?rest_route=%2Fwp%2Fv2%2Fmedia&parent=66211"}],"wp:term":[{"taxonomy":"category","embeddable":true,"href":"https:\/\/fedai.az\/index.php?rest_route=%2Fwp%2Fv2%2Fcategories&post=66211"},{"taxonomy":"post_tag","embeddable":true,"href":"https:\/\/fedai.az\/index.php?rest_route=%2Fwp%2Fv2%2Ftags&post=66211"}],"curies":[{"name":"wp","href":"https:\/\/api.w.org\/{rel}","templated":true}]}}