{"id":66214,"date":"2022-03-31T00:31:59","date_gmt":"2022-03-30T20:31:59","guid":{"rendered":"https:\/\/fedai.az\/?p=66214"},"modified":"2022-03-31T00:32:04","modified_gmt":"2022-03-30T20:32:04","slug":"prezidentl%c9%99rin-gorusun%c9%99-hazirliga-baslamaq-olar-podolyak","status":"publish","type":"post","link":"https:\/\/fedai.az\/?p=66214","title":{"rendered":"&#171;Prezidentl\u0259rin g\u00f6r\u00fc\u015f\u00fcn\u0259 haz\u0131rl\u0131\u011fa ba\u015flamaq olar\u201d &#8212; Podolyak"},"content":{"rendered":"\n<p><strong>R\u0259smi Kiyev Ukrayna Prezidenti Vlodomir Zelenski il\u0259 Rusiyan\u0131n d\u00f6vl\u0259t ba\u015f\u00e7\u0131s\u0131 Vladimir Putin aras\u0131nda g\u00f6r\u00fc\u015f \u00fc\u00e7\u00fcn haz\u0131rl\u0131qlara ba\u015flama\u011f\u0131 t\u0259klif edir.<\/strong><br><br>Bunu Ukrayna Prezident Ofisi r\u0259hb\u0259rinin m\u00fc\u015faviri Mixaylo Podolyak brifinqd\u0259 deyib.<br><br>\u201cPrinsipc\u0259, prezidentl\u0259rin g\u00f6r\u00fc\u015f\u00fcn\u0259 haz\u0131rl\u0131\u011fa ba\u015flamaq olar. S\u0259n\u0259dl\u0259r paketi haz\u0131rlan\u0131b. Biz onlar\u0131 art\u0131q t\u0259qdim etmi\u015fik. D\u00f6vl\u0259t ba\u015f\u00e7\u0131lar\u0131n\u0131n g\u00f6r\u00fc\u015f\u00fcn\u00fcn d\u0259qiq n\u0259 vaxt ba\u015f tutaca\u011f\u0131 is\u0259 h\u0259l\u0259lik m\u0259lum deyil\u201d, &#8212; o s\u00f6yl\u0259yib.<\/p>\n\n\n\n<p>M.Podolyak bildirib ki, Rusiya v\u0259 Ukrayna dan\u0131\u015f\u0131qlar\u0131 \u00fczr\u0259 \u0130\u015f\u00e7i alt qruplar\u0131n\u0131n f\u0259aliyy\u0259ti davam edir.<\/p>\n\n\n\n<p>Xat\u0131rladaq ki, Ukraynan\u0131n hakim \u201cXalq\u0131n xidm\u0259t\u00e7isi\u201d Partiyas\u0131n\u0131n Ali Radadak\u0131 deputat fraksiyas\u0131n\u0131n r\u0259hb\u0259ri David Araxamiya prezidentl\u0259rin g\u00f6r\u00fc\u015f\u00fc \u00fc\u00e7\u00fcn kifay\u0259t q\u0259d\u0259r material\u0131n topland\u0131\u011f\u0131n\u0131 demi\u015fdi.<\/p>\n","protected":false},"excerpt":{"rendered":"<p>R\u0259smi Kiyev Ukrayna Prezidenti Vlodomir Zelenski il\u0259 Rusiyan\u0131n d\u00f6vl\u0259t ba\u015f\u00e7\u0131s\u0131 Vladimir Putin aras\u0131nda g\u00f6r\u00fc\u015f \u00fc\u00e7\u00fcn haz\u0131rl\u0131qlara ba\u015flama\u011f\u0131 t\u0259klif edir. Bunu Ukrayna Prezident Ofisi r\u0259hb\u0259rinin<\/p>\n","protected":false},"author":2,"featured_media":0,"comment_status":"closed","ping_status":"closed","sticky":false,"template":"","format":"standard","meta":{"footnotes":""},"categories":[1],"tags":[],"class_list":["post-66214","post","type-post","status-publish","format-standard","hentry","category-siyast"],"aioseo_notices":[],"_links":{"self":[{"href":"https:\/\/fedai.az\/index.php?rest_route=\/wp\/v2\/posts\/66214","targetHints":{"allow":["GET"]}}],"collection":[{"href":"https:\/\/fedai.az\/index.php?rest_route=\/wp\/v2\/posts"}],"about":[{"href":"https:\/\/fedai.az\/index.php?rest_route=\/wp\/v2\/types\/post"}],"author":[{"embeddable":true,"href":"https:\/\/fedai.az\/index.php?rest_route=\/wp\/v2\/users\/2"}],"replies":[{"embeddable":true,"href":"https:\/\/fedai.az\/index.php?rest_route=%2Fwp%2Fv2%2Fcomments&post=66214"}],"version-history":[{"count":1,"href":"https:\/\/fedai.az\/index.php?rest_route=\/wp\/v2\/posts\/66214\/revisions"}],"predecessor-version":[{"id":66216,"href":"https:\/\/fedai.az\/index.php?rest_route=\/wp\/v2\/posts\/66214\/revisions\/66216"}],"wp:attachment":[{"href":"https:\/\/fedai.az\/index.php?rest_route=%2Fwp%2Fv2%2Fmedia&parent=66214"}],"wp:term":[{"taxonomy":"category","embeddable":true,"href":"https:\/\/fedai.az\/index.php?rest_route=%2Fwp%2Fv2%2Fcategories&post=66214"},{"taxonomy":"post_tag","embeddable":true,"href":"https:\/\/fedai.az\/index.php?rest_route=%2Fwp%2Fv2%2Ftags&post=66214"}],"curies":[{"name":"wp","href":"https:\/\/api.w.org\/{rel}","templated":true}]}}