{"id":66233,"date":"2022-03-31T01:05:25","date_gmt":"2022-03-30T21:05:25","guid":{"rendered":"https:\/\/fedai.az\/?p=66233"},"modified":"2022-03-31T10:24:19","modified_gmt":"2022-03-31T06:24:19","slug":"erm%c9%99ni-f%c9%99rrux-yuks%c9%99kliyini-ikinci-susa-adlandirirlar","status":"publish","type":"post","link":"https:\/\/fedai.az\/?p=66233","title":{"rendered":"Erm\u0259nil\u0259r F\u0259rrux y\u00fcks\u0259kliyini ikinci \u015eU\u015eA adland\u0131r\u0131rlar&#8230;"},"content":{"rendered":"\n<p><strong>&#171;HRAPARAK&#187; q\u0259zetininn ara\u015fd\u0131rmalar\u0131:<\/strong><\/p>\n\n\n\n<p><strong>&#8212; AZ\u018fRBAYCAN H\u018fRB\u0130 Q\u00dcVV\u018fL\u018fR\u0130 DA\u015eBA\u015eI (Karaqlux) YAYLASINDA XEYL\u0130 G\u00dcCL\u018fN\u0130B. <\/strong><\/p>\n\n\n\n<p>Az\u0259rbaycan H\u0259rbi Q\u00fcvv\u0259l\u0259ri DA\u015eBA\u015eI (Kara\u011flux) t\u0259p\u0259sind\u0259 m\u0259skunla\u015f\u0131b v\u0259 xeyli g\u00fccl\u0259nib. Haz\u0131rda F\u0259rrux k\u0259ndin\u0259 Rusiyan\u0131n s\u00fclhm\u0259raml\u0131 q\u00fcvv\u0259l\u0259ri n\u0259zar\u0259t edir, lakin k\u0259nd Az\u0259rbaycan b\u00f6lm\u0259l\u0259ri t\u0259r\u0259find\u0259n m\u00fchasir\u0259y\u0259 al\u0131n\u0131b v\u0259 F\u0259rruxda erm\u0259ni birl\u0259\u015fm\u0259l\u0259ri yoxdur v\u0259 sakinl\u0259r k\u0259nd\u0259 qay\u0131da bilmir.<\/p>\n\n\n\n<p>Az\u0259rbaycan Ordusu t\u0259kc\u0259 Qaraba\u011f \u0259razisind\u0259 yerl\u0259\u015f\u0259n Da\u015fba\u015f\u0131 yaylas\u0131n\u0131n h\u0259min istiqam\u0259tin\u0259 n\u0259zar\u0259ti davam etdirm\u0259kl\u0259 kifay\u0259tl\u0259nmir, h\u0259m d\u0259 P\u0130RL\u018fR (Xramort), S\u018fRDARK\u018fND (S\u0259rdara\u015fen) v\u0259 XANABAD (Xnabad) k\u0259ndl\u0259ri istiqam\u0259tind\u0259 inamla ir\u0259lil\u0259yir, \u00f6z m\u00f6vqel\u0259rini yax\u015f\u0131la\u015fd\u0131r\u0131b m\u00f6hk\u0259ml\u0259ndirdikc\u0259, ad\u0131\u00e7\u0259kil\u0259n k\u0259ndl\u0259rin birba\u015fa sanki ayaqalt\u0131nda kimi g\u00f6r\u00fcnm\u0259sini t\u0259min etm\u0259y\u0259 \u00e7al\u0131\u015f\u0131r <strong>(X\u018fR\u0130T\u018fY\u018f diqq\u0259tl\u0259 bax\u0131n).<\/strong><\/p>\n\n\n\n<figure class=\"wp-block-image size-large is-resized\"><img loading=\"lazy\" decoding=\"async\" src=\"https:\/\/fedai.az\/wp-content\/uploads\/2022\/03\/277582045_1942289915943315_5761947507220275514_n.jpg\" alt=\"\" class=\"wp-image-66234\" width=\"900\" height=\"535\"\/><\/figure>\n\n\n\n<p>DA\u015eBA\u015eI (Qaraqlux) y\u00fcks\u0259kliyind\u0259ki Az\u0259rbaycan \u0259sg\u0259rl\u0259ri \u00f6z m\u00f6vqel\u0259rin\u0259 art\u0131q traktorlarla yol a\u00e7\u0131b, texnikan\u0131n h\u0259r\u0259k\u0259tini v\u0259 t\u0259chizat prosesini t\u0259min edibl\u0259r. Hans\u0131 ki, bu yerl\u0259ri erm\u0259ni ba\u015fbil\u0259nl\u0259ri ikinci \u015eU\u015eA adland\u0131r\u0131rlar. <\/p>\n\n\n\n<p>Bel\u0259likl\u0259, erm\u0259nil\u0259r \u00f6zl\u0259ri t\u0259sdiq edrl\u0259r ki, Az\u0259rbaycan Ordusunun Yeni Seysulan istiqam\u0259tind\u0259 Xa\u00e7en k\u00f6rp\u00fcs\u00fcn\u0259 do\u011fru ir\u0259lil\u0259m\u0259si, n\u0259tic\u0259d\u0259 QARABA\u011eIN A\u011fd\u0259r\u0259 (Martakert) yolunun ba\u011flanmas\u0131na v\u0259 erm\u0259nil\u0259r \u00fc\u00e7\u00fcn ciddi t\u0259hl\u00fck\u0259 yaranmas\u0131na s\u0259b\u0259b olacaq.<\/p>\n\n\n\n<p>N\u0259 is\u0259, g\u0259lin Az\u0259rbaycan Ordusuna bu \u015f\u0259r\u0259fli yolda u\u011furlar\u0131n\u0131 davam etdirm\u0259yi arzu ed\u0259k. <\/p>\n\n\n\n<p>Qeyd edim ki, X\u018fR\u0130T\u018fD\u018fK\u0130 q\u0131rm\u0131z\u0131 sah\u0259 son bir h\u0259ft\u0259d\u0259 Az\u0259rbaycan Ordusunun ir\u0259lil\u0259diyi m\u0259kanlard\u0131r Qar\u015f\u0131dak\u0131 ovuc i\u00e7i kimi g\u00f6r\u00fcn\u0259n mavi v\u0259 ya\u015f\u0131l r\u0259ngli sah\u0259l\u0259r is\u0259 yax\u0131n g\u00fcnl\u0259rd\u0259 yava\u015f-yava\u015f n\u0259zar\u0259t\u0259 g\u00f6t\u00fcr\u0259c\u0259yimiz \u0259razil\u0259rdir.<\/p>\n\n\n\n<p><strong>\u0130SMAYIL TANRIVERD\u0130<br>BDU-nun Erm\u0259ni Ara\u015fd\u0131rmalar\u0131 v\u0259 T\u0259lim M\u0259rk\u0259zinin direktoru<\/strong><\/p>\n","protected":false},"excerpt":{"rendered":"<p>&#171;HRAPARAK&#187; q\u0259zetininn ara\u015fd\u0131rmalar\u0131: &#8212; AZ\u018fRBAYCAN H\u018fRB\u0130 Q\u00dcVV\u018fL\u018fR\u0130 DA\u015eBA\u015eI (Karaqlux) YAYLASINDA XEYL\u0130 G\u00dcCL\u018fN\u0130B. Az\u0259rbaycan H\u0259rbi Q\u00fcvv\u0259l\u0259ri DA\u015eBA\u015eI (Kara\u011flux) t\u0259p\u0259sind\u0259 m\u0259skunla\u015f\u0131b v\u0259 xeyli g\u00fccl\u0259nib. Haz\u0131rda F\u0259rrux<\/p>\n","protected":false},"author":2,"featured_media":0,"comment_status":"closed","ping_status":"closed","sticky":false,"template":"","format":"standard","meta":{"footnotes":""},"categories":[4],"tags":[],"class_list":["post-66233","post","type-post","status-publish","format-standard","hentry","category-qarabag"],"aioseo_notices":[],"_links":{"self":[{"href":"https:\/\/fedai.az\/index.php?rest_route=\/wp\/v2\/posts\/66233","targetHints":{"allow":["GET"]}}],"collection":[{"href":"https:\/\/fedai.az\/index.php?rest_route=\/wp\/v2\/posts"}],"about":[{"href":"https:\/\/fedai.az\/index.php?rest_route=\/wp\/v2\/types\/post"}],"author":[{"embeddable":true,"href":"https:\/\/fedai.az\/index.php?rest_route=\/wp\/v2\/users\/2"}],"replies":[{"embeddable":true,"href":"https:\/\/fedai.az\/index.php?rest_route=%2Fwp%2Fv2%2Fcomments&post=66233"}],"version-history":[{"count":2,"href":"https:\/\/fedai.az\/index.php?rest_route=\/wp\/v2\/posts\/66233\/revisions"}],"predecessor-version":[{"id":66264,"href":"https:\/\/fedai.az\/index.php?rest_route=\/wp\/v2\/posts\/66233\/revisions\/66264"}],"wp:attachment":[{"href":"https:\/\/fedai.az\/index.php?rest_route=%2Fwp%2Fv2%2Fmedia&parent=66233"}],"wp:term":[{"taxonomy":"category","embeddable":true,"href":"https:\/\/fedai.az\/index.php?rest_route=%2Fwp%2Fv2%2Fcategories&post=66233"},{"taxonomy":"post_tag","embeddable":true,"href":"https:\/\/fedai.az\/index.php?rest_route=%2Fwp%2Fv2%2Ftags&post=66233"}],"curies":[{"name":"wp","href":"https:\/\/api.w.org\/{rel}","templated":true}]}}