{"id":66261,"date":"2022-03-31T01:47:04","date_gmt":"2022-03-30T21:47:04","guid":{"rendered":"https:\/\/fedai.az\/?p=66261"},"modified":"2022-03-31T01:47:08","modified_gmt":"2022-03-30T21:47:08","slug":"imislid%c9%99-s%c9%99hidin-xatir%c9%99sin%c9%99-h%c9%99sr-olunmus-bulagin-acilisi-oldu","status":"publish","type":"post","link":"https:\/\/fedai.az\/?p=66261","title":{"rendered":"\u0130mi\u015flid\u0259 \u015f\u0259hidin xatir\u0259sin\u0259 h\u0259sr olunmu\u015f bula\u011f\u0131n a\u00e7\u0131l\u0131\u015f\u0131 oldu"},"content":{"rendered":"\n<p><strong>\u0130mi\u015fli rayonunda m\u00fcharib\u0259 veteranlar\u0131 I Qaraba\u011f m\u00fcharib\u0259sinin \u015f\u0259hidi Qam\u0259t \u018fliyevin xatir\u0259sin\u0259 h\u0259sr olunmu\u015f Xatir\u0259 bula\u011f\u0131 kompleksinin a\u00e7\u0131l\u0131\u015f\u0131nda i\u015ftirak edibl\u0259r.<\/strong><\/p>\n\n\n\n<p><br>Bu bar\u0259d\u0259 Az\u0259rbaycan V\u0259t\u0259n M\u00fcharib\u0259si Veteranlar\u0131 \u0130ctimai Birliyi (AVMV\u0130B) \u0130mi\u015fli rayon \u015f\u00f6b\u0259sind\u0259n El\u00e7in Zeynalov m\u0259lumat verib.<br><\/p>\n\n\n\n<p>M\u0259rasimd\u0259 Az\u0259rbaycan V\u0259t\u0259n M\u00fcharib\u0259si Veteranlar\u0131 \u0130ctimai Birliyi (AVMV\u0130B) \u0130mi\u015fli rayon \u015f\u00f6b\u0259sinin s\u0259dri Taleh Tapd\u0131qov, \u015f\u0259hidin yax\u0131nlar\u0131 v\u0259 ictimaiyy\u0259t n\u00fcmay\u0259nd\u0259l\u0259ri i\u015ftirak edibl\u0259r.<\/p>\n\n\n\n<p><br>\u015e\u0259hidl\u0259rimizin ruhuna dualar oxunub.<\/p>\n\n\n\n<p><br><strong>Allah r\u0259hm\u0259t el\u0259sin!<\/strong><\/p>\n\n\n\n<p><strong>El\u00e7in Q\u0259dirov<br>Qaraba\u011f \u00fczr\u0259 m\u00fcxbir, \u0130mi\u015fli<\/strong><\/p>\n","protected":false},"excerpt":{"rendered":"<p>\u0130mi\u015fli rayonunda m\u00fcharib\u0259 veteranlar\u0131 I Qaraba\u011f m\u00fcharib\u0259sinin \u015f\u0259hidi Qam\u0259t \u018fliyevin xatir\u0259sin\u0259 h\u0259sr olunmu\u015f Xatir\u0259 bula\u011f\u0131 kompleksinin a\u00e7\u0131l\u0131\u015f\u0131nda i\u015ftirak edibl\u0259r. Bu bar\u0259d\u0259 Az\u0259rbaycan V\u0259t\u0259n M\u00fcharib\u0259si<\/p>\n","protected":false},"author":2,"featured_media":0,"comment_status":"closed","ping_status":"closed","sticky":false,"template":"","format":"standard","meta":{"footnotes":""},"categories":[5],"tags":[],"class_list":["post-66261","post","type-post","status-publish","format-standard","hentry","category-veteran"],"aioseo_notices":[],"_links":{"self":[{"href":"https:\/\/fedai.az\/index.php?rest_route=\/wp\/v2\/posts\/66261","targetHints":{"allow":["GET"]}}],"collection":[{"href":"https:\/\/fedai.az\/index.php?rest_route=\/wp\/v2\/posts"}],"about":[{"href":"https:\/\/fedai.az\/index.php?rest_route=\/wp\/v2\/types\/post"}],"author":[{"embeddable":true,"href":"https:\/\/fedai.az\/index.php?rest_route=\/wp\/v2\/users\/2"}],"replies":[{"embeddable":true,"href":"https:\/\/fedai.az\/index.php?rest_route=%2Fwp%2Fv2%2Fcomments&post=66261"}],"version-history":[{"count":1,"href":"https:\/\/fedai.az\/index.php?rest_route=\/wp\/v2\/posts\/66261\/revisions"}],"predecessor-version":[{"id":66263,"href":"https:\/\/fedai.az\/index.php?rest_route=\/wp\/v2\/posts\/66261\/revisions\/66263"}],"wp:attachment":[{"href":"https:\/\/fedai.az\/index.php?rest_route=%2Fwp%2Fv2%2Fmedia&parent=66261"}],"wp:term":[{"taxonomy":"category","embeddable":true,"href":"https:\/\/fedai.az\/index.php?rest_route=%2Fwp%2Fv2%2Fcategories&post=66261"},{"taxonomy":"post_tag","embeddable":true,"href":"https:\/\/fedai.az\/index.php?rest_route=%2Fwp%2Fv2%2Ftags&post=66261"}],"curies":[{"name":"wp","href":"https:\/\/api.w.org\/{rel}","templated":true}]}}