{"id":66270,"date":"2022-03-31T11:03:05","date_gmt":"2022-03-31T07:03:05","guid":{"rendered":"https:\/\/fedai.az\/?p=66270"},"modified":"2022-03-31T11:03:07","modified_gmt":"2022-03-31T07:03:07","slug":"f%c9%99rrux-k%c9%99ndind%c9%99-daha-bir-nec%c9%99-az%c9%99rbaycanlinin-qaliqlari-tapilib","status":"publish","type":"post","link":"https:\/\/fedai.az\/?p=66270","title":{"rendered":"F\u0259rrux k\u0259ndind\u0259 daha bir ne\u00e7\u0259 az\u0259rbaycanl\u0131n\u0131n qal\u0131qlar\u0131 tap\u0131l\u0131b"},"content":{"rendered":"\n<p><strong>Xocal\u0131 rayonunun F\u0259rrux k\u0259ndind\u0259 daha bir ne\u00e7\u0259 az\u0259rbaycanl\u0131n\u0131n qal\u0131qlar\u0131 tap\u0131l\u0131b.<\/strong><\/p>\n\n\n\n<p><strong>Fedai.az\u00a0<\/strong>Trend\u0259 istinad\u0259n x\u0259b\u0259r verir ki, k\u0259nd \u0259traf\u0131nda ayr\u0131-ayr\u0131l\u0131qda 3 yerd\u0259 apar\u0131lm\u0131\u015f qaz\u0131nt\u0131lar zaman\u0131 Birinci Qaraba\u011f m\u00fcharib\u0259si zaman\u0131 q\u0259tl\u0259 yetirilmi\u015f az\u0259rbaycanl\u0131lar\u0131n skeletl\u0259ri a\u015fkar edilib.<\/p>\n\n\n\n<p><br>Qeyd ed\u0259k ki, d\u00fcn\u0259n d\u0259 Xocal\u0131 rayonunun F\u0259rrux k\u0259ndind\u0259 insan skeletl\u0259ri a\u015fkarlanm\u0131\u015fd\u0131.<\/p>\n\n\n\n<p>Bel\u0259 ki, Az\u0259rbaycan Ordusunun h\u0259rb\u00e7il\u0259ri F\u0259rrux k\u0259ndi \u0259razisind\u0259ki m\u00f6vqel\u0259rd\u0259 qaz\u0131nt\u0131 i\u015fl\u0259ri aparark\u0259n insan qal\u0131qlar\u0131 a\u015fkar edib. \u0130nsan qal\u0131qlar\u0131n\u0131n Birinci Qaraba\u011f m\u00fcharib\u0259sind\u0259 F\u0259rrux da\u011f\u0131 u\u011frunda ged\u0259n h\u0259rbi \u0259m\u0259liyyatlarda h\u0259lak olan h\u0259rbi\u00e7il\u0259rimiz\u0259 v\u0259 Xocal\u0131 soyq\u0131r\u0131m\u0131 zaman\u0131 bu yolla \u00e7\u0131xmaq ist\u0259y\u0259n az\u0259rbaycanl\u0131lara aid oldu\u011fu ehtimal edilir.<\/p>\n\n\n\n<figure class=\"wp-block-image size-large\"><img decoding=\"async\" src=\"https:\/\/fedai.az\/wp-content\/uploads\/2022\/03\/garabag_ferruh_300322_01-1648641077.jpg\" alt=\"\" class=\"wp-image-66271\"\/><\/figure>\n\n\n\n<p><strong>Az\u0259rbaycan \u018fsir v\u0259 itkin d\u00fc\u015fm\u00fc\u015f, girov g\u00f6t\u00fcr\u00fclm\u00fc\u015f v\u0259t\u0259nda\u015flarla \u0259laq\u0259dar D\u00f6vl\u0259t Komissiyas\u0131 Xocal\u0131 rayonu \u0259razisind\u0259ki F\u0259rrux y\u00fcks\u0259kliyind\u0259 itkin d\u00fc\u015fm\u00fc\u015f Az\u0259rbaycan h\u0259rb\u00e7il\u0259rinin adlar\u0131n\u0131 a\u00e7\u0131qlay\u0131b.<\/strong><br><br>D\u00f6vl\u0259t Komissiyas\u0131ndan bildirilib ki, V\u0259t\u0259n m\u00fcharib\u0259sind\u0259 \u0259ld\u0259 edilmi\u015f b\u00f6y\u00fck z\u0259f\u0259rd\u0259n sonra Az\u0259rbaycan Respublikas\u0131n\u0131n i\u015f\u011faldan azad edilmi\u015f \u0259razil\u0259rind\u0259 Birinci Qaraba\u011f m\u00fcharib\u0259sind\u0259 itkin d\u00fc\u015fm\u00fc\u015f v\u0259t\u0259nda\u015flar\u0131m\u0131za aid m\u0259zar yerl\u0259rinin m\u00fc\u0259yy\u0259n edilm\u0259si v\u0259 ekshumaasiyas\u0131 i\u015fl\u0259ri davam etdirilir.<br><br>Bu istiqam\u0259td\u0259 apar\u0131lm\u0131\u015f n\u00f6vb\u0259ti t\u0259dbirl\u0259r zaman\u0131, 28 mart 2022-ci il tarixd\u0259 Xocal\u0131 rayonu \u0259razisind\u0259ki F\u0259rrux y\u00fcks\u0259kliyind\u0259 bir ne\u00e7\u0259 insana aid nam\u0259lum meyit qal\u0131qlar\u0131 a\u015fkarlanm\u0131\u015fd\u0131r.<\/p>\n\n\n\n<p>Ad\u0131 \u00e7\u0259kil\u0259n y\u00fcks\u0259klik u\u011frunda Birinci Qaraba\u011f m\u00fcharib\u0259si zaman\u0131 a\u011f\u0131r d\u00f6y\u00fc\u015fl\u0259rin getdiyini v\u0259 Erm\u0259nistan silahl\u0131 birl\u0259\u015fm\u0259l\u0259ri t\u0259r\u0259find\u0259n i\u015f\u011fal edildiyini n\u0259z\u0259r\u0259 alaraq, tap\u0131lan meyit qal\u0131qlar\u0131n\u0131n \u015f\u0259hid olmu\u015f Az\u0259rbaycan h\u0259rb\u00e7il\u0259rin\u0259 aid oldu\u011fu ehtimal edilir. Tap\u0131lm\u0131\u015f meyit qal\u0131qlar\u0131 \u0259razid\u0259n g\u00f6t\u00fcr\u00fcl\u0259r\u0259k m\u00fcvafiq ekspertizan\u0131n apar\u0131lmas\u0131 \u00fc\u00e7\u00fcn aidiyy\u0259ti \u00fczr\u0259 t\u0259hvil veril\u0259c\u0259kdir.<\/p>\n\n\n\n<p>M\u0259lumat \u00fc\u00e7\u00fcn bildiririk ki, Birinci Qaraba\u011f m\u00fcharib\u0259sind\u0259 F\u0259rrux y\u00fcks\u0259kliyi u\u011frunda d\u00f6y\u00fc\u015fl\u0259rd\u0259 62 n\u0259f\u0259r (siyah\u0131 \u0259lav\u0259 edilir) Az\u0259rbaycan h\u0259rb\u00e7isi itkin d\u00fc\u015fm\u00fc\u015f \u015f\u0259xs kimi \u018fsir v\u0259 itkin d\u00fc\u015fm\u00fc\u015f, girov g\u00f6t\u00fcr\u00fclm\u00fc\u015f v\u0259t\u0259nda\u015flarla \u0259laq\u0259dar D\u00f6vl\u0259t Komissiyas\u0131nda qeydiyyata al\u0131nm\u0131\u015fd\u0131r. Eyni zamanda, D\u00f6vl\u0259t Komissiyas\u0131nda toplanm\u0131\u015f m\u0259lumatlara \u0259sas\u0259n, F\u0259rrux y\u00fcks\u0259kliyinin yax\u0131nl\u0131\u011f\u0131nda yerl\u0259\u015f\u0259n, Xocal\u0131 rayonu, Pirl\u0259r k\u0259ndind\u0259 46 n\u0259f\u0259r, A\u011fdam rayonu, \u018flia\u011fal\u0131 k\u0259ndind\u0259 11 n\u0259f\u0259r Az\u0259rbaycan h\u0259rb\u00e7isi itkin d\u00fc\u015fm\u00fc\u015fd\u00fcr.<br>F\u0259rrux y\u00fcks\u0259kliyind\u0259 v\u0259 \u0259traf\u0131nda k\u00fctl\u0259vi m\u0259zar yerl\u0259rinin olmas\u0131 ehtimal\u0131 n\u0259z\u0259r\u0259 al\u0131naraq, m\u00fct\u0259x\u0259ssisl\u0259rd\u0259n ibar\u0259t hey\u0259t t\u0259r\u0259find\u0259n \u0259razid\u0259 axtar\u0131\u015f v\u0259 m\u00fcvafiq ekshumasiya t\u0259dbirl\u0259rinin apar\u0131lmas\u0131 planla\u015fd\u0131r\u0131l\u0131r. M\u0259s\u0259l\u0259 il\u0259 ba\u011fl\u0131 ictimaiyy\u0259t\u0259 \u0259lav\u0259 m\u0259lumat veril\u0259c\u0259kdir.<\/p>\n\n\n\n<figure class=\"wp-block-image size-large\"><img decoding=\"async\" src=\"https:\/\/fedai.az\/wp-content\/uploads\/2022\/03\/whatsapp_image_2022_03_29_at_22_51_471648584329.jpg\" alt=\"\" class=\"wp-image-66272\"\/><\/figure>\n\n\n\n<p><strong>Birinci Qaraba\u011f m\u00fcharib\u0259si zaman\u0131 F\u0259rrux y\u00fcks\u0259kliyind\u0259 itkin d\u00fc\u015fm\u00fc\u015f Az\u0259rbaycan h\u0259rb\u00e7il\u0259rinin siyah\u0131s\u0131<\/strong><br><br><strong>N Soyad\u0131, ad\u0131 v\u0259 atas\u0131n\u0131n ad\u0131 T\u0259v\u0259ll\u00fcd\u00fc \u0130tkin d\u00fc\u015fd\u00fcy\u00fc tarix<\/strong><\/p>\n\n\n\n<p>1 Abdullayev \u018flibala Teyyub o\u011flu 27.02.1972 19.09.1992<br>2 A\u011fayev Arzu Nazir o\u011flu 16.12.1973 24.01.1993<br>3 Allahverdiyev Baba M\u00fcseyib o\u011flu 13.11.1971 28.10.1992<br>4 Allahverdiyev \u018fhm\u0259d \u018fnv\u0259r o\u011flu 30.04.1974 19.01.1993<br>5 Ba\u011f\u0131rov Bal\u0259ddin Yusif o\u011flu 19.11.1972 18.09.1992<br>6 Basen\u015fpiler Mixail Arifovi\u00e7 04.02.1963 19.09.1992<br>7 Bax\u0131\u015fov X\u0259lil Salman o\u011flu 01.07.1965 28.09.1992<br>8 B\u0259dirxanov Mehman \u018fhm\u0259d o\u011flu 27.02.1957 19.09.1992<br>9 Behbudov \u018fli Durmu\u015f\u0259li o\u011flu 01.06.1971 19.09.1992<br>10 C\u0259bray\u0131lov \u0130lham \u0130brahim o\u011flu 17.01.1973 19.09.1992<br>11 C\u0259f\u0259rov Mehman \u018fbd\u00fclr\u0259hman o 28.01.1968 20.01.1993<br>12 C\u0259f\u0259rov S\u0259nan V\u0259li o\u011flu 05.08.1972 25.01.1993<br>13 Dada\u015fov \u0130lham Adil o\u011flu 19.06.1973 19.09.1992<br>14 Eminov Mehman B\u0259hram o\u011flu 01.03.1974 25.01.1993<br>15 Eyvazov M\u0259sud Eynulla o\u011flu 08.12.1972 19.09.1992<br>16 \u018fhm\u0259dov Faiz Mahmud o\u011flu 15.10.1956 20.01.1993<br>17 \u018flim\u0259mm\u0259dov Vahid Z\u0259bi\u015fah o\u011f 07.11.1971 13.11.1992<br>18 \u018fliyev Hiday\u0259t Kamal o\u011flu 01.02.1973 27.10.1992<br>19 \u018fliyev \u0130lqar Hiday\u0259t o\u011flu 01.12.1972 24.01.1993<br>20 \u018fmiraslanov B\u0259xtiyar Cahid o\u011flu 11.09.1971 29.10.1992<br>21 \u018fsg\u0259rov B\u0259xtiyar A\u011fabala o\u011flu 25.01.1973 19.09.1992<br>22 \u018fzizov P\u0259rviz Bayramqulu o\u011flu 18.12.1969 28.10.1992<br>23 F\u0259rz\u0259liyev Vidadi Molut o\u011flu 01.06.1962 25.01.1993<br>24 H\u0259bibov Elnur Pa\u015fa o\u011flu 21.12.1973 26.01.1993<br>25 H\u0259s\u0259nov Eld\u0259niz \u0130lyas o\u011flu 17.12.1969 01.01.1993<br>26 H\u00fcseynov C\u0259sar\u0259t Binn\u0259t o\u011flu 01.11.1973 27.10.1992<br>27 H\u00fcseynov H\u00fcseyn \u018fhm\u0259d o\u011flu 21.06.1935 19.01.1993<br>28 H\u00fcseynov V\u00fcqar Cavan\u015fir o\u011flu 31.05.1973 19.09.1992<br>29 H\u00fcseynov V\u00fcqar Tahir o\u011flu 09.07.1973 25.01.1993<br>30 H\u00fcseynov X\u0259qani Saleh o\u011flu 10.06.1970 28.10.1992<br>31 \u0130badov Maarif M\u0259hi\u015f o\u011flu 18.05.1971 29.09.1992<br>32 \u0130brahimov K\u0259r\u0259m H\u00fcmb\u0259t o\u011flu 05.05.1972 28.10.1992<br>33 \u0130smay\u0131lov Tahir \u0130sa o\u011flu 19.01.1965 30.10.1992<br>34 \u0130srafilli H\u0259s\u0259n H\u00fcseyn o\u011flu 05.03.1958 18.06.1992<br>35 K\u0259rimov Xal\u0259ddin Telman o\u011flu 09.11.1968 27.10.1992<br>36 Q\u0259hr\u0259manov Vidadi \u0130slam o\u011flu 30.03.1971 19.01.1993<br>37 Q\u0259hr\u0259manov Q\u0259hr\u0259man S\u00fcleyman 05.03.1973 30.09.1992<br>38 Qubadov V\u00fcqar Hicran o\u011flu 07.02.1973 19.09.1992<br>39 Qurbanov Natiq Mirz\u0259li o\u011flu 16.02.1970 30.10.1992<br>40 Qurbanov Rasim Fikr\u0259t o\u011flu 19.12.1972 28.10.1992<br>41 Qurbanov \u015eaban Qulu o\u011flu 08.11.1972 28.10.1992<br>42 M\u0259mm\u0259dov Elman Nur\u0259ddin o\u011flu 25.08.1970 11.02.1993<br>43 M\u0259mm\u0259dov Faiz K\u0259rim o\u011flu 14.09.1971 29.10.1992<br>44 M\u0259mm\u0259dov \u0130lqar Nuru o\u011flu 01.07.1961 26.01.1993<br>45 M\u0259mm\u0259dov \u0130lqar \u015eirzal o\u011flu 08.09.1971 19.09.1992<br>46 M\u0259mm\u0259dov Mehman Tofiq o\u011flu 15.04.1972 19.09.1992<br>47 M\u0259mm\u0259dov P\u0259rviz A\u015fral\u0131 o\u011flu 04.05.1973 27.10.1992<br>48 M\u0259nsimov R\u00fcst\u0259m \u0130srafil o\u011flu 01.07.1970 28.10.1992<br>49 Mirz\u0259yev Araz Seyf\u0259ddin o\u011flu 28.07.1973 25.01.1993<br>50 Muxtarov Ayd\u0131n \u015eaban o\u011flu 29.05.1974 24.01.1993<br>51 Namazov P\u0259hlivan Elman o\u011flu 29.12.1969 19.01.1993<br>52 Namazov El\u00e7in Mahmud o\u011flu 13.09.1962 30.10.1992<br>53 Nyune\u00e7kin Vladimir Anatolyevi\u00e7 03.02.1961 28.10.1992<br>54 Orucov Kamran Niy\u0259tulla o\u011flu 27.01.1974 19.09.1992<br>55 \u00d6m\u0259rov Nizam\u0259ddin M\u0259cid o\u011flu 09.10.1974 21.01.1993<br>56 Salmanov Sahib Salman o\u011flu 16.04.1973 28.10.1992<br>57 S\u0259m\u0259dov H\u00fcmb\u0259t \u018fh\u0259d o\u011flu 04.12.1966 13.06.1992<br>58 Svanidze M\u0259h\u0259mm\u0259d F\u0259zli o\u011flu 18.04.1974 22.01.1993<br>59 \u015eirinov Zahid \u018fs\u0259dulla o\u011flu 31.08.1971 20.09.1992<br>60 Tarverdipur El\u015fad H\u00fcseyn o\u011flu 18.03.1971 28.10.1992<br>61 T\u0259s\u0259lliyev Aqil B\u00f6y\u00fcka\u011fa o\u011flu 02.02.1973 25.01.1993<br>62 Zeynalov B\u0259d\u0259l Babas\u0131 o\u011flu 19.11.1973 25.01.1993<\/p>\n","protected":false},"excerpt":{"rendered":"<p>Xocal\u0131 rayonunun F\u0259rrux k\u0259ndind\u0259 daha bir ne\u00e7\u0259 az\u0259rbaycanl\u0131n\u0131n qal\u0131qlar\u0131 tap\u0131l\u0131b. Fedai.az\u00a0Trend\u0259 istinad\u0259n x\u0259b\u0259r verir ki, k\u0259nd \u0259traf\u0131nda ayr\u0131-ayr\u0131l\u0131qda 3 yerd\u0259 apar\u0131lm\u0131\u015f qaz\u0131nt\u0131lar zaman\u0131 Birinci<\/p>\n","protected":false},"author":2,"featured_media":0,"comment_status":"closed","ping_status":"closed","sticky":false,"template":"","format":"standard","meta":{"footnotes":""},"categories":[4],"tags":[],"class_list":["post-66270","post","type-post","status-publish","format-standard","hentry","category-qarabag"],"aioseo_notices":[],"_links":{"self":[{"href":"https:\/\/fedai.az\/index.php?rest_route=\/wp\/v2\/posts\/66270","targetHints":{"allow":["GET"]}}],"collection":[{"href":"https:\/\/fedai.az\/index.php?rest_route=\/wp\/v2\/posts"}],"about":[{"href":"https:\/\/fedai.az\/index.php?rest_route=\/wp\/v2\/types\/post"}],"author":[{"embeddable":true,"href":"https:\/\/fedai.az\/index.php?rest_route=\/wp\/v2\/users\/2"}],"replies":[{"embeddable":true,"href":"https:\/\/fedai.az\/index.php?rest_route=%2Fwp%2Fv2%2Fcomments&post=66270"}],"version-history":[{"count":1,"href":"https:\/\/fedai.az\/index.php?rest_route=\/wp\/v2\/posts\/66270\/revisions"}],"predecessor-version":[{"id":66274,"href":"https:\/\/fedai.az\/index.php?rest_route=\/wp\/v2\/posts\/66270\/revisions\/66274"}],"wp:attachment":[{"href":"https:\/\/fedai.az\/index.php?rest_route=%2Fwp%2Fv2%2Fmedia&parent=66270"}],"wp:term":[{"taxonomy":"category","embeddable":true,"href":"https:\/\/fedai.az\/index.php?rest_route=%2Fwp%2Fv2%2Fcategories&post=66270"},{"taxonomy":"post_tag","embeddable":true,"href":"https:\/\/fedai.az\/index.php?rest_route=%2Fwp%2Fv2%2Ftags&post=66270"}],"curies":[{"name":"wp","href":"https:\/\/api.w.org\/{rel}","templated":true}]}}