{"id":66276,"date":"2022-03-31T13:09:32","date_gmt":"2022-03-31T09:09:32","guid":{"rendered":"https:\/\/fedai.az\/?p=66276"},"modified":"2022-03-31T13:32:26","modified_gmt":"2022-03-31T09:32:26","slug":"veteranlar-31-mart-s%c9%99hidl%c9%99rini-andilar","status":"publish","type":"post","link":"https:\/\/fedai.az\/?p=66276","title":{"rendered":"Veteranlar 31 Mart \u015f\u0259hidl\u0259rini and\u0131lar"},"content":{"rendered":"\n<p><strong>1918-ci ilin 30 mart v\u0259 3 aprel tarixl\u0259ri aras\u0131nda Bak\u0131 \u015f\u0259h\u0259rind\u0259 v\u0259 Bak\u0131 quberniyas\u0131n\u0131n m\u00fcxt\u0259lif b\u00f6lg\u0259l\u0259rind\u0259, el\u0259c\u0259 d\u0259 \u015eamax\u0131, Quba, Xa\u00e7maz, L\u0259nk\u0259ran, Hac\u0131qabul, Salyan, Z\u0259ng\u0259zur, Qaraba\u011f, Nax\u00e7\u0131van v\u0259 dig\u0259r \u0259razil\u0259rd\u0259 Bak\u0131 Soveti v\u0259 da\u015fnak erm\u0259ni silahl\u0131 d\u0259st\u0259l\u0259ri az\u0259rbaycanl\u0131lar\u0131 k\u00fctl\u0259vi \u015f\u0259kild\u0259 v\u0259h\u015fic\u0259sin\u0259 q\u0259tl\u0259 yetirmi\u015fl\u0259r.&nbsp; R\u0259smi m\u0259nb\u0259l\u0259r\u0259 \u0259sas\u0259n, bu soyq\u0131r\u0131m\u0131n n\u0259tic\u0259sind\u0259 12 min\u0259 yax\u0131n az\u0259rbaycanl\u0131 amans\u0131zcas\u0131na \u00f6ld\u00fcr\u00fclm\u00fc\u015f, on minl\u0259rl\u0259 insan itkin d\u00fc\u015fm\u00fc\u015fd\u00fcr.<\/strong><\/p>\n\n\n\n<p>&nbsp;Az\u0259rbaycan V\u0259t\u0259n M\u00fcharib\u0259si Veteranlar\u0131 \u0130ctimai Birliyi (AVMV\u0130B) h\u0259r il oldu\u011fu kimi bu il d\u0259 31 Mart Az\u0259rbaycanl\u0131lar\u0131n Soyq\u0131r\u0131m\u0131 G\u00fcn\u00fcn\u00fc \u015e\u0259hidl\u0259r Xiyaban\u0131n\u0131 ziyar\u0259t edibl\u0259r.<\/p>\n\n\n\n<figure class=\"wp-block-gallery columns-3 is-cropped wp-block-gallery-1 is-layout-flex wp-block-gallery-is-layout-flex\"><ul class=\"blocks-gallery-grid\"><li class=\"blocks-gallery-item\"><figure><img loading=\"lazy\" decoding=\"async\" width=\"1024\" height=\"576\" src=\"https:\/\/fedai.az\/wp-content\/uploads\/2022\/03\/276133936_5138285732901373_4361742241469735100_n-1024x576.jpg\" alt=\"\" data-id=\"66277\" data-link=\"https:\/\/fedai.az\/?attachment_id=66277\" class=\"wp-image-66277\" srcset=\"https:\/\/fedai.az\/wp-content\/uploads\/2022\/03\/276133936_5138285732901373_4361742241469735100_n-1024x576.jpg 1024w, https:\/\/fedai.az\/wp-content\/uploads\/2022\/03\/276133936_5138285732901373_4361742241469735100_n-300x169.jpg 300w, https:\/\/fedai.az\/wp-content\/uploads\/2022\/03\/276133936_5138285732901373_4361742241469735100_n-150x84.jpg 150w, https:\/\/fedai.az\/wp-content\/uploads\/2022\/03\/276133936_5138285732901373_4361742241469735100_n-768x432.jpg 768w, https:\/\/fedai.az\/wp-content\/uploads\/2022\/03\/276133936_5138285732901373_4361742241469735100_n-1536x864.jpg 1536w, https:\/\/fedai.az\/wp-content\/uploads\/2022\/03\/276133936_5138285732901373_4361742241469735100_n.jpg 1599w\" sizes=\"auto, (max-width: 1024px) 100vw, 1024px\" \/><\/figure><\/li><li class=\"blocks-gallery-item\"><figure><img decoding=\"async\" src=\"https:\/\/fedai.az\/wp-content\/uploads\/2022\/03\/277311813_925813858109739_1396605944132739670_n-1024x576.jpg\" alt=\"\" data-id=\"66278\" data-link=\"https:\/\/fedai.az\/?attachment_id=66278\" class=\"wp-image-66278\"\/><\/figure><\/li><li class=\"blocks-gallery-item\"><figure><img decoding=\"async\" src=\"https:\/\/fedai.az\/wp-content\/uploads\/2022\/03\/277467495_1470823383374309_6910612482496047006_n-576x1024.jpg\" alt=\"\" data-id=\"66279\" data-full-url=\"https:\/\/fedai.az\/wp-content\/uploads\/2022\/03\/277467495_1470823383374309_6910612482496047006_n.jpg\" data-link=\"https:\/\/fedai.az\/?attachment_id=66279\" class=\"wp-image-66279\"\/><\/figure><\/li><\/ul><\/figure>\n\n\n\n<p>Az\u0259rbaycan V\u0259t\u0259n M\u00fcharib\u0259si Veteranlar\u0131 \u0130ctimai Birliyinin (AVMV\u0130B) r\u0259hb\u0259rliyi, rayon \u015f\u00f6b\u0259l\u0259rinin r\u0259hb\u0259rliyi v\u0259 m\u00fcharib\u0259 veteranlar\u0131 \u015f\u0259hidl\u0259rimizin m\u0259zarlar\u0131n\u0131 ziyar\u0259t etmi\u015f v\u0259 Bak\u0131n\u0131n azad edilm\u0259sind\u0259 \u015f\u0259hid olmu\u015f t\u00fcrk \u015f\u0259hidl\u0259rinin m\u0259zarlar\u0131na g\u00fcl qoymu\u015flar.<\/p>\n\n\n\n<p>Xat\u0131rladaq ki, Ulu \u00d6nd\u0259r &nbsp;Heyd\u0259r \u018fliyev Az\u0259rbaycan Respublikas\u0131n\u0131n Prezidenti kimi 26 mart 1998-ci il tarixd\u0259 31 mart Az\u0259rbaycanl\u0131lar\u0131n Soyq\u0131r\u0131m\u0131 G\u00fcn\u00fc kimi qeyd olunmas\u0131 bar\u0259d\u0259 S\u0259r\u0259ncam imzalam\u0131\u015fd\u0131r.<\/p>\n\n\n\n<figure class=\"wp-block-image size-large\"><img decoding=\"async\" src=\"https:\/\/fedai.az\/wp-content\/uploads\/2022\/03\/277222574_514561980278488_4623861423678186848_n-1024x576.jpg\" alt=\"\" class=\"wp-image-66280\"\/><\/figure>\n\n\n\n<p>Soyq\u0131r\u0131m\u0131 qurbanlar\u0131n\u0131n xatir\u0259sini ehtiramla yad edir, onlara Allahdan r\u0259hm\u0259t dil\u0259yirik.&nbsp;<\/p>\n\n\n\n<p><strong>Elnur S\u0259lim<br>Azad Musayev<\/strong><\/p>\n\n\n\n<figure class=\"wp-block-gallery columns-2 is-cropped wp-block-gallery-2 is-layout-flex wp-block-gallery-is-layout-flex\"><ul class=\"blocks-gallery-grid\"><li class=\"blocks-gallery-item\"><figure><img decoding=\"async\" src=\"https:\/\/fedai.az\/wp-content\/uploads\/2022\/03\/277543673_5003100646443917_7678991405792095948_n-1024x576.jpg\" alt=\"\" data-id=\"66290\" data-link=\"https:\/\/fedai.az\/?attachment_id=66290\" class=\"wp-image-66290\"\/><\/figure><\/li><li class=\"blocks-gallery-item\"><figure><img decoding=\"async\" src=\"https:\/\/fedai.az\/wp-content\/uploads\/2022\/03\/276027156_541655724027065_47557629443019459_n-576x1024.jpg\" alt=\"\" data-id=\"66291\" data-full-url=\"https:\/\/fedai.az\/wp-content\/uploads\/2022\/03\/276027156_541655724027065_47557629443019459_n.jpg\" data-link=\"https:\/\/fedai.az\/?attachment_id=66291\" class=\"wp-image-66291\"\/><\/figure><\/li><\/ul><\/figure>\n\n\n\n<figure class=\"wp-block-gallery columns-2 is-cropped wp-block-gallery-3 is-layout-flex wp-block-gallery-is-layout-flex\"><ul class=\"blocks-gallery-grid\"><li class=\"blocks-gallery-item\"><figure><img decoding=\"async\" src=\"https:\/\/fedai.az\/wp-content\/uploads\/2022\/03\/276053503_952616272059970_3028822500021876567_n-1024x576.jpg\" alt=\"\" data-id=\"66281\" data-link=\"https:\/\/fedai.az\/?attachment_id=66281\" class=\"wp-image-66281\"\/><\/figure><\/li><li class=\"blocks-gallery-item\"><figure><img decoding=\"async\" src=\"https:\/\/fedai.az\/wp-content\/uploads\/2022\/03\/277418059_846753586281979_3977255407179701263_n-1024x576.jpg\" alt=\"\" data-id=\"66282\" data-full-url=\"https:\/\/fedai.az\/wp-content\/uploads\/2022\/03\/277418059_846753586281979_3977255407179701263_n.jpg\" data-link=\"https:\/\/fedai.az\/?attachment_id=66282\" class=\"wp-image-66282\"\/><\/figure><\/li><\/ul><\/figure>\n\n\n\n<figure class=\"wp-block-image size-large\"><img decoding=\"async\" src=\"https:\/\/fedai.az\/wp-content\/uploads\/2022\/03\/277348858_752765182375138_6107085518098285880_n-1024x576.jpg\" alt=\"\" class=\"wp-image-66283\"\/><\/figure>\n\n\n\n<figure class=\"wp-block-gallery columns-2 is-cropped wp-block-gallery-4 is-layout-flex wp-block-gallery-is-layout-flex\"><ul class=\"blocks-gallery-grid\"><li class=\"blocks-gallery-item\"><figure><img decoding=\"async\" src=\"https:\/\/fedai.az\/wp-content\/uploads\/2022\/03\/277404884_1353155991847063_8019361341205424432_n-1024x576.jpg\" alt=\"\" data-id=\"66284\" data-link=\"https:\/\/fedai.az\/?attachment_id=66284\" class=\"wp-image-66284\"\/><\/figure><\/li><li class=\"blocks-gallery-item\"><figure><img decoding=\"async\" src=\"https:\/\/fedai.az\/wp-content\/uploads\/2022\/03\/277222574_514561980278488_4623861423678186848_n-1-1024x576.jpg\" alt=\"\" data-id=\"66285\" data-full-url=\"https:\/\/fedai.az\/wp-content\/uploads\/2022\/03\/277222574_514561980278488_4623861423678186848_n-1.jpg\" data-link=\"https:\/\/fedai.az\/?attachment_id=66285\" class=\"wp-image-66285\"\/><\/figure><\/li><\/ul><\/figure>\n\n\n\n<figure class=\"wp-block-image size-large\"><img decoding=\"async\" src=\"https:\/\/fedai.az\/wp-content\/uploads\/2022\/03\/277535570_157367006705345_5813680764032128307_n.jpg\" alt=\"\" class=\"wp-image-66286\"\/><\/figure>\n","protected":false},"excerpt":{"rendered":"<p>1918-ci ilin 30 mart v\u0259 3 aprel tarixl\u0259ri aras\u0131nda Bak\u0131 \u015f\u0259h\u0259rind\u0259 v\u0259 Bak\u0131 quberniyas\u0131n\u0131n m\u00fcxt\u0259lif b\u00f6lg\u0259l\u0259rind\u0259, el\u0259c\u0259 d\u0259 \u015eamax\u0131, Quba, Xa\u00e7maz, L\u0259nk\u0259ran, Hac\u0131qabul, Salyan,<\/p>\n","protected":false},"author":2,"featured_media":0,"comment_status":"closed","ping_status":"closed","sticky":false,"template":"","format":"standard","meta":{"footnotes":""},"categories":[3],"tags":[],"class_list":["post-66276","post","type-post","status-publish","format-standard","hentry","category-gundm"],"aioseo_notices":[],"_links":{"self":[{"href":"https:\/\/fedai.az\/index.php?rest_route=\/wp\/v2\/posts\/66276","targetHints":{"allow":["GET"]}}],"collection":[{"href":"https:\/\/fedai.az\/index.php?rest_route=\/wp\/v2\/posts"}],"about":[{"href":"https:\/\/fedai.az\/index.php?rest_route=\/wp\/v2\/types\/post"}],"author":[{"embeddable":true,"href":"https:\/\/fedai.az\/index.php?rest_route=\/wp\/v2\/users\/2"}],"replies":[{"embeddable":true,"href":"https:\/\/fedai.az\/index.php?rest_route=%2Fwp%2Fv2%2Fcomments&post=66276"}],"version-history":[{"count":2,"href":"https:\/\/fedai.az\/index.php?rest_route=\/wp\/v2\/posts\/66276\/revisions"}],"predecessor-version":[{"id":66292,"href":"https:\/\/fedai.az\/index.php?rest_route=\/wp\/v2\/posts\/66276\/revisions\/66292"}],"wp:attachment":[{"href":"https:\/\/fedai.az\/index.php?rest_route=%2Fwp%2Fv2%2Fmedia&parent=66276"}],"wp:term":[{"taxonomy":"category","embeddable":true,"href":"https:\/\/fedai.az\/index.php?rest_route=%2Fwp%2Fv2%2Fcategories&post=66276"},{"taxonomy":"post_tag","embeddable":true,"href":"https:\/\/fedai.az\/index.php?rest_route=%2Fwp%2Fv2%2Ftags&post=66276"}],"curies":[{"name":"wp","href":"https:\/\/api.w.org\/{rel}","templated":true}]}}