{"id":66321,"date":"2022-03-31T20:25:23","date_gmt":"2022-03-31T16:25:23","guid":{"rendered":"https:\/\/fedai.az\/?p=66321"},"modified":"2022-03-31T20:25:28","modified_gmt":"2022-03-31T16:25:28","slug":"t%c9%99brik-y%c9%99hyayev-eldar-oruc-oglu-57","status":"publish","type":"post","link":"https:\/\/fedai.az\/?p=66321","title":{"rendered":"T\u018fBR\u0130K: Y\u018fHYAYEV ELDAR ORUC O\u011eLU  &#8212; 57"},"content":{"rendered":"\n<p><strong>\u00a0\u00a0\u00a0\u00a0 <span class=\"has-inline-color has-vivid-red-color\">\u0130nsan \u00fc\u00e7\u00fcn \u0259n yadda qalan g\u00fcnl\u0259rd\u0259n ba\u015fl\u0131cas\u0131 onun h\u0259yata g\u0259ldiyi g\u00fcnd\u00fcr. \u00d6m\u00fcr\u0259 b\u0259z\u0259k olan ad g\u00fcn\u00fc h\u0259r il x\u00fcsusi il\u0259 qeyd olunur. Bel\u0259 insanlardan biri d\u0259\u00a0 pe\u015f\u0259karl\u0131\u011f\u0131 v\u0259 humanistliyi\u00a0 il\u0259 se\u00e7il\u0259n\u00a0 \u00f6mr\u00fcn\u00fcn \u0259n m\u0259hsuldar d\u00f6vr\u00fcn\u00fcn\u00a0\u00a0 22 ild\u0259n \u00e7ox\u00a0 \u015f\u0259r\u0259fli v\u0259 m\u0259nal\u0131\u00a0 xidm\u0259t yolunu\u00a0 h\u0259rbi xidm\u0259td\u0259\u00a0 ke\u00e7irmi\u015f\u00a0 ehtiyatda olan mayor Y\u0259hyayev Eldar Oruc o\u011fludur.Onun\u00a0 aprel ay\u0131n\u0131n 1 &#8212; d\u0259 onun\u00a0 57 ya\u015f\u0131 tamam olur.<\/span><\/strong><\/p>\n\n\n\n<p><strong>\u00a0\u00a0\u00a0\u00a0\u00a0 Az\u0259rbaycan V\u0259t\u0259n M\u00fcharib\u0259si Veteranlar\u0131 \u0130ctimai Birliyinin r\u0259hb\u0259rliyi v\u0259 Az\u0259rbaycan V\u0259t\u0259n M\u00fcharib\u0259si Veteranlar\u0131 \u0130ctimai Birliyi (AVMV\u0130B) s\u0259drinin m\u00fcavini polkovnik Salman Musayev\u00a0 ehtiyatda olan mayor Y\u0259hyayev Eldar Oruc o\u011flunu do\u011fum g\u00fcn\u00fc m\u00fcnasib\u0259til\u0259 s\u0259mimi q\u0259lbd\u0259n t\u0259brik edir, ona h\u0259yatda insan \u00fc\u00e7\u00fcn \u0259n \u015firin\u00a0 neym\u0259t olan m\u00f6hk\u0259m can sa\u011fl\u0131\u011f\u0131, ail\u0259 s\u0259ad\u0259ti\u00a0 v\u0259 h\u0259yat yollar\u0131nda bitib &#8212; t\u00fck\u0259nm\u0259y\u0259n nailiyy\u0259tl\u0259r arzulay\u0131r.<\/strong><\/p>\n\n\n\n<p><strong>\u00a0\u00a0\u00a0\u00a0\u00a0 Arzu edirik ki,\u00a0Eldar Y\u0259hyayevin ya\u015f\u0131n\u0131n \u00fcst\u0259 g\u0259l\u0259n bu ya\u015f ona sevinc dolu g\u00fcnl\u0259r b\u0259x\u015f etsin v\u0259 h\u0259r yeni g\u00fcn\u00fc is\u0259 \u00f6t\u0259n g\u00fcnl\u0259rd\u0259n daha g\u00f6z\u0259l ist\u0259kl\u0259rin\u0259 uy\u011fun onu xo\u015fb\u0259xt ed\u0259c\u0259k \u015f\u0259kild\u0259 ke\u00e7sin. Amin!<\/strong><\/p>\n\n\n\n<p>\u00a0\u00a0\u00a0\u00a0\u00a0\u00a0 1965 ci ilin aprel ay\u0131n\u0131n 1 &#8212; d\u0259 Nax\u00e7\u0131van Muxtar Respublikas\u0131n\u0131n\u00a0Ordubad rayonunun\u00a0A\u015fa\u011f\u0131\u00a0Aza k\u0259ndind\u0259 anadan olub.<\/p>\n\n\n\n<figure class=\"wp-block-gallery columns-3 is-cropped wp-block-gallery-1 is-layout-flex wp-block-gallery-is-layout-flex\"><ul class=\"blocks-gallery-grid\"><li class=\"blocks-gallery-item\"><figure><img decoding=\"async\" src=\"https:\/\/fedai.az\/wp-content\/uploads\/2022\/03\/20220331_073716.jpg\" alt=\"\" data-id=\"66322\" data-link=\"https:\/\/fedai.az\/?attachment_id=66322\" class=\"wp-image-66322\"\/><\/figure><\/li><li class=\"blocks-gallery-item\"><figure><img decoding=\"async\" src=\"https:\/\/fedai.az\/wp-content\/uploads\/2022\/03\/20220331_073603.jpg\" alt=\"\" data-id=\"66323\" data-link=\"https:\/\/fedai.az\/?attachment_id=66323\" class=\"wp-image-66323\"\/><\/figure><\/li><li class=\"blocks-gallery-item\"><figure><img decoding=\"async\" src=\"https:\/\/fedai.az\/wp-content\/uploads\/2022\/03\/20220331_074530.jpg\" alt=\"\" data-id=\"66324\" data-full-url=\"https:\/\/fedai.az\/wp-content\/uploads\/2022\/03\/20220331_074530.jpg\" data-link=\"https:\/\/fedai.az\/?attachment_id=66324\" class=\"wp-image-66324\"\/><\/figure><\/li><\/ul><\/figure>\n\n\n\n<p>&nbsp;&nbsp;&nbsp;&nbsp;&nbsp;&nbsp; 1982 -ci ild\u0259 Ordubad \u015f\u0259h\u0259r M.F\u00fczuli ad\u0131na internat m\u0259kt\u0259bini, 1992 &#8212; ci ild\u0259&nbsp; Minsk \u015f\u0259h\u0259rind\u0259 Poltexnik \u0130nstitutunu bitrib.&nbsp;&nbsp;&nbsp; Daxili \u0130\u015fl\u0259r Nazirliyinin Daxili Qo\u015funlar\u0131nda xidm\u0259t etdiyi ill\u0259r \u0259rzind\u0259 Daxili Qo\u015funlar\u0131n Ba\u015f idar\u0259sind\u0259 v\u0259 h\u0259rbi hiss\u0259l\u0259rind\u0259&nbsp; ke\u00e7iril\u0259n m\u00fcvafiq kurslarda,&nbsp;&nbsp; bir \u00e7ox metodiki &#8212; t\u0259lim toplan\u0131\u015flar\u0131nda,&nbsp; t\u0259liml\u0259rd\u0259, seminar v\u0259 konfranslarda f\u0259al i\u015ftirak edib.<\/p>\n\n\n\n<p>&nbsp;&nbsp;&nbsp;&nbsp;&nbsp; 1983- 1985 -ci ill\u0259rd\u0259&nbsp; Sovet ordusunun&nbsp; T\u00fcrkm\u0259nistan Respublikas\u0131n\u0131n&nbsp; Mari \u015f\u0259h\u0259rind\u0259 yerl\u0259\u015f\u0259n&nbsp; H\u0259rbi Hava Q\u00fcvv\u0259l\u0259rind\u0259&nbsp; m\u00fcdd\u0259tli h\u0259qiqi h\u0259rbi xidm\u0259t olub.<\/p>\n\n\n\n<p>&nbsp;&nbsp;&nbsp;&nbsp;&nbsp; 1995 &#8212; 2015 ci ill\u0259rd\u0259 Daxili \u0130\u015fl\u0259r Nazirliyinin Daxili Qo\u015funlar\u0131n Ba\u015f \u0130dar\u0259sinin Nax\u00e7\u0131van Muxtar Respublikas\u0131nda yerl\u0259\u015f\u0259n \u018flahidd\u0259 (Birqadada ) h\u0259rbi hiss\u0259d\u0259 avtomobil v\u0259 zirehli texnika&nbsp; xidm\u0259ti \u00fczr\u0259 texniki &#8212; n\u0259zar\u0259t m\u0259nt\u0259q\u0259sinin r\u0259isi, (Briqada) &nbsp;h\u0259rbi hiss\u0259nid\u0259 avtomobil zirehli texnika xidm\u0259t r\u0259isi v\u0259zif\u0259l\u0259rind\u0259 V\u0259t\u0259n\u0259 D\u00f6vl\u0259t\u0259 v\u0259 xalqa s\u0259daq\u0259tl\u0259 xidm\u0259t etmi\u015fdir.<\/p>\n\n\n\n<figure class=\"wp-block-image size-large\"><img decoding=\"async\" src=\"https:\/\/fedai.az\/wp-content\/uploads\/2022\/03\/IMG-20220330-WA0005-1024x680.jpg\" alt=\"\" class=\"wp-image-66325\"\/><\/figure>\n\n\n\n<p>&nbsp;&nbsp;&nbsp;&nbsp; O,Daxili Qo\u015funlarda xidm\u0259t etdiyi ill\u0259r \u0259rzind\u0259 \u00f6z\u00fcn\u00fc qorxmaz, s\u0259xav\u0259tli, insanp\u0259rv\u0259r, \u0259lia\u00e7\u0131q, z\u0259hm\u0259tke\u015f&nbsp; zabit kimi g\u00f6st\u0259rmi\u015fdir. O, ist\u0259r anadan oldu\u011fu v\u0259 ya\u015fad\u0131\u011f\u0131 \u0259razid\u0259, oxudu\u011fu orta v\u0259 ali t\u0259hsil m\u00fc\u0259ssis\u0259l\u0259rind\u0259, ist\u0259rs\u0259 d\u0259 xidm\u0259t etdiyi v\u0259 i\u015fl\u0259diyi kollektivl\u0259rd\u0259, dost -tan\u0131\u015f ,qohum-\u0259qr\u0259ba aras\u0131nda \u00f6z\u00fcn\u0259 layiq h\u00f6rm\u0259t qazanm\u0131\u015fd\u0131r.<\/p>\n\n\n\n<p>&nbsp;&nbsp;&nbsp;&nbsp;&nbsp;&nbsp; M\u00fcst\u0259qil Az\u0259rbaycan\u0131n Daxili \u0130\u015fl\u0259r Nazirliyinin&nbsp; Daxili Qo\u015funlar\u0131nda xidm\u0259t etdiyi ill\u0259r \u0259rzind\u0259,Az\u0259rbaycan Respublikas\u0131n\u0131n Konstitusiyas\u0131na v\u0259 qanunlar\u0131na \u0259m\u0259l etm\u0259kd\u0259, h\u0259rbi and\u0131n,&nbsp; h\u0259rbi nizamnam\u0259l\u0259rin v\u0259 dig\u0259r h\u00fcquqi- normativ aktlar\u0131n&nbsp; t\u0259l\u0259bl\u0259rin\u0259, el\u0259c\u0259 d\u0259 v\u0259zif\u0259 borclar\u0131n\u0131n icrasna m\u0259suliyy\u0259tl\u0259 yana\u015fm\u0131\u015f, qar\u015f\u0131ya qoyulmu\u015f&nbsp; xidm\u0259ti&nbsp; tap\u015f\u0131r\u0131qlar\u0131 m\u00fcv\u0259ff\u0259qiyy\u0259tl\u0259 yerin\u0259 yetirilm\u0259si \u00fc\u00e7\u00fcn \u00f6z \u0259m\u0259yini \u0259sirg\u0259m\u0259mi\u015f, \u015f\u0259xsi n\u00fcmun\u0259si il\u0259&nbsp; bir cox&nbsp; h\u0259rbi qulluq\u00e7ular f\u0259dakar h\u0259rbi xidm\u0259t\u0259 ruhland\u0131rm\u0131\u015fd\u0131r.<\/p>\n\n\n\n<figure class=\"wp-block-image size-large\"><img decoding=\"async\" src=\"https:\/\/fedai.az\/wp-content\/uploads\/2022\/03\/IMG-20220330-WA0009-1024x680.jpg\" alt=\"\" class=\"wp-image-66326\"\/><\/figure>\n\n\n\n<p>&nbsp;&nbsp;&nbsp;&nbsp;&nbsp;&nbsp;&nbsp;&nbsp; Nax\u00e7\u0131van Muxtar Respublikas\u0131nda&nbsp; ictimai qaydan\u0131n v\u0259 ictimai t\u0259hl\u00fck\u0259sizliyin t\u0259min edilm\u0259sind\u0259, \u015f\u0259h\u0259rd\u0259 v\u0259 ya\u015fay\u0131\u015f m\u0259nt\u0259q\u0259l\u0259rind\u0259 ba\u015f vermi\u015f k\u00fctl\u0259vi ixti\u015fa\u015flar\u0131n qar\u015f\u0131s\u0131n\u0131n al\u0131nmas\u0131nda, m\u00fct\u0259\u015f\u0259kkil cinay\u0259tkarl\u0131\u011fa qar\u015f\u0131 m\u00fcbariz\u0259d\u0259,&nbsp; ba\u015f vermi\u015f t\u0259bii f\u0259lak\u0259tl\u0259rin n\u0259tic\u0259l\u0259rinin aradan qald\u0131r\u0131lmas\u0131nda \u00fcz\u0259rin\u0259 d\u00fcs\u0259n v\u0259zif\u0259 v\u0259 tap\u015f\u0131r\u0131qlar\u0131 \u015f\u0259r\u0259fl\u0259 yerin\u0259 yetirmi\u015fdir.<\/p>\n\n\n\n<p>&nbsp;&nbsp;&nbsp;&nbsp;&nbsp;&nbsp; H\u0259rb\u0131 xidm\u0259ti v\u0259zif\u0259l\u0259rinin icras\u0131 zaman\u0131 y\u00fcks\u0259k m\u0259n\u0259vi d\u00f6y\u00fc\u015f keyfiyy\u0259tl\u0259ri g\u00f6st\u0259rdiyin\u0259 g\u00f6r\u0259 d\u00f6y\u00fc\u015f v\u0259 ictimai siyas\u0131 haz\u0131rl\u0131\u011f\u0131nda, h\u0259rbi intizam\u0131n m\u00f6hk\u0259ml\u0259ndirilm\u0259sind\u0259 y\u00fcks\u0259k g\u00f6st\u0259ricil\u0259r\u0259 nail oldu\u011funa v\u0259 n\u00fcmun\u0259vi&nbsp; xidm\u0259tin\u0259 g\u00f6r\u0259 Daxili \u0130\u015fl\u0259r Nazirinin, Daxili Qo\u015funlar Komandan\u0131n v\u0259 onun m\u00fcavinl\u0259rinin, h\u0259rbi hiss\u0259 komandirinin m\u00fcvafiq \u0259mrl\u0259ri il\u0259 \u0259la xidm\u0259tl\u0259r\u0259 g\u00f6r\u0259 d\u00f6\u015f v\u0259 yubiley ni\u015fanlar\u0131 il\u0259, pul m\u00fckafatlar\u0131 il\u0259, f\u0259xri f\u0259rmanlarla v\u0259 qiym\u0259tli h\u0259diyy\u0259l\u0259rl\u0259 m\u00fckafatland\u0131rl\u0131b v\u0259 ona t\u0259\u015f\u0259kk\u00fcr elan edilib.<\/p>\n\n\n\n<figure class=\"wp-block-image size-large\"><img decoding=\"async\" src=\"https:\/\/fedai.az\/wp-content\/uploads\/2022\/03\/20220331_074412-1024x929.jpg\" alt=\"\" class=\"wp-image-66327\"\/><\/figure>\n\n\n\n<p>\u00a0\u00a0\u00a0\u00a0\u00a0 D\u00f6y\u00fc\u015f haz\u0131rl\u0131\u011f\u0131ndak\u0131 \u0259la g\u00f6st\u0259ricil\u0259r\u0259 g\u00f6r\u0259, t\u0259liml\u0259rd\u0259, x\u00fcsusi \u0259m\u0259liyyatlarda, d\u00f6y\u00fc\u015f xidm\u0259tind\u0259 v\u0259 d\u00f6y\u00fc\u015f n\u00f6vb\u0259sind\u0259 x\u00fcsusi f\u0259riql\u0259ndiyin\u0259 g\u00f6r\u0259 \u015f\u00fcca\u0259t v\u0259 f\u0259dakarl\u0131q g\u00f6st\u0259rdiyin\u0259 g\u00f6r\u0259 Az\u0259rbaycan Respublikas\u0131n\u0131n Prezidenti ad\u0131ndan Daxili \u0130\u015fl\u0259r Nazirinin m\u00fcvafiq \u0259mrl\u0259ri il\u0259 &#171;Silahl\u0131 Q\u00fcvv\u0259l\u0259r Veteran\u0131 &#171;, &#171;Q\u00fcsursuz Xidm\u0259tl\u0259r\u0259 G\u00f6r\u0259 &#187; 1-ci, 2-ci v\u0259 3-c\u00fc d\u0259r\u0259c\u0259li, &#171;Silahl\u0131 Q\u00fcvv\u0259l\u0259rin yaranmas\u0131n\u0131n&#187; is\u0259 10-iliyi , 90-illiyi\u00a0 yubiley\u00a0 medallarl il\u0259 t\u0259ltif olunub.<\/p>\n\n\n\n<figure class=\"wp-block-image size-large\"><img decoding=\"async\" src=\"https:\/\/fedai.az\/wp-content\/uploads\/2022\/03\/IMG-20220330-WA0004-1024x680.jpg\" alt=\"\" class=\"wp-image-66328\"\/><\/figure>\n\n\n\n<p><strong>\u00a0DO\u011eUM G\u00dcN\u00dcN M\u00dcBAR\u018fK OLSUN, ELDAR B\u018fY!<\/strong><\/p>\n\n\n\n<p><strong>ALLAH H\u018fR ZAMAN Q\u018fLB\u0130N\u0130 SIXINTIDAN, B\u018fDB\u0130NL\u0130KD\u018fN QORUSUN!<\/strong><\/p>\n\n\n\n<p><strong>B\u00dcT\u00dcN ARZULARIN \u00c7\u0130N OLSUN!<\/strong><\/p>\n\n\n\n<p><strong>H\u018fM\u0130\u015e\u018f \u00dcZ\u00dcN G\u00dcLS\u00dcN, \u00dcR\u018fY\u0130N SEV\u0130NS\u0130N!<\/strong><\/p>\n\n\n\n<p><strong>D\u0259rin h\u00f6rm\u0259tl\u0259, Az\u0259rbaycan V\u0259t\u0259n M\u00fcharib\u0259si Veteranlari \u0130ctimai Birliyi s\u0259drinin m\u00fcavini polkovnik Salman Musayev<\/strong><\/p>\n\n\n\n<figure class=\"wp-block-image size-large\"><img decoding=\"async\" src=\"https:\/\/fedai.az\/wp-content\/uploads\/2022\/03\/20220331_074412-1-1024x929.jpg\" alt=\"\" class=\"wp-image-66329\"\/><\/figure>\n\n\n\n<figure class=\"wp-block-gallery columns-2 is-cropped wp-block-gallery-2 is-layout-flex wp-block-gallery-is-layout-flex\"><ul class=\"blocks-gallery-grid\"><li class=\"blocks-gallery-item\"><figure><img decoding=\"async\" src=\"https:\/\/fedai.az\/wp-content\/uploads\/2022\/03\/8265a327389da9fe4fdc2714b309120e-6-1-2.jpg\" alt=\"\" data-id=\"65692\" data-full-url=\"https:\/\/fedai.az\/wp-content\/uploads\/2022\/03\/8265a327389da9fe4fdc2714b309120e-6-1-2.jpg\" data-link=\"https:\/\/fedai.az\/?attachment_id=65692\" class=\"wp-image-65692\"\/><\/figure><\/li><li class=\"blocks-gallery-item\"><figure><img decoding=\"async\" src=\"https:\/\/fedai.az\/wp-content\/uploads\/2022\/03\/IMG-20220330-WA0006-1024x576.jpg\" alt=\"\" data-id=\"66331\" data-full-url=\"https:\/\/fedai.az\/wp-content\/uploads\/2022\/03\/IMG-20220330-WA0006.jpg\" data-link=\"https:\/\/fedai.az\/?attachment_id=66331\" class=\"wp-image-66331\"\/><\/figure><\/li><\/ul><\/figure>\n","protected":false},"excerpt":{"rendered":"<p>\u00a0\u00a0\u00a0\u00a0 \u0130nsan \u00fc\u00e7\u00fcn \u0259n yadda qalan g\u00fcnl\u0259rd\u0259n ba\u015fl\u0131cas\u0131 onun h\u0259yata g\u0259ldiyi g\u00fcnd\u00fcr. \u00d6m\u00fcr\u0259 b\u0259z\u0259k olan ad g\u00fcn\u00fc h\u0259r il x\u00fcsusi il\u0259 qeyd olunur. Bel\u0259<\/p>\n","protected":false},"author":2,"featured_media":0,"comment_status":"closed","ping_status":"closed","sticky":false,"template":"","format":"standard","meta":{"footnotes":""},"categories":[5],"tags":[],"class_list":["post-66321","post","type-post","status-publish","format-standard","hentry","category-veteran"],"aioseo_notices":[],"_links":{"self":[{"href":"https:\/\/fedai.az\/index.php?rest_route=\/wp\/v2\/posts\/66321","targetHints":{"allow":["GET"]}}],"collection":[{"href":"https:\/\/fedai.az\/index.php?rest_route=\/wp\/v2\/posts"}],"about":[{"href":"https:\/\/fedai.az\/index.php?rest_route=\/wp\/v2\/types\/post"}],"author":[{"embeddable":true,"href":"https:\/\/fedai.az\/index.php?rest_route=\/wp\/v2\/users\/2"}],"replies":[{"embeddable":true,"href":"https:\/\/fedai.az\/index.php?rest_route=%2Fwp%2Fv2%2Fcomments&post=66321"}],"version-history":[{"count":1,"href":"https:\/\/fedai.az\/index.php?rest_route=\/wp\/v2\/posts\/66321\/revisions"}],"predecessor-version":[{"id":66333,"href":"https:\/\/fedai.az\/index.php?rest_route=\/wp\/v2\/posts\/66321\/revisions\/66333"}],"wp:attachment":[{"href":"https:\/\/fedai.az\/index.php?rest_route=%2Fwp%2Fv2%2Fmedia&parent=66321"}],"wp:term":[{"taxonomy":"category","embeddable":true,"href":"https:\/\/fedai.az\/index.php?rest_route=%2Fwp%2Fv2%2Fcategories&post=66321"},{"taxonomy":"post_tag","embeddable":true,"href":"https:\/\/fedai.az\/index.php?rest_route=%2Fwp%2Fv2%2Ftags&post=66321"}],"curies":[{"name":"wp","href":"https:\/\/api.w.org\/{rel}","templated":true}]}}