{"id":66337,"date":"2022-04-01T01:54:52","date_gmt":"2022-03-31T21:54:52","guid":{"rendered":"https:\/\/fedai.az\/?p=66337"},"modified":"2022-04-01T01:54:58","modified_gmt":"2022-03-31T21:54:58","slug":"putin-ilham-%c9%99liyev-v%c9%99-nikol-pasinyanla-telefonla-danisib","status":"publish","type":"post","link":"https:\/\/fedai.az\/?p=66337","title":{"rendered":"Putin \u0130lham \u018fliyev v\u0259 Nikol Pa\u015finyanla telefonla dan\u0131\u015f\u0131b"},"content":{"rendered":"\n<p><strong>Az\u0259rbaycan Prezidenti \u0130lham \u018fliyev v\u0259 Rusiya Prezidenti Vladimir Putin aras\u0131nda telefon dan\u0131\u015f\u0131\u011f\u0131 olub.<\/strong><\/p>\n\n\n\n<p>Bu bar\u0259d\u0259\u00a0\u201cMargin.az\u201d\u00a0Kreml\u0259 istinad\u0259n x\u0259b\u0259r verir.<\/p>\n\n\n\n<p>Putin bu g\u00fcn eyni zamanda Erm\u0259nistan\u0131n Ba\u015f naziri Nikol Pa\u015finyanla da telefonla dan\u0131\u015f\u0131b.<\/p>\n\n\n\n<p>&#171;Vladimir Putin, \u0130lham \u018fliyev v\u0259 Nikol Pa\u015finyan Qaraba\u011f \u0259traf\u0131nda v\u0259ziyy\u0259tin inki\u015faf\u0131n\u0131 m\u00fczakir\u0259 ed\u0259r\u0259k regionda t\u0259hl\u00fck\u0259sizliyin v\u0259 sabitliyin t\u0259min edilm\u0259si \u00fc\u00e7\u00fcn praktiki probleml\u0259rin h\u0259llin\u0259 diqq\u0259t yetiribl\u0259r. T\u0259r\u0259fl\u0259r 10 noyabr 2020-ci il, 11 yanvar v\u0259 26 noyabr 2021-ci il tarixli \u00fc\u00e7t\u0259r\u0259fli b\u0259yanatlar\u0131n b\u00fct\u00fcn m\u00fcdd\u0259alar\u0131n\u0131n ard\u0131c\u0131l h\u0259yata ke\u00e7irilm\u0259sinin vacibliyi bir daha t\u0259sdiql\u0259yibl\u0259r&#187;, &#8212; Kremlin m\u0259lumat\u0131nda deyilir.<\/p>\n\n\n\n<p>T\u0259r\u0259fl\u0259r g\u0259l\u0259c\u0259k t\u0259maslar bar\u0259d\u0259 raz\u0131l\u0131\u011fa g\u0259libl\u0259r.<\/p>\n","protected":false},"excerpt":{"rendered":"<p>Az\u0259rbaycan Prezidenti \u0130lham \u018fliyev v\u0259 Rusiya Prezidenti Vladimir Putin aras\u0131nda telefon dan\u0131\u015f\u0131\u011f\u0131 olub. Bu bar\u0259d\u0259\u00a0\u201cMargin.az\u201d\u00a0Kreml\u0259 istinad\u0259n x\u0259b\u0259r verir. Putin bu g\u00fcn eyni zamanda Erm\u0259nistan\u0131n<\/p>\n","protected":false},"author":2,"featured_media":0,"comment_status":"closed","ping_status":"closed","sticky":false,"template":"","format":"standard","meta":{"footnotes":""},"categories":[3],"tags":[],"class_list":["post-66337","post","type-post","status-publish","format-standard","hentry","category-gundm"],"aioseo_notices":[],"_links":{"self":[{"href":"https:\/\/fedai.az\/index.php?rest_route=\/wp\/v2\/posts\/66337","targetHints":{"allow":["GET"]}}],"collection":[{"href":"https:\/\/fedai.az\/index.php?rest_route=\/wp\/v2\/posts"}],"about":[{"href":"https:\/\/fedai.az\/index.php?rest_route=\/wp\/v2\/types\/post"}],"author":[{"embeddable":true,"href":"https:\/\/fedai.az\/index.php?rest_route=\/wp\/v2\/users\/2"}],"replies":[{"embeddable":true,"href":"https:\/\/fedai.az\/index.php?rest_route=%2Fwp%2Fv2%2Fcomments&post=66337"}],"version-history":[{"count":1,"href":"https:\/\/fedai.az\/index.php?rest_route=\/wp\/v2\/posts\/66337\/revisions"}],"predecessor-version":[{"id":66339,"href":"https:\/\/fedai.az\/index.php?rest_route=\/wp\/v2\/posts\/66337\/revisions\/66339"}],"wp:attachment":[{"href":"https:\/\/fedai.az\/index.php?rest_route=%2Fwp%2Fv2%2Fmedia&parent=66337"}],"wp:term":[{"taxonomy":"category","embeddable":true,"href":"https:\/\/fedai.az\/index.php?rest_route=%2Fwp%2Fv2%2Fcategories&post=66337"},{"taxonomy":"post_tag","embeddable":true,"href":"https:\/\/fedai.az\/index.php?rest_route=%2Fwp%2Fv2%2Ftags&post=66337"}],"curies":[{"name":"wp","href":"https:\/\/api.w.org\/{rel}","templated":true}]}}