{"id":66340,"date":"2022-04-01T01:58:40","date_gmt":"2022-03-31T21:58:40","guid":{"rendered":"https:\/\/fedai.az\/?p=66340"},"modified":"2022-04-01T01:58:43","modified_gmt":"2022-03-31T21:58:43","slug":"%c9%99rdogan-erm%c9%99ni-silahli-unsurl%c9%99rinin-az%c9%99rbaycandan-cixarilmasi-t%c9%99min-edilm%c9%99lidir","status":"publish","type":"post","link":"https:\/\/fedai.az\/?p=66340","title":{"rendered":"\u018frdo\u011fan: \u201cErm\u0259ni silahl\u0131 \u00fcns\u00fcrl\u0259rinin Az\u0259rbaycandan \u00e7\u0131xar\u0131lmas\u0131 t\u0259min edilm\u0259lidir\u201d"},"content":{"rendered":"\n<p><strong>\u201cAz\u0259rbaycan \u00dc\u00e7t\u0259r\u0259fli B\u0259yanat\u0131n m\u00fcdd\u0259alar\u0131na tam \u0259m\u0259l edir\u201d.<\/strong><\/p>\n\n\n\n<p><strong> Bu s\u00f6zl\u0259ri T\u00fcrkiy\u0259 Prezidenti R\u0259c\u0259b Tayyib \u018frdo\u011fan Az\u0259rbaycanla Erm\u0259nistan aras\u0131nda Qaraba\u011fdak\u0131 qar\u015f\u0131durma, at\u0259\u015fk\u0259sin pozulmas\u0131 il\u0259 \u0259laq\u0259dar jurnalistl\u0259rin suallar\u0131n\u0131 cavabland\u0131rark\u0259n deyib.<\/strong><\/p>\n\n\n\n<p><strong>\u201cAz\u0259rbaycan t\u0259r\u0259find\u0259n he\u00e7 bir pozuntu yoxdur. Burada Az\u0259rbaycana h\u00fccum oldu\u011fu \u00fc\u00e7\u00fcn m\u00fcdafi\u0259 reaksiyas\u0131 da olub. \u018fsas odur ki, \u00dc\u00e7t\u0259r\u0259fli B\u0259yanat\u0131n m\u00fcdd\u0259alar\u0131na uy\u011fun olaraq, erm\u0259ni silahl\u0131 \u00fcns\u00fcrl\u0259rinin Az\u0259rbaycan\u0131n beyn\u0259lxalq s\u0259viyy\u0259d\u0259 tan\u0131nm\u0131\u015f \u0259razil\u0259rind\u0259n tamamil\u0259 \u00e7\u0131xar\u0131lmas\u0131 t\u0259min edilsin.\u00a0<\/strong><\/p>\n\n\n\n<p><strong>G\u00f6r\u00fcnd\u00fcy\u00fc kimi, 10 g\u00fcn i\u00e7ind\u0259 bu m\u00fcharib\u0259 bitm\u0259di. Bitm\u0259di, amma \u00e7oxlu can itkil\u0259ri oldu.\u00a0X\u00fcsusil\u0259 qad\u0131nlar v\u0259 u\u015faqlar m\u00f6vzusunda \u00e7ox ciddi itkil\u0259r oldu. \u0130ndi bunlar\u0131 g\u00f6rm\u0259zlikd\u0259n g\u0259lm\u0259k m\u00fcmk\u00fcn deyil. T\u0259bii, g\u00fccl\u00fc Rusiyan\u0131n bel\u0259 burada ciddi itkil\u0259rinin oldu\u011fu bir m\u0259nz\u0259r\u0259 var\u201d,\u00a0&#8212;\u00a0dey\u0259 o bildirib.<\/strong><\/p>\n\n\n\n<p><strong>Bundan ba\u015fqa, R\u0259c\u0259b Tayyib \u018frdo\u011fan\u00a0Rusiyan\u0131 t\u0259rk ed\u0259n b\u00f6y\u00fck \u015firk\u0259tl\u0259r\u0259 d\u0259 \u00e7a\u011f\u0131r\u0131\u015f edib:\u00a0\u201cR\u0259smi Ankara Rusiyadan \u00e7\u0131xan \u015firk\u0259tl\u0259ri q\u0259bul etm\u0259y\u0259 haz\u0131rd\u0131r.\u00a0Rusiyan\u0131 t\u0259kc\u0259 Amerika \u015firk\u0259tl\u0259ri deyil, bir \u00e7ox d\u00fcnya brendl\u0259ri d\u0259 t\u0259rk edir, t\u0259bii ki, \u00f6lk\u0259mizin qap\u0131lar\u0131 onlar\u0131n \u00fcz\u00fcn\u0259 a\u00e7\u0131qd\u0131r, g\u0259lsinl\u0259r. Bundan \u0259lav\u0259, \u00f6lk\u0259miz\u0259 g\u0259lib imkanlar\u0131n\u0131 bizd\u0259 yerl\u0259\u015fdirm\u0259k ist\u0259y\u0259n m\u00fc\u0259yy\u0259n kapital qruplar\u0131 var. Onlar\u0131n da \u00fcz\u00fcn\u0259 qap\u0131lar\u0131 ba\u011fl\u0131 saxlam\u0131r\u0131q\u201d.<\/strong><\/p>\n","protected":false},"excerpt":{"rendered":"<p>\u201cAz\u0259rbaycan \u00dc\u00e7t\u0259r\u0259fli B\u0259yanat\u0131n m\u00fcdd\u0259alar\u0131na tam \u0259m\u0259l edir\u201d. Bu s\u00f6zl\u0259ri T\u00fcrkiy\u0259 Prezidenti R\u0259c\u0259b Tayyib \u018frdo\u011fan Az\u0259rbaycanla Erm\u0259nistan aras\u0131nda Qaraba\u011fdak\u0131 qar\u015f\u0131durma, at\u0259\u015fk\u0259sin pozulmas\u0131 il\u0259 \u0259laq\u0259dar jurnalistl\u0259rin<\/p>\n","protected":false},"author":2,"featured_media":0,"comment_status":"closed","ping_status":"closed","sticky":false,"template":"","format":"standard","meta":{"footnotes":""},"categories":[4],"tags":[],"class_list":["post-66340","post","type-post","status-publish","format-standard","hentry","category-qarabag"],"aioseo_notices":[],"_links":{"self":[{"href":"https:\/\/fedai.az\/index.php?rest_route=\/wp\/v2\/posts\/66340","targetHints":{"allow":["GET"]}}],"collection":[{"href":"https:\/\/fedai.az\/index.php?rest_route=\/wp\/v2\/posts"}],"about":[{"href":"https:\/\/fedai.az\/index.php?rest_route=\/wp\/v2\/types\/post"}],"author":[{"embeddable":true,"href":"https:\/\/fedai.az\/index.php?rest_route=\/wp\/v2\/users\/2"}],"replies":[{"embeddable":true,"href":"https:\/\/fedai.az\/index.php?rest_route=%2Fwp%2Fv2%2Fcomments&post=66340"}],"version-history":[{"count":1,"href":"https:\/\/fedai.az\/index.php?rest_route=\/wp\/v2\/posts\/66340\/revisions"}],"predecessor-version":[{"id":66342,"href":"https:\/\/fedai.az\/index.php?rest_route=\/wp\/v2\/posts\/66340\/revisions\/66342"}],"wp:attachment":[{"href":"https:\/\/fedai.az\/index.php?rest_route=%2Fwp%2Fv2%2Fmedia&parent=66340"}],"wp:term":[{"taxonomy":"category","embeddable":true,"href":"https:\/\/fedai.az\/index.php?rest_route=%2Fwp%2Fv2%2Fcategories&post=66340"},{"taxonomy":"post_tag","embeddable":true,"href":"https:\/\/fedai.az\/index.php?rest_route=%2Fwp%2Fv2%2Ftags&post=66340"}],"curies":[{"name":"wp","href":"https:\/\/api.w.org\/{rel}","templated":true}]}}