{"id":66347,"date":"2022-04-01T02:06:01","date_gmt":"2022-03-31T22:06:01","guid":{"rendered":"https:\/\/fedai.az\/?p=66347"},"modified":"2022-04-01T02:06:04","modified_gmt":"2022-03-31T22:06:04","slug":"reznikov-%c9%99rdoganla-gorusund%c9%99n-yazdi","status":"publish","type":"post","link":"https:\/\/fedai.az\/?p=66347","title":{"rendered":"Reznikov \u018frdo\u011fanla g\u00f6r\u00fc\u015f\u00fcnd\u0259n yazd\u0131"},"content":{"rendered":"\n<p><strong>Ukraynan\u0131n m\u00fcdafi\u0259 naziri Aleksey Reznikov \u0130stanbulda T\u00fcrkiy\u0259 Prezidenti R\u0259c\u0259b Tayyib \u018frdo\u011fanla g\u00f6r\u00fc\u015f\u00fcb.<\/strong><\/p>\n\n\n\n<p>Bu bar\u0259d\u0259 nazir feysbuk hesab\u0131nda payla\u015f\u0131m edib.<\/p>\n\n\n\n<p>\u201cF\u00fcrs\u0259td\u0259n istifad\u0259 ed\u0259r\u0259k, Ukraynaya verdiyi d\u0259st\u0259y\u0259, o c\u00fcml\u0259d\u0259n, siyasi v\u0259 diplomatik d\u0259st\u0259y\u0259 g\u00f6r\u0259 T\u00fcrkiy\u0259y\u0259 t\u0259\u015f\u0259kk\u00fcr\u00fcm\u00fc bildirdim.<\/p>\n\n\n\n<p>Biz c\u0259bh\u0259 x\u0259ttind\u0259ki v\u0259ziyy\u0259ti m\u00fczakir\u0259 etdik. M\u0259n T\u00fcrkiy\u0259 d\u00f6vl\u0259tinin r\u0259hb\u0259rin\u0259 Rusiyan\u0131n Ukraynan\u0131n m\u00fclki \u0259halisin\u0259 qar\u015f\u0131 t\u00f6r\u0259tdiyi h\u0259rbi cinay\u0259tl\u0259r, infrastrukturun da\u011f\u0131d\u0131lmas\u0131 il\u0259 ba\u011fl\u0131 \u0259trafl\u0131 m\u0259lumat verdim.<\/p>\n\n\n\n<p>Humanitar yard\u0131m m\u0259s\u0259l\u0259l\u0259rin\u0259 v\u0259 Mariupoldan m\u00fclki \u0259halinin, ilk n\u00f6vb\u0259d\u0259 yaral\u0131lar\u0131n t\u0259xliy\u0259si imkanlar\u0131na x\u00fcsusi diqq\u0259t yetirdik.<\/p>\n\n\n\n<p>\u00d6lk\u0259miz\u0259 verdiyi d\u0259st\u0259y\u0259 v\u0259 Rusiyan\u0131n Ukraynaya qar\u015f\u0131 ba\u015flatd\u0131\u011f\u0131 m\u00fcharib\u0259 n\u0259tic\u0259sind\u0259 v\u0259t\u0259nini t\u0259rk ed\u0259r\u0259k T\u00fcrkiy\u0259y\u0259 qa\u00e7ma\u011fa m\u0259cbur olan b\u00fct\u00fcn Ukrayna v\u0259t\u0259nda\u015flar\u0131na g\u00f6st\u0259ril\u0259n k\u00f6m\u0259y\u0259 g\u00f6r\u0259 T\u00fcrkiy\u0259 Prezidentin\u0259 v\u0259 b\u00fct\u00fcn t\u00fcrk xalq\u0131na s\u0259mimi minn\u0259tdarl\u0131\u011f\u0131m\u0131 bildirir\u0259m\u201d, &#8212; Reznikov yaz\u0131b.<\/p>\n\n\n\n<p>M\u0259nb\u0259: \u201cQafqazinfo\u201d<\/p>\n","protected":false},"excerpt":{"rendered":"<p>Ukraynan\u0131n m\u00fcdafi\u0259 naziri Aleksey Reznikov \u0130stanbulda T\u00fcrkiy\u0259 Prezidenti R\u0259c\u0259b Tayyib \u018frdo\u011fanla g\u00f6r\u00fc\u015f\u00fcb. Bu bar\u0259d\u0259 nazir feysbuk hesab\u0131nda payla\u015f\u0131m edib. \u201cF\u00fcrs\u0259td\u0259n istifad\u0259 ed\u0259r\u0259k, Ukraynaya verdiyi<\/p>\n","protected":false},"author":2,"featured_media":0,"comment_status":"closed","ping_status":"closed","sticky":false,"template":"","format":"standard","meta":{"footnotes":""},"categories":[13],"tags":[],"class_list":["post-66347","post","type-post","status-publish","format-standard","hentry","category-xarici"],"aioseo_notices":[],"_links":{"self":[{"href":"https:\/\/fedai.az\/index.php?rest_route=\/wp\/v2\/posts\/66347","targetHints":{"allow":["GET"]}}],"collection":[{"href":"https:\/\/fedai.az\/index.php?rest_route=\/wp\/v2\/posts"}],"about":[{"href":"https:\/\/fedai.az\/index.php?rest_route=\/wp\/v2\/types\/post"}],"author":[{"embeddable":true,"href":"https:\/\/fedai.az\/index.php?rest_route=\/wp\/v2\/users\/2"}],"replies":[{"embeddable":true,"href":"https:\/\/fedai.az\/index.php?rest_route=%2Fwp%2Fv2%2Fcomments&post=66347"}],"version-history":[{"count":1,"href":"https:\/\/fedai.az\/index.php?rest_route=\/wp\/v2\/posts\/66347\/revisions"}],"predecessor-version":[{"id":66349,"href":"https:\/\/fedai.az\/index.php?rest_route=\/wp\/v2\/posts\/66347\/revisions\/66349"}],"wp:attachment":[{"href":"https:\/\/fedai.az\/index.php?rest_route=%2Fwp%2Fv2%2Fmedia&parent=66347"}],"wp:term":[{"taxonomy":"category","embeddable":true,"href":"https:\/\/fedai.az\/index.php?rest_route=%2Fwp%2Fv2%2Fcategories&post=66347"},{"taxonomy":"post_tag","embeddable":true,"href":"https:\/\/fedai.az\/index.php?rest_route=%2Fwp%2Fv2%2Ftags&post=66347"}],"curies":[{"name":"wp","href":"https:\/\/api.w.org\/{rel}","templated":true}]}}