{"id":66350,"date":"2022-04-01T02:22:19","date_gmt":"2022-03-31T22:22:19","guid":{"rendered":"https:\/\/fedai.az\/?p=66350"},"modified":"2022-04-01T02:22:23","modified_gmt":"2022-03-31T22:22:23","slug":"t%c9%99brik-m%c9%99mm%c9%99dov-faiq-mustafa-oglu-55","status":"publish","type":"post","link":"https:\/\/fedai.az\/?p=66350","title":{"rendered":"T\u018fBR\u0130K: M\u018fMM\u018fDOV FA\u0130Q  MUSTAFA O\u011eLU &#8212; 55"},"content":{"rendered":"\n<p><strong>\u00a0 <\/strong><span class=\"has-inline-color has-vivid-red-color\"><strong>\u0130nsan \u00fc\u00e7\u00fcn \u0259n yadda qalan g\u00fcnl\u0259rin bs\u015fl\u0131cas\u0131 onun h\u0259yata g\u0259ldiyi g\u00fcnd\u00fcr. \u00d6m\u00fcr\u0259 b\u0259z\u0259k olan ad g\u00fcn\u00fc h\u0259r il x\u00fcsusi il\u0259 qeyd olunur.<\/strong> <strong>Bu\u00a0 bahar t\u0259rav\u0259tli\u00a0 yaz g\u00fcn\u00fcnd\u0259\u00a0 Az\u0259rbaycan Respublikas\u0131 Daxili \u0130\u015fl\u0259r Nazirliyinin Daxili Qo\u015funlar\u0131n Ba\u015f \u0130dar\u0259sinin\u00a0 h\u0259rbi hiss\u0259l\u0259rind\u0259 s\u0259m\u0259r\u0259li f\u0259aliyy\u0259ti il\u0259 h\u0259mi\u015f\u0259 laz\u0131m\u0131nca qiym\u0259tl\u0259ndiril\u0259n\u00a0 Silahl\u0131 Q\u00fcvv\u0259l\u0259r v\u0259\u00a0 M\u00fcharib\u0259 Veteran\u0131, ehtiyatda olan mayor\u00a0 M\u0259mm\u0259dov Faiq Mustafa o\u011flunun\u00a0 aprel ay\u0131n\u0131n\u00a0 1 &#8212; d\u0259 d\u00fcnyaya g\u00f6z a\u00e7d\u0131\u011f\u0131 g\u00fcnd\u00fcr.<\/strong><\/span><\/p>\n\n\n\n<p><strong>\u00a0\u00a0\u00a0\u00a0 Daimi h\u0259yat\u0131n imtahanlar\u0131ndan aln\u0131a\u00e7\u0131q \u00fcz\u00fca\u011f a\u011f \u00e7\u0131xan ehtiyatda olan mayor M\u0259mm\u0259dov Faiq Mustafa o\u011flunu bel\u0259 bir \u0259lam\u0259tdar g\u00fcn m\u00fcnasib\u0259til\u0259 Az\u0259rbaycan V\u0259t\u0259n M\u00fcharib\u0259si Veteranlar\u0131 \u0130ctimai Birliyinin\u00a0 (AVMV\u0130B) r\u0259hb\u0259rliyi v\u0259 Az\u0259rbaycan V\u0259t\u0259n M\u00fcharib\u0259si Veteranlar\u0131 \u0130ctimai\u00a0 Birliyi (Avmvib) s\u0259drinin m\u00fcavini\u00a0 polkovnik Salman Musayev s\u0259mimi q\u0259lbd\u0259n t\u0259brik edir, s\u0259b\u0259bkara\u00a0 h\u0259yatda insan \u00fc\u00e7\u00fcn \u0259n \u015firin nem\u0259t olan m\u00f6hk\u0259m can sa\u011fl\u0131\u011f\u0131, ail\u0259 s\u0259ad\u0259ti,\u00a0 h\u0259yat yollar\u0131nda\u00a0 u\u011furlar arzu edir. Amin!<\/strong><\/p>\n\n\n\n<p>&nbsp;&nbsp;&nbsp;&nbsp; Silahl\u0131 Q\u00fcvv\u0259l\u0259r v\u0259 M\u00fcharib\u0259 Veteran\u0131, ehtiyatda olan mayor M\u0259mm\u0259dov Faiq Mustafa o\u011flu&nbsp; 1967 -ci ilin&nbsp; aprel ay\u0131n\u0131n 1- d\u0259&nbsp; Az\u0259rbaycan Respublikas\u0131n\u0131n&nbsp; Z\u0259ngilan rayonunun Qraq M\u00fc\u015flan k\u0259ndind\u0259 anadan olub.<\/p>\n\n\n\n<figure class=\"wp-block-gallery columns-2 is-cropped wp-block-gallery-1 is-layout-flex wp-block-gallery-is-layout-flex\"><ul class=\"blocks-gallery-grid\"><li class=\"blocks-gallery-item\"><figure><img decoding=\"async\" src=\"https:\/\/fedai.az\/wp-content\/uploads\/2022\/04\/IMG-20220330-WA0000-768x1024.jpg\" alt=\"\" data-id=\"66351\" data-link=\"https:\/\/fedai.az\/?attachment_id=66351\" class=\"wp-image-66351\"\/><\/figure><\/li><li class=\"blocks-gallery-item\"><figure><img decoding=\"async\" src=\"https:\/\/fedai.az\/wp-content\/uploads\/2022\/04\/IMG-20220330-WA0061.jpg\" alt=\"\" data-id=\"66352\" data-full-url=\"https:\/\/fedai.az\/wp-content\/uploads\/2022\/04\/IMG-20220330-WA0061.jpg\" data-link=\"https:\/\/fedai.az\/?attachment_id=66352\" class=\"wp-image-66352\"\/><\/figure><\/li><\/ul><\/figure>\n\n\n\n<p>&nbsp;&nbsp;&nbsp;&nbsp;&nbsp; 1982- ci ild\u0259 Z\u0259ngilan rayonunun Qraq M\u00fc\u015flan k\u0259nd&nbsp; 8 (s\u0259kkiz) illik m\u0259kt\u0259bi, 1986- c\u0131 ild\u0259 Bak\u0131 \u015f\u0259h\u0259rind\u0259 Bak\u0131 Baza Energetika Texnikomunu, 1986- c\u0131 ild\u0259 Sovet Ordusun Ukrayna Respublikas\u0131n\u0131n&nbsp;&nbsp; Borispol \u015f\u0259h\u0259rind\u0259 yerl\u0259\u015f\u0259n h\u0259rbi hiss\u0259d\u0259 rabit\u0259\u00e7i kursunu bitirib. O, Sovet Ordusunda, m\u00fcst\u0259qillik d\u00f6n\u0259mind\u0259 Ukrayna ordusunda v\u0259 Az\u0259rbaycan Respublikas\u0131 Daxili \u0130\u015fl\u0259r Nazirliyinin Daxili Qo\u015funlar\u0131nda xidm\u0259t etdiyi ill\u0259r \u0259rzind\u0259 m\u00fcvafiq kurslarda,&nbsp; bir \u00e7ox metodiki &#8212; t\u0259lim toplan\u0131\u015flarda , t\u0259liml\u0259rd\u0259,&nbsp; seminar v\u0259 konfranslarda f\u0259al i\u015ftirak edib.<\/p>\n\n\n\n<p>&nbsp;&nbsp;&nbsp;&nbsp;&nbsp;&nbsp; 1993- 2011-ci ill\u0259rd\u0259 Daxili \u0130\u015fl\u0259r Nazirliyinin Daxili Qo\u015funlar\u0131n Ba\u015f \u0130dar\u0259sinin&nbsp; Z\u0259ngilan,&nbsp; F\u00fczuli, Xa\u00e7maz (Yalama q\u0259s\u0259b\u0259sind\u0259) ,G\u0259nc\u0259, Zaqatala&nbsp; v\u0259 N\u0259rimanov rayonlar\u0131nda yerl\u0259\u015f\u0259n h\u0259rbi hiss\u0259l\u0259rd\u0259 v\u0259 h\u0259rbi hospitalda&nbsp; \u018frzaq v\u0259 \u018f\u015fya&nbsp; xidm\u0259t r\u0259isi v\u0259zif\u0259l\u0259rind\u0259 V\u0259t\u0259n\u0259 D\u00f6vl\u0259t\u0259 v\u0259 xalqa s\u0259daq\u0259tl\u0259 xidm\u0259t etmi\u015fdir.<\/p>\n\n\n\n<figure class=\"wp-block-image size-large\"><img decoding=\"async\" src=\"https:\/\/fedai.az\/wp-content\/uploads\/2022\/04\/IMG-20220330-WA0062.jpg\" alt=\"\" class=\"wp-image-66353\"\/><\/figure>\n\n\n\n<p>&nbsp;&nbsp;&nbsp;&nbsp;&nbsp; 1986 -1993 -c\u00fc ill\u0259rd\u0259 Sovet ordusunun&nbsp; Ukrayna respublikas\u0131n\u0131n Borispol&nbsp; v\u0259&nbsp; Ker\u00e7, Almaniya Demokratik Respublikas\u0131n\u0131n is\u0259 Merzeburq \u015f\u0259h\u0259rl\u0259rind\u0259 yerl\u0259\u015f\u0259n h\u0259rbi hiss\u0259l\u0259rind\u0259 \u0259rzaq&nbsp;&nbsp; v\u0259 birl\u0259\u015fdirilmi\u015f&nbsp;&nbsp; anbar r\u0259isi v\u0259zif\u0259l\u0259rind\u0259 olub.<\/p>\n\n\n\n<p>&nbsp;&nbsp;&nbsp;&nbsp;&nbsp;&nbsp;&nbsp; Mayor Faiq Mustafa o\u011flu M\u0259mm\u0259dov y\u00fcks\u0259k pe\u015f\u0259karl\u0131\u011f\u0131 v\u0259 humanistliyi, n\u0259z\u0259ri v\u0259 praktiki biliyi (t\u0259cr\u00fcb\u0259si) , i\u015fg\u00fczarl\u0131\u011f\u0131 v\u0259 m\u0259n\u0259vi keyfiyy\u0259ti, d\u0259qiqliyi v\u0259 t\u0259mkinliyi, sad\u0259liyi (ciddiyy\u0259ti) v\u0259 s\u0259mimiyy\u0259ti, t\u0259vaz\u00f6karl\u0131\u011f\u0131&nbsp; v\u0259 v\u0259t\u0259np\u0259rv\u0259rliyi&nbsp; il\u0259 se\u00e7il\u0259n, Allah\u0131n verdiyi \u015f\u0259r\u0259fli v\u0259 m\u0259nal\u0131&nbsp;&nbsp; \u00f6mr\u00fcn\u00fcn \u0259n m\u0259hsuldar d\u00f6vr\u00fcn\u00fcn&nbsp; 25 ild\u0259n \u00e7oxunu h\u0259rbi&nbsp; xidm\u0259td\u0259 ke\u00e7irib.<\/p>\n\n\n\n<p>&nbsp;&nbsp;&nbsp;&nbsp;&nbsp;&nbsp;&nbsp; O, Daxili Qo\u015funlarda xidm\u0259t etdiyi ill\u0259r \u0259rzind\u0259 \u00f6z\u00fcn\u00fc qorxmaz, s\u0259xav\u0259tli, insanp\u0259rv\u0259r, \u0259lia\u00e7\u0131q, z\u0259hm\u0259tke\u015f&nbsp; zabit kimi g\u00f6st\u0259rmi\u015fdir. O, ist\u0259r anadan oldu\u011fu v\u0259 ya\u015fad\u0131\u011f\u0131 \u0259razid\u0259, oxudu\u011fu orta v\u0259 ali t\u0259hsil m\u00fc\u0259ssis\u0259l\u0259rind\u0259, ist\u0259rs\u0259 d\u0259 xidm\u0259t etdiyi v\u0259 i\u015fl\u0259diyi kollektivl\u0259rd\u0259, dost -tan\u0131\u015f ,qohum-\u0259qr\u0259ba aras\u0131nda \u00f6z\u00fcn\u0259 layiqli h\u00f6rm\u0259t qazanm\u0131\u015fd\u0131r.<\/p>\n\n\n\n<p>&nbsp;&nbsp;&nbsp;&nbsp;&nbsp; M\u0259mm\u0259dov Faiq Mustafa o\u011flu Az\u0259rbaycan Respublikas\u0131n\u0131n \u0259razi b\u00fct\u00f6vl\u00fcy\u00fc u\u011frunda ( Z\u0259ngilan v\u0259 F\u00fczuli rayonlar\u0131&nbsp; istiqam\u0259tind\u0259)&nbsp; ged\u0259n d\u00f6y\u00fc\u015fl\u0259rd\u0259 ona v\u0259 xidm\u0259t etdiyi&nbsp; h\u0259rbi hiss\u0259y\u0259 h\u0259val\u0259 edilmi\u015f&nbsp;&nbsp; v\u0259zif\u0259 v\u0259 tap\u015f\u0131r\u0131qlar\u0131n \u00f6hd\u0259sind\u0259n layiqinc\u0259 g\u0259lmi\u015fdir. M\u00fcharib\u0259 Veteran\u0131d\u0131r.<\/p>\n\n\n\n<figure class=\"wp-block-image size-large\"><img decoding=\"async\" src=\"https:\/\/fedai.az\/wp-content\/uploads\/2022\/04\/IMG-20220330-WA0060.jpg\" alt=\"\" class=\"wp-image-66355\"\/><\/figure>\n\n\n\n<p>&nbsp;&nbsp;&nbsp;&nbsp;&nbsp;&nbsp;&nbsp;&nbsp; Az\u0259rbaycan Respublikas\u0131nda ictimai qaydan\u0131n v\u0259 ictimai t\u0259hl\u00fck\u0259sizliyin qorunmas\u0131nda, \u015f\u0259h\u0259rd\u0259 v\u0259 ya\u015fay\u0131\u015f m\u0259nt\u0259q\u0259l\u0259rind\u0259 ba\u015f vermi\u015f k\u00fctl\u0259vi ixti\u015fa\u015flar\u0131n qar\u015f\u0131s\u0131n\u0131n al\u0131nmas\u0131nda,&nbsp;&nbsp; m\u00fct\u0259\u015f\u0259kkil cinay\u0259tkarl\u0131\u011fa qar\u015f\u0131 m\u00fcbariz\u0259d\u0259, qanunsuz silahl\u0131&nbsp; d\u0259st\u0259l\u0259rin axtar\u0131\u015f\u0131nda v\u0259&nbsp; z\u0259r\u0259rsizl\u0259\u015fdirilm\u0259sind\u0259, f\u00f6vqal\u0259d\u0259 v\u0259ziy\u0259t zaman\u0131 h\u00fcquqi rejimin t\u0259min edilm\u0259sind\u0259,&nbsp; ba\u015f vermi\u015f t\u0259bii f\u0259lak\u0259tl\u0259rin n\u0259tic\u0259l\u0259rinin aradan qald\u0131r\u0131lmas\u0131nda, d\u00f6vl\u0259tin \u0259razi b\u00fct\u00f6vl\u00fcy\u00fcn\u00fcn t\u0259min edilm\u0259sind\u0259 \u00fcz\u0259rin\u0259 d\u00fc\u015f\u0259n v\u0259zif\u0259 v\u0259 tap\u015f\u0131r\u0131qlar\u0131 m\u0259suliyy\u0259t v\u0259 \u015f\u0259r\u0259f hissi il\u0259 yerin\u0259 yetirmi\u015fdir.<\/p>\n\n\n\n<p>&nbsp;&nbsp;&nbsp;&nbsp;&nbsp;&nbsp;&nbsp; M\u00fcst\u0259qil Az\u0259rbaycan\u0131n Daxili \u0130\u015fl\u0259r Nazirliyinin&nbsp; Daxili Qo\u015funlar\u0131nda xidm\u0259t etdiyi ill\u0259r \u0259rzind\u0259 Az\u0259rbaycan Respublikas\u0131n\u0131n Konstitusiyas\u0131na v\u0259 qanunlar\u0131na \u0259m\u0259l etm\u0259kd\u0259, h\u0259rbi and\u0131n,&nbsp; h\u0259rbi nizamnam\u0259l\u0259rin v\u0259 dig\u0259r h\u00fcquqi- normativ aktlar\u0131n&nbsp; t\u0259l\u0259bl\u0259rin\u0259, el\u0259c\u0259 d\u0259 v\u0259zif\u0259 borclar\u0131n\u0131n icras\u0131na m\u0259suliyy\u0259tl\u0259 yana\u015fm\u0131\u015f, qar\u015f\u0131ya qoyulmu\u015f&nbsp; xidm\u0259ti&nbsp; tap\u015f\u0131r\u0131qlar\u0131 m\u00fcv\u0259ff\u0259qiyy\u0259tl\u0259 yerin\u0259 yetirilm\u0259si \u00fc\u00e7\u00fcn \u00f6z \u0259m\u0259yini \u0259sirg\u0259m\u0259mi\u015f, \u015f\u0259xsi n\u00fcmun\u0259si il\u0259&nbsp; bir \u00e7ox&nbsp; h\u0259rbi qulluq\u00e7ular\u0131 f\u0259dakar h\u0259rbi xidm\u0259t\u0259 ruhland\u0131rm\u0131\u015fd\u0131r.<\/p>\n\n\n\n<figure class=\"wp-block-image size-large\"><img decoding=\"async\" src=\"https:\/\/fedai.az\/wp-content\/uploads\/2022\/04\/IMG-20220330-WA0097-1024x748.jpg\" alt=\"\" class=\"wp-image-66357\"\/><\/figure>\n\n\n\n<p>&nbsp;&nbsp;&nbsp;&nbsp;&nbsp;&nbsp; D\u00f6y\u00fc\u015f haz\u0131rl\u0131\u011f\u0131ndak\u0131 \u0259la g\u00f6st\u0259ricil\u0259r\u0259 g\u00f6r\u0259, t\u0259liml\u0259rd\u0259, x\u00fcsusi \u0259m\u0259liyyatlarda, d\u00f6y\u00fc\u015f n\u00f6vb\u0259sind\u0259, d\u00f6y\u00fc\u015f xidm\u0259tind\u0259, d\u00f6vl\u0259tin \u0259razi b\u00fct\u00f6vl\u00fcy\u00fcn\u00fcn t\u0259min edilm\u0259sind\u0259 f\u0259rql\u0259ndiyin\u0259, \u015f\u00fcca\u0259t v\u0259 f\u0259dakarl\u0131q&nbsp; g\u00f6st\u0259rdiyin\u0259 g\u00f6r\u0259&nbsp; &#187; Silahl\u0131 Q\u00fcvv\u0259l\u0259r Veteran\u0131&#187;, &#171;Q\u00fcsursuz Xidm\u0259tl\u0259r\u0259 G\u00f6r\u0259&#187;&nbsp; 1-ci, 2-ci v\u0259 3-c\u00fc d\u0259r\u0259c\u0259li, &#171;Silahl\u0131 Q\u00fcvv\u0259l\u0259rin&#187; yaranmas\u0131n\u0131n is\u0259&nbsp; 10 illiyi v\u0259 90 illiyi&nbsp; yubiley&nbsp; medallar\u0131 \u0131l\u0259 t\u0259ltif olunub.<\/p>\n\n\n\n<figure class=\"wp-block-image size-large\"><img decoding=\"async\" src=\"https:\/\/fedai.az\/wp-content\/uploads\/2022\/04\/IMG-20220330-WA0063.jpg\" alt=\"\" class=\"wp-image-66354\"\/><\/figure>\n\n\n\n<p>&nbsp;&nbsp;&nbsp;&nbsp; Faiq Mustafa o\u011flu M\u0259mm\u0259dov Daxili \u0130\u015fl\u0259r Nazirliyinin&nbsp;&nbsp; Daxili Qo\u015funlar\u0131nda xidm\u0259t etdiyi ill\u0259r \u0259rzind\u0259 y\u00fcng\u00fcl atletika \u00fczr\u0259&nbsp;&nbsp; Daxili \u0130\u015fl\u0259r Nazirliyi, Daxili Qo\u015funlar v\u0259 h\u0259rbi hiss\u0259 birinciliyi&nbsp; \u00fczr\u0259 ke\u00e7iril\u0259n birincilik \u00e7empionatlar\u0131n\u0131n d\u0259f\u0259l\u0259rl\u0259 qalibi v\u0259 m\u00fckafat\u00e7\u0131s\u0131 olub. O, Daxili \u0130\u015fl\u0259r Nazirliyinin v\u0259 Daxili Qo\u015funlar\u0131n Ba\u015f \u0130dar\u0259sinin&nbsp; y\u00fcng\u00fcl atletika&nbsp; (Marofon qa\u00e7\u0131\u015f\u0131) \u00fczr\u0259 y\u0131\u011fma&nbsp;&nbsp; komandas\u0131n\u0131n \u00fczv\u00fc oldu\u011fu m\u00fcdd\u0259td\u0259 bir ne\u00e7\u0259 d\u0259f\u0259 xarici \u00f6lk\u0259l\u0259rin&nbsp; Daxili i\u015fl\u0259r Orqanlar\u0131&nbsp; aras\u0131nda ke\u00e7iril\u0259n birinclik marofon qa\u00e7\u0131\u015f yar\u0131\u015flar\u0131nda&nbsp; Az\u0259rbaycan Respublikasn\u0131n&nbsp; Daxili \u0130\u015fl\u0259r Nazirliyini t\u0259msil edib.<\/p>\n\n\n\n<p>&nbsp;&nbsp;&nbsp;&nbsp;&nbsp; H\u0259rbi xidm\u0259ti v\u0259zif\u0259l\u0259rinin icras\u0131 zaman\u0131 y\u00fcks\u0259k m\u0259n\u0259vi d\u00f6y\u00fc\u015f keyfiyy\u0259tl\u0259ri g\u00f6st\u0259rdiyin\u0259 g\u00f6r\u0259 d\u00f6y\u00fc\u015f v\u0259 ictimai siyasi haz\u0131rl\u0131\u011f\u0131nda, h\u0259rbi intizam\u0131n m\u00f6hk\u0259ml\u0259ndirilm\u0259sind\u0259 y\u00fcks\u0259k g\u00f6st\u0259ricil\u0259r\u0259 nail oldu\u011funa v\u0259 n\u00fcmun\u0259vi&nbsp; xidm\u0259tin\u0259 g\u00f6r\u0259 Daxili \u0130\u015fl\u0259r Nazirinin, Daxili Qo\u015funlar Komandan\u0131n\u0131n v\u0259 onun m\u00fcavinl\u0259rinin, h\u0259rbi hiss\u0259 komandirinin m\u00fcvafiq \u0259mrl\u0259ri il\u0259 \u0259la xidm\u0259tl\u0259r\u0259 g\u00f6r\u0259 d\u00f6\u015f v\u0259 yubiley ni\u015fanlar\u0131 il\u0259, pul m\u00fckafatlar\u0131 il\u0259, f\u0259xri f\u0259rmanlarla v\u0259 qiym\u0259tli h\u0259diyy\u0259l\u0259rl\u0259 m\u00fckafatland\u0131r\u0131l\u0131b v\u0259 ona t\u0259\u015f\u0259kk\u00fcr elan edilib.<\/p>\n\n\n\n<figure class=\"wp-block-image size-large\"><img decoding=\"async\" src=\"https:\/\/fedai.az\/wp-content\/uploads\/2022\/04\/IMG-20220330-WA0096-1024x746.jpg\" alt=\"\" class=\"wp-image-66356\"\/><\/figure>\n\n\n\n<p>&nbsp; &nbsp;Faiq Mustafa o\u011flu&nbsp; hal &#8212;&nbsp; haz\u0131rda&nbsp; Az\u0259rbaycan Ordusunun&nbsp; T\u0259lim v\u0259 T\u0259dris m\u0259rk\u0259zind\u0259&nbsp; h\u0259rbil\u0259\u015fdirilmi\u015f&nbsp; m\u00fchafiz\u0259 b\u00f6lm\u0259s\u0131n\u0131n r\u0259isi v\u0259zif\u0259sind\u0259 i\u015fl\u0259yir.<\/p>\n\n\n\n<p><strong>DO\u011eUM G\u00dcN\u00dcN M\u00dcBAR\u018fK OLSUN, FA\u0130Q B\u018fY!<\/strong><\/p>\n\n\n\n<p><strong>ALLAH H\u018fR ZAMAN Q\u018fLB\u0130N\u0130 SIXINTIDAN, B\u018fDB\u0130NL\u0130KD\u018fN QORUSUN!<\/strong><\/p>\n\n\n\n<p><strong>H\u018fM\u0130\u015e\u018f \u00dcZ\u00dcN G\u00dcLS\u00dcN, \u00dcR\u018fY\u0130N SEV\u0130NS\u0130N!<\/strong><\/p>\n\n\n\n<p><strong>B\u00dcT\u00dcN ARZULARIN \u00c7\u0130N OLSUN!<\/strong><\/p>\n\n\n\n<p><strong>D\u0259rin h\u00f6rm\u0259tl\u0259, Az\u0259rbaycan V\u0259t\u0259n\u00a0 M\u00fcharib\u0259si Veteranlar\u0131 \u0130ctimai Birliyi s\u0259drinin m\u00fcavini polkovnik Salman Musayev<\/strong><\/p>\n\n\n\n<figure class=\"wp-block-gallery columns-2 is-cropped wp-block-gallery-2 is-layout-flex wp-block-gallery-is-layout-flex\"><ul class=\"blocks-gallery-grid\"><li class=\"blocks-gallery-item\"><figure><img decoding=\"async\" src=\"https:\/\/fedai.az\/wp-content\/uploads\/2022\/03\/8265a327389da9fe4fdc2714b309120e-6-1-2.jpg\" alt=\"\" data-id=\"65692\" data-full-url=\"https:\/\/fedai.az\/wp-content\/uploads\/2022\/03\/8265a327389da9fe4fdc2714b309120e-6-1-2.jpg\" data-link=\"https:\/\/fedai.az\/?attachment_id=65692\" class=\"wp-image-65692\"\/><\/figure><\/li><li class=\"blocks-gallery-item\"><figure><img decoding=\"async\" src=\"https:\/\/fedai.az\/wp-content\/uploads\/2022\/04\/KJHT5.jpg\" alt=\"\" data-id=\"66358\" data-full-url=\"https:\/\/fedai.az\/wp-content\/uploads\/2022\/04\/KJHT5.jpg\" data-link=\"https:\/\/fedai.az\/?attachment_id=66358\" class=\"wp-image-66358\"\/><\/figure><\/li><\/ul><\/figure>\n","protected":false},"excerpt":{"rendered":"<p>\u00a0 \u0130nsan \u00fc\u00e7\u00fcn \u0259n yadda qalan g\u00fcnl\u0259rin bs\u015fl\u0131cas\u0131 onun h\u0259yata g\u0259ldiyi g\u00fcnd\u00fcr. \u00d6m\u00fcr\u0259 b\u0259z\u0259k olan ad g\u00fcn\u00fc h\u0259r il x\u00fcsusi il\u0259 qeyd olunur. Bu\u00a0<\/p>\n","protected":false},"author":2,"featured_media":0,"comment_status":"closed","ping_status":"closed","sticky":false,"template":"","format":"standard","meta":{"footnotes":""},"categories":[5],"tags":[],"class_list":["post-66350","post","type-post","status-publish","format-standard","hentry","category-veteran"],"aioseo_notices":[],"_links":{"self":[{"href":"https:\/\/fedai.az\/index.php?rest_route=\/wp\/v2\/posts\/66350","targetHints":{"allow":["GET"]}}],"collection":[{"href":"https:\/\/fedai.az\/index.php?rest_route=\/wp\/v2\/posts"}],"about":[{"href":"https:\/\/fedai.az\/index.php?rest_route=\/wp\/v2\/types\/post"}],"author":[{"embeddable":true,"href":"https:\/\/fedai.az\/index.php?rest_route=\/wp\/v2\/users\/2"}],"replies":[{"embeddable":true,"href":"https:\/\/fedai.az\/index.php?rest_route=%2Fwp%2Fv2%2Fcomments&post=66350"}],"version-history":[{"count":1,"href":"https:\/\/fedai.az\/index.php?rest_route=\/wp\/v2\/posts\/66350\/revisions"}],"predecessor-version":[{"id":66360,"href":"https:\/\/fedai.az\/index.php?rest_route=\/wp\/v2\/posts\/66350\/revisions\/66360"}],"wp:attachment":[{"href":"https:\/\/fedai.az\/index.php?rest_route=%2Fwp%2Fv2%2Fmedia&parent=66350"}],"wp:term":[{"taxonomy":"category","embeddable":true,"href":"https:\/\/fedai.az\/index.php?rest_route=%2Fwp%2Fv2%2Fcategories&post=66350"},{"taxonomy":"post_tag","embeddable":true,"href":"https:\/\/fedai.az\/index.php?rest_route=%2Fwp%2Fv2%2Ftags&post=66350"}],"curies":[{"name":"wp","href":"https:\/\/api.w.org\/{rel}","templated":true}]}}