{"id":66364,"date":"2022-04-01T02:37:55","date_gmt":"2022-03-31T22:37:55","guid":{"rendered":"https:\/\/fedai.az\/?p=66364"},"modified":"2022-04-01T02:41:04","modified_gmt":"2022-03-31T22:41:04","slug":"t%c9%99brik-mirz%c9%99liyev-xaqani-mirz%c9%99li-oglu-59","status":"publish","type":"post","link":"https:\/\/fedai.az\/?p=66364","title":{"rendered":"T\u018fBR\u0130K: M\u0130RZ\u018fL\u0130YEV XaQAN\u0130  M\u0130RZ\u018fL\u0130  O\u011eLU &#8212; 59"},"content":{"rendered":"\n<p><strong>\u00a0\u00a0\u00a0\u00a0 <\/strong><span class=\"has-inline-color has-vivid-red-color\"><strong>\u0130nsan \u00fc\u00e7\u00fcn \u0259n yadda qalan g\u00fcnl\u0259rd\u0259n ba\u015fl\u0131cas\u0131 onun h\u0259yata g\u0259ldiyi g\u00fcnd\u00fcr. \u00d6m\u00fcr\u0259 b\u0259z\u0259k olan ad g\u00fcn\u00fc h\u0259r il x\u00fcsusi il\u0259 qeyd olunur.<\/strong> <strong>Bu\u00a0bahar t\u0259rav\u0259tli yaz g\u00fcn\u00fcnd\u0259 Az\u0259rbaycan Respublikas\u0131 Daxili \u0130\u015fl\u0259r Nazirliyinin Daxili Qo\u015funlar\u0131n Ba\u015f \u0130dar\u0259sinin\u00a0 H\u0259rbi Hospital\u0131nda\u00a0 s\u0259m\u0259r\u0259li f\u0259aliyy\u0259ti il\u0259\u00a0 h\u0259mi\u015f\u0259 laz\u0131m\u0131nca\u00a0 qiym\u0259tl\u0259ndirl\u0259n, daimi h\u0259yat\u0131n imtahanlar\u0131ndan aln\u0131a\u00e7\u0131q v\u0259 \u00fcz\u00fca\u011f \u00e7\u0131xan Silahl\u0131 Q\u00fcvv\u0259l\u0259r v\u0259 M\u00fcharib\u0259 Veteran\u0131 ehtiyatda olan tibb\u00a0 xidm\u0259ti\u00a0 polkovnik &#8212; leytenant\u0131 Mirz\u0259liyev Xaqani\u00a0 Mirz\u0259li o\u011flunun aprel ay\u0131n\u0131n1 -d\u0259 onun 59 ya\u015f\u0131 tamam olur.<\/strong><\/span><\/p>\n\n\n\n<p><strong>\u00a0\u00a0\u00a0\u00a0\u00a0 Az\u0259rbaycan V\u0259t\u0259n M\u00fcharib\u0259si Veteranlari \u0130ctimai Birliyinin (AVMV\u0130B) r\u0259hb\u0259rliyi v\u0259 Az\u0259rbaycan V\u0259t\u0259n M\u00fcharib\u0259si Veteranlar\u0131 \u0130ctimai\u00a0 Birliyi s\u0259drinin m\u00fcavini polkovnik Salman Musayev, Silahl\u0131 Q\u00fcvv\u0259l\u0259r v\u0259 M\u00fcharib\u0259 Veteran\u0131 ehtiyatda olan tibb xidm\u0259ti polkovnik &#8212; leytenant\u0131 Mirz\u0259liyev X\u0259qani Mirz\u0259li o\u011flunu do\u011fum g\u00fcn\u00fc m\u00fcnasib\u0259til\u0259 s\u0259mimi q\u0259lbd\u0259n t\u0259brik edir,h\u0259yatda insan \u00fc\u00e7\u00fcn \u0259n \u015firin nem\u0259t olan m\u00f6hk\u0259m can sa\u011fl\u0131\u011f\u0131, a\u0131l\u0259 s\u0259ad\u0259ti v\u0259 h\u0259yat yollar\u0131nda bitib &#8212; t\u00fck\u0259nm\u0259y\u0259n nailiyy\u0259tl\u0259r arzulay\u0131r.<\/strong><\/p>\n\n\n\n<p><strong>&nbsp;&nbsp;&nbsp;&nbsp;&nbsp; <\/strong><strong>Arzu edirik ki, X\u0259qani h\u0259kimin ya\u015f\u0131n\u0131n \u00fcst\u0259 g\u0259l\u0259n bu ya\u015f ona sevinc dolu g\u00fcnl\u0259r b\u0259x\u015f etsin v\u0259 h\u0259r yeni g\u00fcn\u00fc is\u0259 \u00f6t\u0259n g\u00fcnl\u0259rd\u0259n daha g\u00f6z\u0259l ist\u0259kl\u0259rin\u0259 uy\u011fun onu xo\u015fb\u0259xt ed\u0259c\u0259k \u015f\u0259kild\u0259 ke\u00e7sin. Amin!<\/strong><\/p>\n\n\n\n<p>\u00a0\u00a0\u00a0\u00a0\u00a0 Tibb Xidm\u0259ti polkovniki leytenant\u0131 Mirz\u0259liyev Xaqani Mirz\u0259li o\u011flu\u00a0 1963 -c\u00fc ilin aprel ay\u0131n\u0131n\u00a0 1- d\u0259 Az\u0259rbaycan Respublikas\u0131n\u0131n Sabirabad rayonunda d\u00fcnyaya g\u00f6z a\u00e7\u0131b.<\/p>\n\n\n\n<figure class=\"wp-block-gallery columns-2 is-cropped wp-block-gallery-1 is-layout-flex wp-block-gallery-is-layout-flex\"><ul class=\"blocks-gallery-grid\"><li class=\"blocks-gallery-item\"><figure><img decoding=\"async\" src=\"https:\/\/fedai.az\/wp-content\/uploads\/2022\/04\/20220331_210336.jpg\" alt=\"\" data-id=\"66365\" data-link=\"https:\/\/fedai.az\/?attachment_id=66365\" class=\"wp-image-66365\"\/><\/figure><\/li><li class=\"blocks-gallery-item\"><figure><img decoding=\"async\" src=\"https:\/\/fedai.az\/wp-content\/uploads\/2022\/04\/IMG-20220331-WA0008-1-768x1024.jpg\" alt=\"\" data-id=\"66368\" data-full-url=\"https:\/\/fedai.az\/wp-content\/uploads\/2022\/04\/IMG-20220331-WA0008-1.jpg\" data-link=\"https:\/\/fedai.az\/?attachment_id=66368\" class=\"wp-image-66368\"\/><\/figure><\/li><\/ul><\/figure>\n\n\n\n<p>&nbsp;&nbsp;&nbsp;&nbsp;&nbsp;&nbsp; 1980 -ci ild\u0259&nbsp; Sabirabad \u015f\u0259h\u0259r orta m\u0259kt\u0259bini, 1986- ci ild\u0259 N\u0259rimanov ad\u0131na D\u00f6vl\u0259t Tibb \u0130nstitutunun&nbsp; 1- ci m\u00fcalic\u0259 profilaktika fak\u00fclt\u0259sini bitirib. Daxili Qo\u015funlar\u0131n Bas \u0130dar\u0259sinin h\u0259rbi hospital\u0131nda xidm\u0259t etdiyi ill\u0259r \u0259rzind\u0259 h\u0259kiml\u0259rin t\u0259kmill\u0259\u015fm\u0259 \u0130nstitutunda m\u00fcvafiq ixtisas art\u0131rma&nbsp; kurslar\u0131nda, seminar v\u0259 konfranslarda&nbsp;&nbsp; olub.<\/p>\n\n\n\n<p>&nbsp;&nbsp;&nbsp;&nbsp;&nbsp; 1986 &#8212; 1989 -cu ill\u0259rd\u0259 Bak\u0131 \u015f\u0259h\u0259r T\u0259cili&nbsp; Yard\u0131m&nbsp; stansiyas\u0131nda h\u0259kim terapevt,&nbsp; h\u0259kim kardioloq i\u015fl\u0259yib.<\/p>\n\n\n\n<p>&nbsp;&nbsp;&nbsp;&nbsp;&nbsp; 1990- 1992-ci ill\u0259rd\u0259 SSR\u0130 M\u00fcdafi\u0259 Nazirliyinin Ba\u015f K\u0259\u015ffiyyat \u0130dar\u0259sinin x\u00fcsusi t\u0259yinatl\u0131 birqadas\u0131nda tibb xidm\u0259t r\u0259isinin m\u00fcavini v\u0259 xidm\u0259t r\u0259isi v\u0259zif\u0259l\u0259rind\u0259 olub.<\/p>\n\n\n\n<figure class=\"wp-block-image size-large\"><img decoding=\"async\" src=\"https:\/\/fedai.az\/wp-content\/uploads\/2022\/04\/20220331_210257-1-1-1024x965.jpg\" alt=\"\" class=\"wp-image-66369\"\/><\/figure>\n\n\n\n<p>&nbsp;&nbsp;&nbsp;&nbsp;&nbsp; 1993 -2015 -ci ill\u0259rd\u0259 Daxili \u0130\u015fl\u0259r Nazirliyinin Daxili Qo\u015funlar\u0131n Ba\u015f \u0130dar\u0259sinin&nbsp; Qarada\u011f&nbsp; v\u0259 N\u0259rimanov rayonlar\u0131nda yerl\u0259\u015f\u0259n h\u0259rbi hiss\u0259sind\u0259 ( h\u0259rbi&nbsp; hospital\u0131nda)&nbsp; 1- ci&nbsp; (birinci) terapiya \u015f\u00f6b\u0259sind\u0259 ordinator, funksional diaqnostika kabinetind\u0259 ulturas\u0259s m\u00fcayin\u0259si \u00fczr\u0259 h\u0259kim, funksional diaqnostika&nbsp; \u015f\u00f6b\u0259sinin r\u0259isi&nbsp; v\u0259zif\u0259l\u0259rind\u0259 V\u0259t\u0259n\u0259 D\u00f6vl\u0259t\u0259 v\u0259 xalqa s\u0259daq\u0259tl\u0259 xidm\u0259t etmi\u015fdir. Tibb Xidm\u0259ti polkovniki leytenant\u0131 Mirz\u0259liyev Xaqani Mirz\u0259li o\u011flu 2016 -ci ild\u0259n etibar\u0259n hal-&nbsp; haz\u0131rda Qarada\u011f rayonun Sahil q\u0259s\u0259b\u0259sind\u0259 yerl\u0259\u015f\u0259n S\u0259d\u0259f kilinkas\u0131nda ultras\u0259s m\u00fcayin\u0259si \u00fczr\u0259 h\u0259kim v\u0259zf\u0259sind\u0259 i\u015fl\u0259yir.&nbsp;&nbsp;<\/p>\n\n\n\n<p><strong>&nbsp;&nbsp;&nbsp;&nbsp; Y\u00fcks\u0259k pe\u015f\u0259karl\u0131\u011f\u0131 v\u0259 humanistliyi, n\u0259z\u0259ri v\u0259 praktiki biliyi, i\u015fg\u00fczarl\u0131\u011f\u0131 v\u0259 m\u0259n\u0259vi keyfiyy\u0259ti,d\u0259qiqliyi v\u0259 t\u0259mkinliyi, sad\u0259liyi v\u0259 s\u0259mimiyy\u0259ti, t\u0259v<\/strong><strong>\u0259<\/strong><strong>z<\/strong><strong>\u00f6<\/strong><strong>karl\u0131\u011f\u0131 v\u0259 v\u0259t\u0259np\u0259rv\u0259rliyi il\u0259 se<\/strong><strong>\u00e7<\/strong><strong>il\u0259n Allah\u0131n verdiyi \u015f\u0259r\u0259fli v\u0259 m\u0259nal\u0131&nbsp; \u00f6mr\u00fcn\u00fcn \u0259n m\u0259hsuldar d\u00f6vr\u00fcn\u00fcn&nbsp; 36 ild\u0259n cox xidm\u0259t yolunu&nbsp; h\u0259rbi xidm\u0259td\u0259 v\u0259 tibb xidm\u0259ti sah\u0259sind\u0259 ke\u00e7irir.<\/strong><\/p>\n\n\n\n<figure class=\"wp-block-image size-large\"><img decoding=\"async\" src=\"https:\/\/fedai.az\/wp-content\/uploads\/2022\/04\/20220331_210154-810x1024.jpg\" alt=\"\" class=\"wp-image-66371\"\/><\/figure>\n\n\n\n<p>\u00a0\u00a0\u00a0\u00a0\u00a0\u00a0 Pe\u015f\u0259kar h\u0259kim X\u0259qani Mirz\u0259liyev V\u0259t\u0259nin t\u0259\u0259ss\u00fcb\u00fcn\u00fc \u00e7\u0259k\u0259n bir insand\u0131r.O V\u0259t\u0259nin a\u011f\u0131r m\u0259qam\u0131nda onun taleyin\u0259 bigan\u0259 qalmam\u0131\u015f v\u0259 d\u00f6y\u00fc\u015f\u00e7\u00fcl\u0259rmizl\u0259 d\u00fc\u015fm\u0259n\u0259 qar\u015f\u0131 ( \u00c7ayk\u0259nd, Qazax, Tovuz, A\u011fdam v\u0259 F\u00fczuli rayonlar\u0131 istiqam\u0259tind\u0259 ged\u0259n d\u00f6y\u00fc\u015fl\u0259rd\u0259) \u00a0f\u0259dakarl\u0131qla d\u00f6y\u00fc\u015fm\u00fc\u015fd\u00fcr. D\u00f6y\u00fc\u015f\u00e7\u00fc olma\u011f\u0131 il\u0259 birg\u0259, h\u0259md\u0259 bir h\u0259rb\u0131 h\u0259kim kimi, gec\u0259li- g\u00fcnd\u00fczlu cal\u0131\u015faraq\u00a0 d\u00f6y\u00fc\u015f\u00e7\u00fcl\u0259rin , yerli sakinl\u0259rin, yaralar\u0131na m\u0259lh\u0259m qoyub, onlar\u0131 yenid\u0259n h\u0259yata qaytar\u0131lmas\u0131nda,\u00a0 onlara ilk tibbi yard\u0131m\u0131n g\u00f6st\u0259rilm\u0259sind\u0259 b\u00f6y\u00fck xidm\u0259tl\u0259ri olub. \u015e\u0259hid o\u011fullar\u0131n\u00a0 m\u0259scidd\u0259 yuyulub k\u0259f\u0259nl\u0259nm\u0259sind\u0259, c\u0259naz\u0259l\u0259rin \u00fcnvanlar\u0131na \u00e7atd\u0131r\u0131lmas\u0131nda x\u00fcsusi z\u0259hm\u0259ti olub.H\u0259tta, \u00fcnvan\u0131 bilinm\u0259y\u0259n \u015e\u0259hidl\u0259rin\u00a0 qada\u015fl\u0131q m\u0259zar\u0131stan\u0131nda d\u0259fin olnmas\u0131nda \u015f\u0259xs\u0259n i\u015ftirak edib.<\/p>\n\n\n\n<p>&nbsp;&nbsp;&nbsp;&nbsp; X\u0259qani h\u0259kim Az\u0259rbaycan\u0131n \u0259razi b\u00fct\u00f6vl\u00fcy\u00fc u\u011frunda ( F\u00fczuli rayonu istiqam\u0259tind\u0259 )ged\u0259n d\u00f6y\u00fc\u015fl\u0259rd\u0259 h\u0259rbi h\u0259kim kimi S\u0259hra lazaretind\u0259 xidm\u0259t g\u00f6st\u0259r\u0259rk\u0259n yaral\u0131 d\u00f6y\u00fc\u015f\u00e7\u00fcl\u0259rin, \u015f\u0259hidl\u0259rin d\u00f6y\u00fc\u015f silahlar\u0131n\u0131n ard\u0131c\u0131l olaraq siyah\u0131s\u0131n\u0131n t\u0259rtib edilm\u0259sind\u0259, itkisinin qar\u015f\u0131s\u0131n\u0131n al\u0131nmas\u0131nda \u00fcz\u0259rin\u0259 d\u00fc\u015f\u0259n v\u0259zif\u0259 v\u0259 tap\u015f\u0131r\u0131qlar\u0131n \u00f6hd\u0259sind\u0259n layiqinc\u0259 g\u0259lmi\u015fdir.<\/p>\n\n\n\n<p>&nbsp;&nbsp;&nbsp;&nbsp;&nbsp; <strong>O,Daxili Qo\u015funlarda xidm\u0259t etdiyi ill\u0259r \u0259rzind\u0259 \u00f6z\u00fcn\u00fc qorxmaz, s\u0259xav\u0259tli, insanp\u0259rv\u0259r, \u0259lia\u00e7\u0131q, z\u0259hm\u0259tke\u015f&nbsp; zabit kimi g\u00f6st\u0259rmi\u015fdir. O, ist\u0259r anadan oldu\u011fu v\u0259 ya\u015fad\u0131\u011f\u0131 \u0259razid\u0259, oxudu\u011fu orta v\u0259 ali t\u0259hsil m\u00fc\u0259ssis\u0259l\u0259rind\u0259, ist\u0259rs\u0259 d\u0259 xidm\u0259t etdiyi v\u0259 i\u015fl\u0259diyi kollektivl\u0259rd\u0259, dost -tan\u0131\u015f ,qohum-\u0259qr\u0259ba aras\u0131nda \u00f6z\u00fcn\u0259 layiq h\u00f6rm\u0259t qazanm\u0131\u015fd\u0131r.<\/strong><\/p>\n\n\n\n<p>&nbsp;&nbsp;&nbsp;&nbsp;&nbsp; Daxili Qo\u015funlar\u0131n Bas \u0130dar\u0259si t\u0259r\u0259find\u0259n&nbsp; h\u0259r t\u0259dris&nbsp; ili&nbsp;&nbsp; h\u0259rbi hiss\u0259l\u0259rd\u0259 v\u0259 h\u0259rbi hospitalda ke\u00e7iril\u0259n t\u0259fti\u015f, yekun, \u00fcmumi, q\u0259fl\u0259ti yoxlamalar\u0131n n\u0259tic\u0259l\u0259rin\u0259 g\u00f6r\u0259 Polkovnik leytenant X\u0259qani Mirz\u0259liyevin r\u0259hb\u0259rlik etdiyi \u015f\u00f6b\u0259 y\u00fcks\u0259k g\u00f6st\u0259ricil\u0259r g\u00f6st\u0259r\u0259r\u0259k, Daxili Qo\u015funlar\u0131n h\u0259rbi hospital\u0131n \u015f\u00f6b\u0259l\u0259ri aras\u0131nda h\u0259mi\u015f\u0259 qabaqc\u0131l v\u0259 m\u00fckafata layiq g\u00f6r\u00fclm\u00fc\u015f \u015f\u00f6b\u0259l\u0259rin s\u0131ras\u0131nda olmu\u015fdur.<\/p>\n\n\n\n<p>&nbsp;&nbsp;&nbsp;&nbsp;&nbsp; M\u00fcst\u0259qil Az\u0259rbaycan Respublikas\u0131 Daxili \u0130\u015fl\u0259r Nazirliyinin Daxili Qo\u015funlar\u0131n Ba\u015f idar\u0259sinin h\u0259rbi hospital\u0131nda xidm\u0259t etdiyi ill\u0259r \u0259rzind\u0259 Az\u0259rbaycan Respublikas\u0131n\u0131n Konstitusiyas\u0131na v\u0259 qanunlar\u0131na \u0259m\u0259l etm\u0259kd\u0259, h\u0259rbi and\u0131n v\u0259 h\u0259rbi nizamnam\u0259l\u0259rin, t\u0259limatlar\u0131n&nbsp; t\u0259l\u0259bl\u0259rinin yerin\u0259 yetirilm\u0259sind\u0259 \u00fcz\u0259rin\u0259 d\u00fc\u015f\u0259n&nbsp; v\u0259zif\u0259 v\u0259 tap\u015f\u0131r\u0131qlar\u0131n yerin\u0259 yetirilm\u0259sind\u0259 tabe\u00e7iliyind\u0259 olanlar \u00fc\u00e7\u00fcn n\u00fcmun\u0259 olmu\u015f, Hippokrat ad\u0131na is\u0259 h\u0259mi\u015f\u0259 sadiq qalm\u0131\u015fd\u0131r.<\/p>\n\n\n\n<p>&nbsp;&nbsp;&nbsp;&nbsp; H\u0259rbi xidm\u0259ti v\u0259zif\u0259l\u0259rinin icras\u0131 zaman\u0131 y\u00fcks\u0259k g\u00f6st\u0259ricil\u0259r\u0259 nail oldu\u011funa v\u0259 n\u00fcmun\u0259vi xidm\u0259tin\u0259 g\u00f6r\u0259 Daxili \u0130\u015fl\u0259r Nazirinin, Daxili Qo\u015funlar Komandan\u0131n v\u0259 onun m\u00fcavinl\u0259rinin, h\u0259rbi hospital r\u0259isinin m\u00fcvafiq \u0259mrl\u0259ri il\u0259 \u0259la xidm\u0259tl\u0259r\u0259 g\u00f6r\u0259 d\u00f6\u015f v\u0259 yubiley ni\u015fanlar\u0131 il\u0259, pul m\u00fckafatlar\u0131 il\u0259,&nbsp; f\u0259xri f\u0259rmanlarla, qiym\u0259tli h\u0259diyy\u0259l\u0259rl\u0259 t\u0259ltif edilib v\u0259 ona t\u0259\u015f\u0259kk\u00fcr elan olunub.<\/p>\n\n\n\n<figure class=\"wp-block-image size-large\"><img decoding=\"async\" src=\"https:\/\/fedai.az\/wp-content\/uploads\/2022\/04\/IMG-20220331-WA0014-768x1024.jpg\" alt=\"\" class=\"wp-image-66372\"\/><\/figure>\n\n\n\n<p>&nbsp;&nbsp;&nbsp;&nbsp; D\u00f6y\u00fc\u015f haz\u0131rl\u0131\u011f\u0131ndak\u0131 v\u0259 tibb xidm\u0259tind\u0259ki \u0259la g\u00f6st\u0259ricil\u0259r\u0259 g\u00f6r\u0259,&nbsp; t\u0259liml\u0259rd\u0259 , d\u00f6vl\u0259tin \u0259razi b\u00fct\u00f6vl\u00fcy\u00fcn\u00fcn t\u0259min edilm\u0259sind\u0259&nbsp; x\u00fcsusi f\u0259riql\u0259ndiyin\u0259&nbsp; g\u00f6r\u0259, \u015f\u00fcca\u0259t v\u0259 f\u0259dakarl\u0131q g\u00f6st\u0259rdiyin\u0259 g\u00f6r\u0259 Az\u0259rbaycan Respublikas\u0131n\u0131n Prezidenti ad\u0131ndan Daxili \u0130\u015fl\u0259r Nazirnin m\u00fcvafiq \u0259mrl\u0259ri Silahl\u0131 Q\u00fcvv\u0259l\u0259r Veteran\u0131,&nbsp; Q\u00fcsursuz Xidm\u0259tl\u0259r\u0259 g\u00f6r\u0259 1-ci, 2-ci v\u0259 3-c\u00fc d\u0259r\u0259c\u0259li, Silahl\u0131 Q\u00fcvv\u0259l\u0259rin yaranmas\u0131n\u0131n is\u0259&nbsp; 10 &#8212; illiyi&nbsp; v\u0259 90- iliyi medallar\u0131&nbsp; il\u0259 t\u0259ltif edilib.<\/p>\n\n\n\n<figure class=\"wp-block-image size-large\"><img decoding=\"async\" src=\"https:\/\/fedai.az\/wp-content\/uploads\/2022\/04\/IMG-20220331-WA0013-768x1024.jpg\" alt=\"\" class=\"wp-image-66374\"\/><\/figure>\n\n\n\n<p>&nbsp;&nbsp;&nbsp;&nbsp; X\u0259qan\u0131 Mirz\u0259liyevin b\u00fct\u00fcn Silahda\u015flarn n\u0259z\u0259rind\u0259 c\u0259sur d\u00f6y\u00fc\u015f\u00e7\u00fc, qay\u011f\u0131ke\u015f insan&nbsp; v\u0259 \u015f\u0259fal\u0131 \u0259ll\u0259ri olan h\u0259kim kimi qalibdir.<\/p>\n\n\n\n<p>&nbsp;&nbsp;&nbsp;&nbsp; Y\u00fcks\u0259k insani keyfiyy\u0259tl\u0259r\u0259 v\u0259 kamil h\u0259kimlik pe\u015f\u0259sin\u0259 qadir X\u0259qani h\u0259kim sa\u011flaml\u0131q b\u0259x\u015f etdiyi insanlar\u0131n \u00f6mrund\u0259 v\u0259 \u015f\u0259r\u0259fli h\u0259kim pe\u015f\u0259sinin tarixind\u0259 ya\u015fayacaq.<\/p>\n\n\n\n<p><strong>DO\u011eUM G\u00dcN\u00dcN M\u00dcBAR\u018fK OLSUN. XAQANI H\u018fK\u0130M!<\/strong><\/p>\n\n\n\n<p><strong>G\u00dcN\u018f\u015e Q\u018fD\u018fR \u0130ST\u0130&#8230; QAR D\u018fN\u018fS\u0130&nbsp; SAF V\u018f T\u018fM\u0130Z B\u0130R D\u0130L\u018fY\u0130L\u018f&#8230;AD G\u00dcN\u00dcN M\u00dcBAR\u018fK OLSUN.<\/strong><\/p>\n\n\n\n<p><strong>D\u0259rin h\u00f6rm\u0259tl\u0259, Az\u0259rbaycan V\u0259t\u0259n M\u00fcharib\u0259si Veteranlar\u0131 \u0130ctimai Birliyi s\u0259drinin m\u00fcavini polkovnik Salman Musayev<\/strong><\/p>\n\n\n\n<figure class=\"wp-block-gallery columns-2 is-cropped wp-block-gallery-2 is-layout-flex wp-block-gallery-is-layout-flex\"><ul class=\"blocks-gallery-grid\"><li class=\"blocks-gallery-item\"><figure><img decoding=\"async\" src=\"https:\/\/fedai.az\/wp-content\/uploads\/2022\/03\/8265a327389da9fe4fdc2714b309120e-6-1-2.jpg\" alt=\"\" data-id=\"65692\" data-full-url=\"https:\/\/fedai.az\/wp-content\/uploads\/2022\/03\/8265a327389da9fe4fdc2714b309120e-6-1-2.jpg\" data-link=\"https:\/\/fedai.az\/?attachment_id=65692\" class=\"wp-image-65692\"\/><\/figure><\/li><li class=\"blocks-gallery-item\"><figure><img decoding=\"async\" src=\"https:\/\/fedai.az\/wp-content\/uploads\/2022\/04\/20220331_212620.jpg\" alt=\"\" data-id=\"66375\" data-full-url=\"https:\/\/fedai.az\/wp-content\/uploads\/2022\/04\/20220331_212620.jpg\" data-link=\"https:\/\/fedai.az\/?attachment_id=66375\" class=\"wp-image-66375\"\/><\/figure><\/li><\/ul><\/figure>\n","protected":false},"excerpt":{"rendered":"<p>\u00a0\u00a0\u00a0\u00a0 \u0130nsan \u00fc\u00e7\u00fcn \u0259n yadda qalan g\u00fcnl\u0259rd\u0259n ba\u015fl\u0131cas\u0131 onun h\u0259yata g\u0259ldiyi g\u00fcnd\u00fcr. \u00d6m\u00fcr\u0259 b\u0259z\u0259k olan ad g\u00fcn\u00fc h\u0259r il x\u00fcsusi il\u0259 qeyd olunur. Bu\u00a0bahar<\/p>\n","protected":false},"author":2,"featured_media":0,"comment_status":"closed","ping_status":"closed","sticky":false,"template":"","format":"standard","meta":{"footnotes":""},"categories":[5],"tags":[],"class_list":["post-66364","post","type-post","status-publish","format-standard","hentry","category-veteran"],"aioseo_notices":[],"_links":{"self":[{"href":"https:\/\/fedai.az\/index.php?rest_route=\/wp\/v2\/posts\/66364","targetHints":{"allow":["GET"]}}],"collection":[{"href":"https:\/\/fedai.az\/index.php?rest_route=\/wp\/v2\/posts"}],"about":[{"href":"https:\/\/fedai.az\/index.php?rest_route=\/wp\/v2\/types\/post"}],"author":[{"embeddable":true,"href":"https:\/\/fedai.az\/index.php?rest_route=\/wp\/v2\/users\/2"}],"replies":[{"embeddable":true,"href":"https:\/\/fedai.az\/index.php?rest_route=%2Fwp%2Fv2%2Fcomments&post=66364"}],"version-history":[{"count":2,"href":"https:\/\/fedai.az\/index.php?rest_route=\/wp\/v2\/posts\/66364\/revisions"}],"predecessor-version":[{"id":66377,"href":"https:\/\/fedai.az\/index.php?rest_route=\/wp\/v2\/posts\/66364\/revisions\/66377"}],"wp:attachment":[{"href":"https:\/\/fedai.az\/index.php?rest_route=%2Fwp%2Fv2%2Fmedia&parent=66364"}],"wp:term":[{"taxonomy":"category","embeddable":true,"href":"https:\/\/fedai.az\/index.php?rest_route=%2Fwp%2Fv2%2Fcategories&post=66364"},{"taxonomy":"post_tag","embeddable":true,"href":"https:\/\/fedai.az\/index.php?rest_route=%2Fwp%2Fv2%2Ftags&post=66364"}],"curies":[{"name":"wp","href":"https:\/\/api.w.org\/{rel}","templated":true}]}}