{"id":66385,"date":"2022-04-01T03:10:50","date_gmt":"2022-03-31T23:10:50","guid":{"rendered":"https:\/\/fedai.az\/?p=66385"},"modified":"2022-04-01T03:10:52","modified_gmt":"2022-03-31T23:10:52","slug":"g%c9%99nc%c9%99-veteranlari-t%c9%99dbird%c9%99-istirak-edib","status":"publish","type":"post","link":"https:\/\/fedai.az\/?p=66385","title":{"rendered":"G\u0259nc\u0259 veteranlar\u0131 t\u0259dbird\u0259 i\u015ftirak edib"},"content":{"rendered":"\n<p><strong>G\u0259nc\u0259 \u015f\u0259h\u0259r idman t\u0259may\u00fcll\u00fc m\u0259kt\u0259bin yetirm\u0259si G\u00fclt\u0259kin \u018fsg\u0259rova qad\u0131nlar aras\u0131nda ke\u00e7iril\u0259n Avropa \u00e7empionat\u0131nda b\u00fcr\u00fcnc medal qazanaraq G\u0259nc\u0259y\u0259 qal\u0131b kimi d\u00f6nd\u00fc. Qalib idman\u00e7\u0131n\u0131 qar\u015f\u0131lama t\u0259dbiri ke\u00e7irildi.<\/strong><\/p>\n\n\n\n<p>T\u0259dbird\u0259 G\u0259nc\u0259 \u015f\u0259h\u0259r f\u0259allar\u0131.G\u00fcl\u0259\u015f ustalar\u0131, Yeni Az\u0259rbaycan partiyas\u0131n\u0131n yerli t\u0259\u015fkilat\u0131n\u0131n s\u0259dri Ramil Orucov v\u0259 Az\u0259rbaycan V\u0259t\u0259n M\u00fcharib\u0259si Veteranlar\u0131 \u0130ctimai Birliyinin (AVMV\u0130B) G\u0259nc\u0259 \u015f\u0259h\u0259r K\u0259p\u0259z \u015f\u00f6b\u0259sinin \u00fczvl\u0259ri i\u015ftirak edibl\u0259r.<\/p>\n\n\n\n<p>T\u0259dbiri Liseyin Direktoru Mehman Allahverdiyev a\u00e7\u0131q elan etdi.<\/p>\n\n\n\n<p>S\u00f6z Yeni Az\u0259rbaycan partiyas\u0131n\u0131n yerli t\u0259\u015fkilat\u0131n\u0131n s\u0259dri Ramil Orucova verildi. O, \u00f6z \u00fcr\u0259k s\u00f6zl\u0259rini v\u0259 G\u0259nc\u0259 \u015f\u0259h\u0259r g\u0259ncl\u0259rin\u0259 g\u0259nc idman\u00e7\u0131lara daha da f\u0259al olmaqlar\u0131n\u0131 arzulad\u0131.<\/p>\n\n\n\n<p>Az\u0259rbaycan V\u0259t\u0259n M\u00fcharib\u0259si Veteranlar\u0131 \u0130ctimai Birliyinin (AVMV\u0130B) G\u0259nc\u0259 \u015f\u0259h\u0259r K\u0259p\u0259z \u015f\u00f6b\u0259sinin s\u0259dri Arzu K\u0259rimova s\u00f6z verildi.<\/p>\n\n\n\n<figure class=\"wp-block-image size-large is-resized\"><img loading=\"lazy\" decoding=\"async\" src=\"https:\/\/fedai.az\/wp-content\/uploads\/2022\/04\/pilo9.jpg\" alt=\"\" class=\"wp-image-66387\" width=\"896\" height=\"1088\"\/><\/figure>\n\n\n\n<p>Arzu K\u0259rimov \u00f6z ad\u0131ndan, \u015f\u0259h\u0259r eteranlar\u0131 ad\u0131ndan t\u0259dbir i\u015ftirak\u00e7\u0131lar\u0131 salamlad\u0131 v\u0259 G\u00fclt\u0259kin \u018fsg\u0259rovan\u0131 t\u0259brik ed\u0259r\u0259k, g\u0259l\u0259c\u0259kd\u0259 daha yax\u015f\u0131 n\u0259tic\u0259 g\u00f6st\u0259rib q\u0131z\u0131l medal qazanmaqla Az\u0259rbaycan\u0131n bayra\u011f\u0131n\u0131 ucaltma\u011f\u0131 arzu etdi.<\/p>\n\n\n\n<p>T\u0259dbirin sonunda Xatir\u0259 \u015f\u0259kill\u0259ri \u00e7\u0259kdirildi.<\/p>\n","protected":false},"excerpt":{"rendered":"<p>G\u0259nc\u0259 \u015f\u0259h\u0259r idman t\u0259may\u00fcll\u00fc m\u0259kt\u0259bin yetirm\u0259si G\u00fclt\u0259kin \u018fsg\u0259rova qad\u0131nlar aras\u0131nda ke\u00e7iril\u0259n Avropa \u00e7empionat\u0131nda b\u00fcr\u00fcnc medal qazanaraq G\u0259nc\u0259y\u0259 qal\u0131b kimi d\u00f6nd\u00fc. Qalib idman\u00e7\u0131n\u0131 qar\u015f\u0131lama t\u0259dbiri<\/p>\n","protected":false},"author":2,"featured_media":0,"comment_status":"closed","ping_status":"closed","sticky":false,"template":"","format":"standard","meta":{"footnotes":""},"categories":[5],"tags":[],"class_list":["post-66385","post","type-post","status-publish","format-standard","hentry","category-veteran"],"aioseo_notices":[],"_links":{"self":[{"href":"https:\/\/fedai.az\/index.php?rest_route=\/wp\/v2\/posts\/66385","targetHints":{"allow":["GET"]}}],"collection":[{"href":"https:\/\/fedai.az\/index.php?rest_route=\/wp\/v2\/posts"}],"about":[{"href":"https:\/\/fedai.az\/index.php?rest_route=\/wp\/v2\/types\/post"}],"author":[{"embeddable":true,"href":"https:\/\/fedai.az\/index.php?rest_route=\/wp\/v2\/users\/2"}],"replies":[{"embeddable":true,"href":"https:\/\/fedai.az\/index.php?rest_route=%2Fwp%2Fv2%2Fcomments&post=66385"}],"version-history":[{"count":1,"href":"https:\/\/fedai.az\/index.php?rest_route=\/wp\/v2\/posts\/66385\/revisions"}],"predecessor-version":[{"id":66388,"href":"https:\/\/fedai.az\/index.php?rest_route=\/wp\/v2\/posts\/66385\/revisions\/66388"}],"wp:attachment":[{"href":"https:\/\/fedai.az\/index.php?rest_route=%2Fwp%2Fv2%2Fmedia&parent=66385"}],"wp:term":[{"taxonomy":"category","embeddable":true,"href":"https:\/\/fedai.az\/index.php?rest_route=%2Fwp%2Fv2%2Fcategories&post=66385"},{"taxonomy":"post_tag","embeddable":true,"href":"https:\/\/fedai.az\/index.php?rest_route=%2Fwp%2Fv2%2Ftags&post=66385"}],"curies":[{"name":"wp","href":"https:\/\/api.w.org\/{rel}","templated":true}]}}