{"id":66404,"date":"2022-04-01T03:37:08","date_gmt":"2022-03-31T23:37:08","guid":{"rendered":"https:\/\/fedai.az\/?p=66404"},"modified":"2022-04-01T03:37:11","modified_gmt":"2022-03-31T23:37:11","slug":"avmvib-ming%c9%99cevir-s%c9%99h%c9%99r-sob%c9%99si-d%c9%99-t%c9%99dbird%c9%99-istirak-edib","status":"publish","type":"post","link":"https:\/\/fedai.az\/?p=66404","title":{"rendered":"AVMV\u0130B Ming\u0259\u00e7evir \u015f\u0259h\u0259r \u015f\u00f6b\u0259si d\u0259 t\u0259dbird\u0259 i\u015ftirak edib"},"content":{"rendered":"\n<p><strong>Az\u0259rbaycan V\u0259t\u0259n M\u00fcharib\u0259si Veteranlar\u0131 \u0130ctimai Birliyi (AVMV\u0130B) rayon v\u0259 \u015f\u0259h\u0259r \u015f\u00f6b\u0259l\u0259rinin h\u0259r il oldu\u011fu kimi bu il d\u0259 31 Mart Az\u0259rbaycanl\u0131lar\u0131n Soyq\u0131r\u0131m\u0131 G\u00fcn\u00fc qeyd edil\u0259n t\u0259dbirl\u0259rd\u0259 i\u015ftirak etm\u0259l\u0259rini x\u0259b\u0259r vermi\u015fdik.\u00a0<\/strong><\/p>\n\n\n\n<p>Az\u0259rbaycan V\u0259t\u0259n M\u00fcharib\u0259si Veteranlar\u0131 \u0130ctimai Birliyi (AVMV\u0130B) Ming\u0259\u00e7evir \u015f\u0259h\u0259r \u015f\u00f6b\u0259sinin \u00fczvl\u0259ri d\u0259 31 Mart Az\u0259rbaycanl\u0131lar\u0131n Soyq\u0131r\u0131m\u0131 G\u00fcn\u00fc il\u0259 ba\u011fl\u0131 \u00fcmum\u015f\u0259h\u0259r t\u0259dbirind\u0259 i\u015ftirak etmi\u015fl\u0259r.<\/p>\n\n\n\n<figure class=\"wp-block-image size-large\"><img decoding=\"async\" src=\"https:\/\/fedai.az\/wp-content\/uploads\/2022\/04\/275948369_261988006034085_2342653236545641833_n-1024x473.jpg\" alt=\"\" class=\"wp-image-66405\"\/><\/figure>\n\n\n\n<p>Bu bar\u0259d\u0259 Az\u0259rbaycan V\u0259t\u0259n M\u00fcharib\u0259si Veteranlar\u0131 \u0130ctimai Birliyi (AVMV\u0130B) s\u0259drinin m\u00fcavini, Ming\u0259\u00e7evir \u015f\u0259h\u0259r \u015f\u00f6b\u0259sinin s\u0259dri Natiq H\u0259s\u0259nov m\u0259lumat verib.<\/p>\n\n\n\n<p>\u015e\u0259hidl\u0259r abid\u0259si ziyar\u0259t edil\u0259r\u0259k g\u00fcl qoyulub.<\/p>\n\n\n\n<figure class=\"wp-block-image size-large\"><img decoding=\"async\" src=\"https:\/\/fedai.az\/wp-content\/uploads\/2022\/04\/277187683_489418492665278_4683818112979005626_n-1024x473.jpg\" alt=\"\" class=\"wp-image-66406\"\/><\/figure>\n","protected":false},"excerpt":{"rendered":"<p>Az\u0259rbaycan V\u0259t\u0259n M\u00fcharib\u0259si Veteranlar\u0131 \u0130ctimai Birliyi (AVMV\u0130B) rayon v\u0259 \u015f\u0259h\u0259r \u015f\u00f6b\u0259l\u0259rinin h\u0259r il oldu\u011fu kimi bu il d\u0259 31 Mart Az\u0259rbaycanl\u0131lar\u0131n Soyq\u0131r\u0131m\u0131 G\u00fcn\u00fc qeyd<\/p>\n","protected":false},"author":2,"featured_media":66408,"comment_status":"closed","ping_status":"closed","sticky":false,"template":"","format":"standard","meta":{"footnotes":""},"categories":[5],"tags":[],"class_list":["post-66404","post","type-post","status-publish","format-standard","has-post-thumbnail","hentry","category-veteran"],"aioseo_notices":[],"_links":{"self":[{"href":"https:\/\/fedai.az\/index.php?rest_route=\/wp\/v2\/posts\/66404","targetHints":{"allow":["GET"]}}],"collection":[{"href":"https:\/\/fedai.az\/index.php?rest_route=\/wp\/v2\/posts"}],"about":[{"href":"https:\/\/fedai.az\/index.php?rest_route=\/wp\/v2\/types\/post"}],"author":[{"embeddable":true,"href":"https:\/\/fedai.az\/index.php?rest_route=\/wp\/v2\/users\/2"}],"replies":[{"embeddable":true,"href":"https:\/\/fedai.az\/index.php?rest_route=%2Fwp%2Fv2%2Fcomments&post=66404"}],"version-history":[{"count":1,"href":"https:\/\/fedai.az\/index.php?rest_route=\/wp\/v2\/posts\/66404\/revisions"}],"predecessor-version":[{"id":66409,"href":"https:\/\/fedai.az\/index.php?rest_route=\/wp\/v2\/posts\/66404\/revisions\/66409"}],"wp:featuredmedia":[{"embeddable":true,"href":"https:\/\/fedai.az\/index.php?rest_route=\/wp\/v2\/media\/66408"}],"wp:attachment":[{"href":"https:\/\/fedai.az\/index.php?rest_route=%2Fwp%2Fv2%2Fmedia&parent=66404"}],"wp:term":[{"taxonomy":"category","embeddable":true,"href":"https:\/\/fedai.az\/index.php?rest_route=%2Fwp%2Fv2%2Fcategories&post=66404"},{"taxonomy":"post_tag","embeddable":true,"href":"https:\/\/fedai.az\/index.php?rest_route=%2Fwp%2Fv2%2Ftags&post=66404"}],"curies":[{"name":"wp","href":"https:\/\/api.w.org\/{rel}","templated":true}]}}