{"id":66410,"date":"2022-04-01T10:24:27","date_gmt":"2022-04-01T06:24:27","guid":{"rendered":"https:\/\/fedai.az\/?p=66410"},"modified":"2022-04-01T10:24:31","modified_gmt":"2022-04-01T06:24:31","slug":"zelenski-iki-generali-rutb%c9%99sind%c9%99n-m%c9%99hrum-etdi","status":"publish","type":"post","link":"https:\/\/fedai.az\/?p=66410","title":{"rendered":"Zelenski iki general\u0131 r\u00fctb\u0259sind\u0259n m\u0259hrum etdi"},"content":{"rendered":"\n<p><strong>Ukrayna T\u0259hl\u00fck\u0259sizlik Xidm\u0259tinin Daxili T\u0259hl\u00fck\u0259sizlik Ba\u015f \u0130dar\u0259sinin ke\u00e7mi\u015f r\u0259hb\u0259ri Andrey Naumov v\u0259 Ukrayna T\u0259hl\u00fck\u0259sizlik Xidm\u0259tinin Xerson vilay\u0259ti \u00fczr\u0259 \u0130dar\u0259sinin ke\u00e7mi\u015f r\u0259hb\u0259ri Serqey Krivoru\u00e7konun general r\u00fctb\u0259sind\u0259n m\u0259hrum edilib. <\/strong><\/p>\n\n\n\n<p>Bunu Ukrayna Prezidenti Volodimir Zelenski b\u0259yan edib. Onun s\u00f6zl\u0259rin\u0259 g\u00f6r\u0259, v\u0259t\u0259ninin harada oldu\u011funu m\u00fc\u0259yy\u0259n etm\u0259y\u0259 n\u0259 is\u0259 mane olan, d\u00f6vl\u0259ti, onun azadl\u0131\u011f\u0131n\u0131 v\u0259 m\u00fcst\u0259qilliyini qorumaq \u00fc\u00e7\u00fcn Ukrayna xalq\u0131na s\u0259daq\u0259tl\u0259 ba\u011fl\u0131 verdiyi h\u0259rbi and\u0131 pozan \u0259n y\u00fcks\u0259k r\u00fctb\u0259li zabitl\u0259r, \u015f\u00fcbh\u0259siz ki, Ukrayna Silahl\u0131 Q\u00fcvv\u0259l\u0259rinin \u0130ntizam Nizamnam\u0259sinin 48-ci madd\u0259sin\u0259 uy\u011fun olaraq h\u0259rbi r\u00fctb\u0259l\u0259rind\u0259n m\u0259hrum edil\u0259c\u0259kl\u0259r.<\/p>\n","protected":false},"excerpt":{"rendered":"<p>Ukrayna T\u0259hl\u00fck\u0259sizlik Xidm\u0259tinin Daxili T\u0259hl\u00fck\u0259sizlik Ba\u015f \u0130dar\u0259sinin ke\u00e7mi\u015f r\u0259hb\u0259ri Andrey Naumov v\u0259 Ukrayna T\u0259hl\u00fck\u0259sizlik Xidm\u0259tinin Xerson vilay\u0259ti \u00fczr\u0259 \u0130dar\u0259sinin ke\u00e7mi\u015f r\u0259hb\u0259ri Serqey Krivoru\u00e7konun general<\/p>\n","protected":false},"author":2,"featured_media":66411,"comment_status":"closed","ping_status":"closed","sticky":false,"template":"","format":"standard","meta":{"footnotes":""},"categories":[13],"tags":[],"class_list":["post-66410","post","type-post","status-publish","format-standard","has-post-thumbnail","hentry","category-xarici"],"aioseo_notices":[],"_links":{"self":[{"href":"https:\/\/fedai.az\/index.php?rest_route=\/wp\/v2\/posts\/66410","targetHints":{"allow":["GET"]}}],"collection":[{"href":"https:\/\/fedai.az\/index.php?rest_route=\/wp\/v2\/posts"}],"about":[{"href":"https:\/\/fedai.az\/index.php?rest_route=\/wp\/v2\/types\/post"}],"author":[{"embeddable":true,"href":"https:\/\/fedai.az\/index.php?rest_route=\/wp\/v2\/users\/2"}],"replies":[{"embeddable":true,"href":"https:\/\/fedai.az\/index.php?rest_route=%2Fwp%2Fv2%2Fcomments&post=66410"}],"version-history":[{"count":1,"href":"https:\/\/fedai.az\/index.php?rest_route=\/wp\/v2\/posts\/66410\/revisions"}],"predecessor-version":[{"id":66412,"href":"https:\/\/fedai.az\/index.php?rest_route=\/wp\/v2\/posts\/66410\/revisions\/66412"}],"wp:featuredmedia":[{"embeddable":true,"href":"https:\/\/fedai.az\/index.php?rest_route=\/wp\/v2\/media\/66411"}],"wp:attachment":[{"href":"https:\/\/fedai.az\/index.php?rest_route=%2Fwp%2Fv2%2Fmedia&parent=66410"}],"wp:term":[{"taxonomy":"category","embeddable":true,"href":"https:\/\/fedai.az\/index.php?rest_route=%2Fwp%2Fv2%2Fcategories&post=66410"},{"taxonomy":"post_tag","embeddable":true,"href":"https:\/\/fedai.az\/index.php?rest_route=%2Fwp%2Fv2%2Ftags&post=66410"}],"curies":[{"name":"wp","href":"https:\/\/api.w.org\/{rel}","templated":true}]}}