{"id":66413,"date":"2022-04-01T11:46:56","date_gmt":"2022-04-01T07:46:56","guid":{"rendered":"https:\/\/fedai.az\/?p=66413"},"modified":"2022-04-01T11:46:58","modified_gmt":"2022-04-01T07:46:58","slug":"jirikin-rldp-gey-zakon-ayamali-deputati-serin-d%c9%99-az%c9%99rbaycani-h%c9%99d%c9%99l%c9%99di","status":"publish","type":"post","link":"https:\/\/fedai.az\/?p=66413","title":{"rendered":"Jirikin (RLDP) &#171;gey &#8212; zakon&#187; ayamal\u0131 deputat\u0131 \u015eerin d\u0259 Az\u0259rbaycan\u0131 h\u0259d\u0259l\u0259di"},"content":{"rendered":"\n<p><strong>Rusiya D\u00f6vl\u0259t Dumas\u0131n\u0131n M\u00fcdafi\u0259 Komit\u0259si s\u0259drinin m\u00fcavini Aleksandr \u015eerin Az\u0259rbaycan\u0131 v\u0259&nbsp;Yaponiyan\u0131 h\u0259d\u0259l\u0259yib.<\/strong><\/p>\n\n\n\n<p>Veril\u0259n m\u0259lumata g\u00f6r\u0259, \u201cRealist\u201d informasiya agentliyin\u0259 m\u00fcsahib\u0259sind\u0259 rusiyal\u0131 deputat h\u0259r iki \u00f6lk\u0259 haqq\u0131nda t\u0259hdid xarakterli fikirl\u0259r s\u0259sl\u0259ndirib:<\/p>\n\n\n\n<p>\u201cKims\u0259 Rusiyan\u0131n g\u00fccl\u00fc v\u0259 z\u0259if t\u0259r\u0259fl\u0259rini hiss etm\u0259y\u0259 \u00e7al\u0131\u015f\u0131rsa, o zaman yax\u015f\u0131 i\u015fl\u0259y\u0259n \u201cKalibre\u201d v\u0259 \u201c\u0130sg\u0259nd\u0259r\u201dl\u0259r&nbsp;hiss ed\u0259c\u0259kl\u0259r. Haz\u0131rki prosesd\u0259 f\u00fcrs\u0259td\u0259n istifad\u0259 ed\u0259n b\u0259zi d\u00f6vl\u0259tl\u0259r hiyl\u0259g\u0259rc\u0259sin\u0259 Rusiya il\u0259 m\u00fcnasib\u0259tl\u0259ri g\u0259rginl\u0259\u015fdirm\u0259y\u0259 \u00e7al\u0131\u015f\u0131r, b\u0259zi h\u0259ll olunmam\u0131\u015f \u0259razi m\u0259s\u0259l\u0259l\u0259ri il\u0259 bizi \u015fantaj edirl\u0259r. Bununla ba\u011fl\u0131 h\u0259m Yaponiyadan, h\u0259m d\u0259 Az\u0259rbaycan\u0131n nazirlik v\u0259 idar\u0259l\u0259rind\u0259n m\u00fcvafiq b\u0259yanatlar verilir. M\u0259n Tokio v\u0259 Bak\u0131ya x\u0259b\u0259rdarl\u0131q edir\u0259m. Rusiyan\u0131n m\u00fcxt\u0259lif istiqam\u0259tl\u0259rd\u0259 v\u0259 d\u00f6vl\u0259tinin s\u0259rh\u0259dl\u0259rind\u0259 \u00f6z \u00f6lk\u0259sinin tam t\u0259hl\u00fck\u0259sizliyini t\u0259min etm\u0259k \u00fc\u00e7\u00fcn b\u00fct\u00fcn q\u00fcvv\u0259 v\u0259 vasit\u0259l\u0259ri var. \u018fg\u0259r kims\u0259 bizim d\u00f6y\u00fc\u015f effektivliyimiz v\u0259 d\u00f6vl\u0259timizin Ukrayna istiqam\u0259tind\u0259 q\u00fcdr\u0259ti bar\u0259d\u0259 n\u0259tic\u0259 \u00e7\u0131xarma\u011fa \u00e7al\u0131\u015f\u0131rsa, dem\u0259k ist\u0259yir\u0259m ki, ehtiyatlar h\u0259tta c\u0259lb olunmay\u0131b, \u0259n g\u00fccl\u00fc silah n\u00f6vl\u0259ri is\u0259 h\u0259l\u0259 istifad\u0259 olunmay\u0131b\u201d.<\/p>\n\n\n\n<p>Xat\u0131rladaq ki, bundan bir ne\u00e7\u0259 g\u00fcn \u00f6nc\u0259\u00a0Rusiya Federasiyas\u0131 D\u00f6vl\u0259t Dumas\u0131n\u0131n deputat\u0131, Duman\u0131n \u0130qtisadi siyas\u0259t \u00fczr\u0259 komit\u0259sinin s\u0259dr m\u00fcavini Delyagin Mixay\u0131l Qennadyevi\u00e7in Az\u0259rbaycan\u0131 n\u00fcv\u0259 silah\u0131 il\u0259 h\u0259d\u0259l\u0259mi\u015fdi.<\/p>\n\n\n\n<p>Rusiya D\u00f6vl\u0259t Dumas\u0131n\u0131n M\u00fcdafi\u0259 Komit\u0259si s\u0259drinin m\u00fcavini Aleksandr \u015eerin \u00f6t\u0259n 2021-ci ilin yay\u0131nda Ukraynaya qar\u015f\u0131 m\u00fcharib\u0259y\u0259 \u00e7a\u011f\u0131rm\u0131\u015fd\u0131. <\/p>\n\n\n\n<p>D\u00f6vl\u0259t Dumas\u0131n\u0131n Liberal Demokrat Partiyas\u0131ndan olan deputat\u0131 Aleksandr \u015eerin Rusiya prezidenti Vladimir Putinin b\u0259yanatlar\u0131na istinad ed\u0259r\u0259k, Ukrayna il\u0259 m\u00fcharib\u0259y\u0259 \u00e7a\u011f\u0131rm\u0131\u015fd\u0131.<\/p>\n\n\n\n<p>Bu bar\u0259d\u0259 x\u0259b\u0259ri Ura.ru OSN telekanal\u0131 yay\u0131mlam\u0131\u015fd\u0131.<\/p>\n\n\n\n<p>\u201cVladimir Vladimirovi\u00e7 Putin, m\u0259nim \u00f6lk\u0259min ali ba\u015f komandan\u0131 dedi ki, d\u00f6y\u00fc\u015f qa\u00e7\u0131lmazd\u0131rsa, \u00f6nc\u0259 z\u0259rb\u0259 endirm\u0259lis\u0259n&#187;.<\/p>\n\n\n\n<p>Parlamentin \u00fczv\u00fc hesab edirdi ki, Moskva yax\u0131nl\u0131\u011f\u0131nda d\u00fc\u015fm\u0259ni g\u00f6zl\u0259m\u0259kd\u0259ns\u0259, xarici \u0259razil\u0259r\u0259 qabaqlay\u0131c\u0131 z\u0259rb\u0259l\u0259r endirm\u0259k daha yax\u015f\u0131d\u0131r.<\/p>\n\n\n\n<p>Lakin bu \u00fczd\u0259niraq t\u0259pki g\u00f6r\u0259nd\u0259n sonra 27 iyul 2021-ci ild\u0259 bir \u00e7ox Rusiya K\u0130V-l\u0259rin\u0259 m\u00fcsahib\u0259 ver\u0259r\u0259k \u00f6z\u00fcn\u00fc t\u0259kzib ed\u0259n a\u00e7\u0131qlamalar ver\u0259r\u0259k demi\u015fdi: &#171;B\u0259zi m\u00fczakir\u0259l\u0259r gedir, m\u00fcbahis\u0259l\u0259r olur. M\u0259n yaln\u0131z prezidentin s\u00f6zl\u0259rind\u0259n sitat g\u0259tirdim\u201d, &#8212; dey\u0259 \u015eerin bildirmi\u015fdi.<\/p>\n\n\n\n<p>O, se\u00e7ki kampaniyas\u0131 il\u0259 ba\u011fl\u0131 m\u00fcvafiq x\u0259b\u0259rl\u0259rin ortaya \u00e7\u0131xmas\u0131n\u0131 t\u0259klif edib. \u201cM\u00fcharib\u0259y\u0259 \u00e7a\u011f\u0131r\u0131\u015f ed\u0259n siyas\u0259t\u00e7il\u0259r \u00e7ox vaxt se\u00e7icil\u0259r t\u0259r\u0259find\u0259n m\u0259nfi qar\u015f\u0131lan\u0131r. Hesab edir\u0259m ki, bu, se\u00e7ki kampaniyas\u0131 \u0259r\u0259f\u0259sind\u0259 mediada ba\u015f ver\u0259n sad\u0259 t\u0259xribatd\u0131r\u201d, &#8212; dey\u0259 deputat bildirmi\u015fdi.<\/p>\n\n\n\n<p>\u201cM\u0259n Rusiya hakimiyy\u0259tini Ukraynaya m\u00fcharib\u0259 elan etm\u0259y\u0259 \u00e7a\u011f\u0131rmam\u0131\u015fam. M\u0259n pe\u015f\u0259kar h\u0259rb\u00e7iy\u0259m, d\u00f6y\u00fc\u015f veteran\u0131yam, bel\u0259 \u015feyl\u0259r etmir\u0259m v\u0259 etm\u0259y\u0259c\u0259y\u0259m d\u0259. Bilir\u0259m ki, m\u00fcharib\u0259 \u00e7ox pisdir, b\u0259zi m\u0259s\u0259l\u0259l\u0259ri h\u0259ll etm\u0259yin \u0259n yax\u015f\u0131 yolu deyil\u201d, &#8212; dey\u0259 \u015eerin \u00f6z\u00fcn\u00fc t\u0259kzib etmi\u015fdi.<\/p>\n\n\n\n<p>Xalqa it h\u00fcr\u0259nd\u0259, biz\u0259 d\u0259 \u00e7aqqal ulay\u0131r. Amma Rusiya bu k\u00f6p\u0259kl\u0259rin a\u011fz\u0131yla Az\u0259rbaycana t\u0259hdid ya\u011fd\u0131rmas\u0131 ortadad\u0131r. Bu d\u0259f\u0259 axtar\u0131\u015fa verm\u0259y\u0259 ehtiyac yoxdur. \u00c7\u00fcnki Rusiya il\u0259 bu sah\u0259d\u0259 qar\u015f\u0131l\u0131ql\u0131 sazi\u015fimiz var. Sad\u0259c\u0259 Rusiya D\u00f6vl\u0259t Dumas\u0131n\u0131n r\u0259hb\u0259rliyin\u0259 m\u00fcraci\u0259t edib bu \u00f6z\u00fcn\u00fcbilm\u0259zl\u0259rin s\u0259lahiyy\u0259tl\u0259rinin al\u0131nmas\u0131n\u0131 v\u0259 bu q\u0259l\u0259tl\u0259r\u0259-m\u00fcharib\u0259y\u0259 \u00e7a\u011f\u0131r\u0131\u015f, \u00f6lk\u0259mizin suverenliyin\u0259 t\u0259hdidl\u0259 ba\u011fl\u0131 c\u0259zaland\u0131r\u0131lmas\u0131na nail olmal\u0131y\u0131q.<\/p>\n\n\n\n<p><strong>Xaqani \u018fd\u0259bo\u011flu <\/strong><\/p>\n\n\n\n<p><strong>Az\u0259rbaycan V\u0259t\u0259n M\u00fcharib\u0259si Veteranlar\u0131 \u0130ctimai Birliyi (AVMV\u0130B) M\u0259tbuat Xidm\u0259tinin r\u0259hb\u0259ri<\/strong><\/p>\n","protected":false},"excerpt":{"rendered":"<p>Rusiya D\u00f6vl\u0259t Dumas\u0131n\u0131n M\u00fcdafi\u0259 Komit\u0259si s\u0259drinin m\u00fcavini Aleksandr \u015eerin Az\u0259rbaycan\u0131 v\u0259&nbsp;Yaponiyan\u0131 h\u0259d\u0259l\u0259yib. Veril\u0259n m\u0259lumata g\u00f6r\u0259, \u201cRealist\u201d informasiya agentliyin\u0259 m\u00fcsahib\u0259sind\u0259 rusiyal\u0131 deputat h\u0259r iki \u00f6lk\u0259<\/p>\n","protected":false},"author":2,"featured_media":0,"comment_status":"closed","ping_status":"closed","sticky":false,"template":"","format":"standard","meta":{"footnotes":""},"categories":[15],"tags":[],"class_list":["post-66413","post","type-post","status-publish","format-standard","hentry","category-atmaca"],"aioseo_notices":[],"_links":{"self":[{"href":"https:\/\/fedai.az\/index.php?rest_route=\/wp\/v2\/posts\/66413","targetHints":{"allow":["GET"]}}],"collection":[{"href":"https:\/\/fedai.az\/index.php?rest_route=\/wp\/v2\/posts"}],"about":[{"href":"https:\/\/fedai.az\/index.php?rest_route=\/wp\/v2\/types\/post"}],"author":[{"embeddable":true,"href":"https:\/\/fedai.az\/index.php?rest_route=\/wp\/v2\/users\/2"}],"replies":[{"embeddable":true,"href":"https:\/\/fedai.az\/index.php?rest_route=%2Fwp%2Fv2%2Fcomments&post=66413"}],"version-history":[{"count":1,"href":"https:\/\/fedai.az\/index.php?rest_route=\/wp\/v2\/posts\/66413\/revisions"}],"predecessor-version":[{"id":66415,"href":"https:\/\/fedai.az\/index.php?rest_route=\/wp\/v2\/posts\/66413\/revisions\/66415"}],"wp:attachment":[{"href":"https:\/\/fedai.az\/index.php?rest_route=%2Fwp%2Fv2%2Fmedia&parent=66413"}],"wp:term":[{"taxonomy":"category","embeddable":true,"href":"https:\/\/fedai.az\/index.php?rest_route=%2Fwp%2Fv2%2Fcategories&post=66413"},{"taxonomy":"post_tag","embeddable":true,"href":"https:\/\/fedai.az\/index.php?rest_route=%2Fwp%2Fv2%2Ftags&post=66413"}],"curies":[{"name":"wp","href":"https:\/\/api.w.org\/{rel}","templated":true}]}}