{"id":66427,"date":"2022-04-02T01:33:30","date_gmt":"2022-04-01T21:33:30","guid":{"rendered":"https:\/\/fedai.az\/?p=66427"},"modified":"2022-04-02T01:33:33","modified_gmt":"2022-04-01T21:33:33","slug":"pasinyanin-yalani-uz%c9%99-cixdi-haberglobalin-bu-x%c9%99b%c9%99rin%c9%99-gor%c9%99-erm%c9%99nistana-sanksiya-qoyula-bil%c9%99r","status":"publish","type":"post","link":"https:\/\/fedai.az\/?p=66427","title":{"rendered":"Pa\u015finyan\u0131n yalan\u0131 \u00fcz\u0259 \u00e7\u0131xd\u0131: &#171;HaberGlobal&#187;\u0131n bu x\u0259b\u0259rin\u0259 g\u00f6r\u0259 Erm\u0259nistana sanksiya qoyula bil\u0259r"},"content":{"rendered":"\n<p><strong>X\u0259b\u0259r verdiyimiz kimi, &#171;Haber Qlobal\u201d bir ne\u00e7\u0259 g\u00fcn \u0259vv\u0259l Erm\u0259nistan ordusunun qeydiyyatda olan &#171;Su-30\u201d tipli d\u00f6rd d\u00f6y\u00fc\u015f t\u0259yyar\u0259sini pilotlarla birlikd\u0259 mart\u0131n 25-d\u0259 Ukraynadak\u0131 h\u0259rbi \u0259m\u0259liyyatlar \u00fc\u00e7\u00fcn Rusiyaya g\u00f6nd\u0259rilm\u0259si il\u0259 \u0259laq\u0259dar x\u0259b\u0259r yay\u0131mlay\u0131b.<\/strong><\/p>\n\n\n\n<p><br>&#171;Haber Global\u201d bu x\u0259b\u0259ri d\u0259rc etdikd\u0259n sonra Erm\u0259nistan t\u0259r\u0259fi inkar variant\u0131na \u0259l ataraq m\u0259lumat\u0131 t\u0259kzib etm\u0259k yolunu tutub.<br>X\u0259b\u0259r\u0259 Erm\u0259nistan\u0131n ba\u015f naziri Nikol Pa\u015finyan da reaksiya verib.<\/p>\n\n\n\n<p><br>O, bu\u00a0 &#171;x\u0259b\u0259rin do\u011fru olmad\u0131\u011f\u0131n\u0131\u201d iddia ed\u0259r\u0259k, &#171;t\u0259yyar\u0259l\u0259rimiz he\u00e7 vaxt \u0259razimizi t\u0259rk etm\u0259yib\u201d a\u00e7\u0131qlamas\u0131n\u0131 verib.<\/p>\n\n\n\n<p><br>Lakin Haber Global Erm\u0259nistan t\u0259r\u0259finin iddialar\u0131n\u0131 if\u015fa ed\u0259n peyk g\u00f6r\u00fcnt\u00fcl\u0259rini \u0259ld\u0259 edib.\u00a0<\/p>\n\n\n\n<p><br>Bel\u0259 ki, 18 mart 2022-ci ild\u0259 \u00e7\u0259kilmi\u015f peyk g\u00f6r\u00fcnt\u00fcl\u0259rind\u0259 Erm\u0259nistandak\u0131 hava bazas\u0131nda 4 \u0259d\u0259d &#171;SU-30 &#171;tipli d\u00f6y\u00fc\u015f t\u0259yyar\u0259si g\u00f6r\u00fcn\u00fcb.<\/p>\n\n\n\n<p>Lakin mart\u0131n 25-d\u0259 \u00e7\u0259kil\u0259n ikinci g\u00f6r\u00fcnt\u00fcd\u0259 is\u0259 eyni m\u0259kanda f\u0259rqli m\u0259nz\u0259r\u0259nin oldu\u011fu ortaya \u00e7\u0131x\u0131b. G\u00f6r\u00fcnt\u00fcl\u0259rd\u0259 Rusiyaya g\u00f6nd\u0259ril\u0259n &#171;SU-30\u201d t\u0259yyar\u0259l\u0259rinin olmad\u0131\u011f\u0131 g\u00f6r\u00fcn\u00fcr. Onlar\u0131n oldu\u011fu yerd\u0259 &#171;MiQ-29\u201d d\u00f6y\u00fc\u015f t\u0259yyar\u0259sinin oldu\u011fu ayd\u0131n \u0259ks olunub.<br>Qeyd ed\u0259k ki, &#171;SU-30\u201d d\u00f6y\u00fc\u015f t\u0259yyar\u0259si reaktiv m\u00fch\u0259rriki &#171;F-14\u201d v\u0259 &#171;F-15\u201d t\u0259yyar\u0259l\u0259ri il\u0259 r\u0259qab\u0259t aparmaq \u00fc\u00e7\u00fcn haz\u0131rlanm\u0131\u015fd\u0131r.<br>Erm\u0259nistan 2019-cu ild\u0259 Rusiyadan d\u00f6rd \u0259d\u0259d &#171;SU-30 sifari\u015f\u201d verib. Bu t\u0259yyar\u0259l\u0259rin \u00e7atd\u0131r\u0131lmas\u0131 2020-ci ilin may ay\u0131nda ba\u015f tutub.<br>Lakin Erm\u0259nistan s\u00f6z\u00fcged\u0259n t\u0259yyar\u0259l\u0259rin xidm\u0259tind\u0259n istifad\u0259 etm\u0259yib v\u0259 yuxar\u0131da da qeyd edildiyi kimi mart\u0131n 25-d\u0259 onlar\u0131 Rusiya ordusunun istifad\u0259sin\u0259 verib. H\u0259m\u00e7inin &#171;SU-30\u201dlar\u0131n erm\u0259ni pilotlar\u0131 da Rusiyaya u\u00e7ub.<\/p>\n\n\n\n<p><br>M\u0259lumatda qeyd edilir ki, t\u0259yyar\u0259l\u0259r 23 mart 2022-ci ild\u0259 Rusiyaya g\u00f6nd\u0259rilib. Onlar\u0131n yola d\u00fc\u015fm\u0259 yeri \u0130r\u0259vandak\u0131 Erebuni aviabazas\u0131 olub.<\/p>\n\n\n\n<p>\u018fld\u0259 edil\u0259n m\u0259lumatda erm\u0259ni pilotlar\u0131n idar\u0259 etdiyi d\u00f6rd &#171;SU-30\u201d d\u00f6y\u00fc\u015f t\u0259yyar\u0259sinin yerli vaxtla saat 12:50-d\u0259 havaya qalxmas\u0131 qeyd olunub. T\u0259yyar\u0259l\u0259r t\u0259xmin\u0259n 25 d\u0259qiq\u0259 sonra Rusiyaya \u00e7at\u0131blar.<\/p>\n\n\n\n<p><br>\u00d6z n\u00f6vb\u0259sind\u0259, peyk foto\u015f\u0259kill\u0259rind\u0259 olan h\u0259r\u0259k\u0259t trayektoriyas\u0131 da bunu s\u00fcbut edir.<\/p>\n\n\n\n<p>&#171;Bel\u0259likl\u0259, Erm\u0259nistan \u00f6z t\u0259yyar\u0259l\u0259rini v\u0259 pilotlar\u0131n\u0131 rus ordusunun s\u0259r\u0259ncam\u0131na verm\u0259kl\u0259 Ukraynaya t\u0259cav\u00fcz\u00fcn orta\u011f\u0131 oldu\u011funu v\u0259 Rusiyan\u0131n ba\u015flad\u0131\u011f\u0131 m\u00fcharib\u0259d\u0259 t\u0259r\u0259f se\u00e7diyini \u0259yani n\u00fcmayi\u015f etdirmi\u015f oldu. Art\u0131q Erm\u0259nistan da Rusiya kimi Q\u0259rbin sanksiyalar\u0131n\u0131n h\u0259d\u0259fin\u0259 \u00e7evril\u0259r bil\u0259r\u201d, \u2013 m\u0259qal\u0259d\u0259 qeyd olunur.<\/p>\n\n\n\n<p><br>Art\u0131q x\u0259b\u0259r beyn\u0259lxalq m\u0259tbuatda da b\u00f6y\u00fck \u0259ks-s\u0259da do\u011furub. M\u0259xfi m\u0259lumatlar\u0131n m\u0259tbuata s\u0131zmas\u0131 Erm\u0259nistan v\u0259 Rusiya aras\u0131nda da diplomatik g\u0259rginlik yarad\u0131b.<\/p>\n\n\n\n<p><br>Bundan \u0259lav\u0259, Erm\u0259nistana t\u0259yyar\u0259l\u0259rin saxlan\u0131ld\u0131\u011f\u0131 yeri doldurmaq v\u0259 hadis\u0259ni \u00f6rt-basd\u0131r etm\u0259k \u00fc\u00e7\u00fcn t\u0259l\u0259sik Suriyadan d\u00f6rd &#171;SU-30\u201d tipli d\u00f6y\u00fc\u015f t\u0259yyar\u0259si g\u0259tirilib.<\/p>\n\n\n\n<p><br>Lakin Erm\u0259nistana m\u0259xsus t\u0259yyar\u0259l\u0259rin he\u00e7 vaxt \u00f6lk\u0259ni t\u0259rk etm\u0259diyi g\u00f6r\u00fcnt\u00fcs\u00fc yaratma\u011fa c\u0259hd edils\u0259 d\u0259, peykd\u0259n \u00e7\u0259kilmi\u015f foto\u015f\u0259kill\u0259r b\u00fct\u00fcn m\u0259s\u0259l\u0259l\u0259ri if\u015fa edib.<\/p>\n\n\n\n<p>AZXEBER.COM-un m\u0259lumat\u0131na g\u00f6r\u0259, bu x\u0259b\u0259r Ukrayna medias\u0131nda da geni\u015f yay\u0131mlan\u0131b.<\/p>\n\n\n\n<p><br>Ukraynan\u0131n \u0259n b\u00f6y\u00fck v\u0259 \u0259n n\u00fcfuzlu agentliyi olan &#171;Unian&#187; x\u0259b\u0259ri b\u00fct\u00fcn platformalar\u0131nda yay\u0131mlay\u0131b.\u00a0<\/p>\n\n\n\n<p><br>X\u0259b\u0259rd\u0259 qeyd edilib ki, Erm\u0259nistan\u0131n Rusiyaya d\u0259st\u0259yi beyn\u0259lxalq s\u0259viyy\u0259d\u0259 tan\u0131nsa, \u00f6lk\u0259y\u0259 sanksiyalar qoyulacaq. Ukrayna t\u0259r\u0259fi d\u0259 bu m\u0259s\u0259l\u0259nin ara\u015fd\u0131r\u0131lmas\u0131nda maraql\u0131d\u0131r.\u00a0<\/p>\n\n\n\n<figure class=\"wp-block-image size-large\"><img decoding=\"async\" src=\"https:\/\/fedai.az\/wp-content\/uploads\/2022\/04\/1648839968_img-20220401-wa0127-720x1024.jpg\" alt=\"\" class=\"wp-image-66428\"\/><\/figure>\n","protected":false},"excerpt":{"rendered":"<p>X\u0259b\u0259r verdiyimiz kimi, &#171;Haber Qlobal\u201d bir ne\u00e7\u0259 g\u00fcn \u0259vv\u0259l Erm\u0259nistan ordusunun qeydiyyatda olan &#171;Su-30\u201d tipli d\u00f6rd d\u00f6y\u00fc\u015f t\u0259yyar\u0259sini pilotlarla birlikd\u0259 mart\u0131n 25-d\u0259 Ukraynadak\u0131 h\u0259rbi<\/p>\n","protected":false},"author":2,"featured_media":0,"comment_status":"closed","ping_status":"closed","sticky":false,"template":"","format":"standard","meta":{"footnotes":""},"categories":[3],"tags":[],"class_list":["post-66427","post","type-post","status-publish","format-standard","hentry","category-gundm"],"aioseo_notices":[],"_links":{"self":[{"href":"https:\/\/fedai.az\/index.php?rest_route=\/wp\/v2\/posts\/66427","targetHints":{"allow":["GET"]}}],"collection":[{"href":"https:\/\/fedai.az\/index.php?rest_route=\/wp\/v2\/posts"}],"about":[{"href":"https:\/\/fedai.az\/index.php?rest_route=\/wp\/v2\/types\/post"}],"author":[{"embeddable":true,"href":"https:\/\/fedai.az\/index.php?rest_route=\/wp\/v2\/users\/2"}],"replies":[{"embeddable":true,"href":"https:\/\/fedai.az\/index.php?rest_route=%2Fwp%2Fv2%2Fcomments&post=66427"}],"version-history":[{"count":1,"href":"https:\/\/fedai.az\/index.php?rest_route=\/wp\/v2\/posts\/66427\/revisions"}],"predecessor-version":[{"id":66430,"href":"https:\/\/fedai.az\/index.php?rest_route=\/wp\/v2\/posts\/66427\/revisions\/66430"}],"wp:attachment":[{"href":"https:\/\/fedai.az\/index.php?rest_route=%2Fwp%2Fv2%2Fmedia&parent=66427"}],"wp:term":[{"taxonomy":"category","embeddable":true,"href":"https:\/\/fedai.az\/index.php?rest_route=%2Fwp%2Fv2%2Fcategories&post=66427"},{"taxonomy":"post_tag","embeddable":true,"href":"https:\/\/fedai.az\/index.php?rest_route=%2Fwp%2Fv2%2Ftags&post=66427"}],"curies":[{"name":"wp","href":"https:\/\/api.w.org\/{rel}","templated":true}]}}