{"id":66435,"date":"2022-04-02T02:02:20","date_gmt":"2022-04-01T22:02:20","guid":{"rendered":"https:\/\/fedai.az\/?p=66435"},"modified":"2022-04-02T02:02:22","modified_gmt":"2022-04-01T22:02:22","slug":"prezident-ilham-%c9%99liyevd%c9%99n-g%c9%99nc%c9%99-s%c9%99h%c9%99ri-il%c9%99-bagli-q%c9%99rar","status":"publish","type":"post","link":"https:\/\/fedai.az\/?p=66435","title":{"rendered":"Prezident \u0130lham \u018fliyevd\u0259n G\u0259nc\u0259 \u015f\u0259h\u0259ri il\u0259 ba\u011fl\u0131 Q\u018fRAR"},"content":{"rendered":"\n<p><strong>B\u0259l\u0259diyy\u0259l\u0259rin \u0259razil\u0259ri v\u0259 torpaqlar\u0131 haqq\u0131nda\u201d Az\u0259rbaycan Respublikas\u0131n\u0131n Qanununa \u0259lav\u0259 edilmi\u015f &#171;Az\u0259rbaycan Respublikas\u0131nda b\u0259l\u0259diyy\u0259l\u0259rin siyah\u0131s\u0131\u201dna d\u0259yi\u015fiklik edilib.<\/strong><\/p>\n\n\n\n<p>Bu bar\u0259d\u0259 Az\u0259rbaycan Respublikas\u0131 Prezidenti q\u0259rar imzalay\u0131b.<\/p>\n\n\n\n<p>D\u0259yi\u015fikliy\u0259 \u0259sas\u0259n, G\u0259nc\u0259 \u015f\u0259h\u0259ri b\u0259l\u0259diyy\u0259 siyah\u0131s\u0131 a\u015fa\u011f\u0131dak\u0131 redaksiyada t\u0259sdiq edilib:<\/p>\n\n\n\n<p>K\u0259p\u0259z b\u0259l\u0259diyy\u0259si &#8212; Cavadxan, M\u0259hs\u0259ti, N\u0259tavan, Sad\u0131ll\u0131 v\u0259 \u015e\u0131xzamanl\u0131 q\u0259s\u0259b\u0259l\u0259ri, G\u0259nc\u0259 \u015f\u0259h\u0259rinin 1 v\u0259 2 n\u00f6mr\u0259li sah\u0259 inzibati \u0259razi dair\u0259l\u0259rinin \u0259razisini t\u0259\u015fkil ed\u0259n hiss\u0259si;<\/p>\n\n\n\n<p>Nizami b\u0259l\u0259diyy\u0259si &#8212; G\u0259nc\u0259 \u015f\u0259h\u0259rinin 3 v\u0259 4 n\u00f6mr\u0259li sah\u0259 inzibati \u0259razi dair\u0259l\u0259rinin \u0259razisini t\u0259\u015fkil ed\u0259n hiss\u0259si;<\/p>\n\n\n\n<p>Hac\u0131k\u0259nd b\u0259l\u0259diyy\u0259si &#8212; Hac\u0131k\u0259nd v\u0259 G\u00f6yg\u00f6l q\u0259s\u0259b\u0259l\u0259ri.<\/p>\n","protected":false},"excerpt":{"rendered":"<p>B\u0259l\u0259diyy\u0259l\u0259rin \u0259razil\u0259ri v\u0259 torpaqlar\u0131 haqq\u0131nda\u201d Az\u0259rbaycan Respublikas\u0131n\u0131n Qanununa \u0259lav\u0259 edilmi\u015f &#171;Az\u0259rbaycan Respublikas\u0131nda b\u0259l\u0259diyy\u0259l\u0259rin siyah\u0131s\u0131\u201dna d\u0259yi\u015fiklik edilib. Bu bar\u0259d\u0259 Az\u0259rbaycan Respublikas\u0131 Prezidenti q\u0259rar imzalay\u0131b. D\u0259yi\u015fikliy\u0259<\/p>\n","protected":false},"author":2,"featured_media":0,"comment_status":"closed","ping_status":"closed","sticky":false,"template":"","format":"standard","meta":{"footnotes":""},"categories":[3],"tags":[],"class_list":["post-66435","post","type-post","status-publish","format-standard","hentry","category-gundm"],"aioseo_notices":[],"_links":{"self":[{"href":"https:\/\/fedai.az\/index.php?rest_route=\/wp\/v2\/posts\/66435","targetHints":{"allow":["GET"]}}],"collection":[{"href":"https:\/\/fedai.az\/index.php?rest_route=\/wp\/v2\/posts"}],"about":[{"href":"https:\/\/fedai.az\/index.php?rest_route=\/wp\/v2\/types\/post"}],"author":[{"embeddable":true,"href":"https:\/\/fedai.az\/index.php?rest_route=\/wp\/v2\/users\/2"}],"replies":[{"embeddable":true,"href":"https:\/\/fedai.az\/index.php?rest_route=%2Fwp%2Fv2%2Fcomments&post=66435"}],"version-history":[{"count":1,"href":"https:\/\/fedai.az\/index.php?rest_route=\/wp\/v2\/posts\/66435\/revisions"}],"predecessor-version":[{"id":66437,"href":"https:\/\/fedai.az\/index.php?rest_route=\/wp\/v2\/posts\/66435\/revisions\/66437"}],"wp:attachment":[{"href":"https:\/\/fedai.az\/index.php?rest_route=%2Fwp%2Fv2%2Fmedia&parent=66435"}],"wp:term":[{"taxonomy":"category","embeddable":true,"href":"https:\/\/fedai.az\/index.php?rest_route=%2Fwp%2Fv2%2Fcategories&post=66435"},{"taxonomy":"post_tag","embeddable":true,"href":"https:\/\/fedai.az\/index.php?rest_route=%2Fwp%2Fv2%2Ftags&post=66435"}],"curies":[{"name":"wp","href":"https:\/\/api.w.org\/{rel}","templated":true}]}}