{"id":66439,"date":"2022-04-02T02:07:31","date_gmt":"2022-04-01T22:07:31","guid":{"rendered":"https:\/\/fedai.az\/?p=66439"},"modified":"2022-04-02T02:07:34","modified_gmt":"2022-04-01T22:07:34","slug":"rusiyanin-erm%c9%99nim%c9%99ramlilari-separatcilarl%c9%99-%c9%99l-%c9%99l%c9%99-qanunsuz-q%c9%99s%c9%99b%c9%99l%c9%99r-tikirl%c9%99r","status":"publish","type":"post","link":"https:\/\/fedai.az\/?p=66439","title":{"rendered":"Rusiyan\u0131n erm\u0259nim\u0259raml\u0131lar\u0131 separat\u00e7\u0131larl\u0259 \u0259l-\u0259l\u0259 qanunsuz q\u0259s\u0259b\u0259l\u0259r tikirl\u0259r"},"content":{"rendered":"\n<p><strong>Az\u0259rbaycan Respublikas\u0131n\u0131n Xocal\u0131 rayonunun Rusiyan\u0131n \u201cs\u00fclhm\u0259raml\u0131\u201d adlanan h\u0259rbi kontingentinin m\u0259suliyy\u0259t zonas\u0131nda qalm\u0131\u015f v\u0259\u00a0 \u201cOvsepavan\u201d adland\u0131r\u0131lan\u00a0D\u0259r\u0259l\u0259y\u0259z k\u0259ndind\u0259 separat\u00e7\u0131-terror\u00e7u rejim t\u0259r\u0259find\u0259n \u201c44 g\u00fcnl\u00fck m\u00fcharib\u0259 n\u0259tic\u0259sind\u0259 k\u00f6\u00e7k\u00fcn d\u00fc\u015fm\u00fc\u015f\u00a0 erm\u0259ni ail\u0259l\u0259ri \u00fc\u00e7\u00fcn\u201d qanunsuz olaraq yeni m\u0259h\u0259ll\u0259nin tikintisi davam etdirilir.<\/strong><\/p>\n\n\n\n<p>Bu haqda m\u0259lumat v\u0259 video-g\u00f6r\u00fcnt\u00fcl\u0259r sosial \u015f\u0259b\u0259k\u0259l\u0259rin erm\u0259ni seqmentind\u0259 yay\u0131l\u0131b.\u201cYeni m\u0259h\u0259ll\u0259d\u0259 22-i \u00fc\u00e7otaql\u0131, 55-i is\u0259 d\u00f6rdotaql\u0131 olmaqla 77 f\u0259rdi ya\u015fay\u0131\u015f evi olacaq. M\u0259h\u0259ll\u0259d\u0259 ya\u015f\u0131ll\u0131qlar\u0131 olan istirah\u0259t gu\u015f\u0259l\u0259ri, u\u015faq meydan\u00e7as\u0131 sal\u0131nacaq, u\u015faq ba\u011f\u00e7as\u0131, inzibati bina, m\u0259kt\u0259b d\u0259 tikil\u0259c\u0259k. <\/p>\n\n\n\n<p>Tikinti 2022-ci ilin dekabr ay\u0131na kimi ba\u015fa \u00e7atd\u0131r\u0131lacaq\u201d- m\u0259lumatda bel\u0259 deyilir.<\/p>\n\n\n\n<p>Layih\u0259 separat\u00e7\u0131 rejim v\u0259 \u201cHayastan\u201d \u00fcmumerm\u0259ni fondunun d\u0259st\u0259yi il\u0259 h\u0259yata ke\u00e7irilir.<\/p>\n\n\n\n<p>M\u0259nb\u0259: <strong>KA\u0130M.az<\/strong>\u00a0<\/p>\n\n\n\n<p><a href=\"https:\/\/vk.com\/video-17452458_456249586?t=5s\"><strong>https:\/\/vk.com\/video-17452458_456249586?t=5s<\/strong><\/a><\/p>\n","protected":false},"excerpt":{"rendered":"<p>Az\u0259rbaycan Respublikas\u0131n\u0131n Xocal\u0131 rayonunun Rusiyan\u0131n \u201cs\u00fclhm\u0259raml\u0131\u201d adlanan h\u0259rbi kontingentinin m\u0259suliyy\u0259t zonas\u0131nda qalm\u0131\u015f v\u0259\u00a0 \u201cOvsepavan\u201d adland\u0131r\u0131lan\u00a0D\u0259r\u0259l\u0259y\u0259z k\u0259ndind\u0259 separat\u00e7\u0131-terror\u00e7u rejim t\u0259r\u0259find\u0259n \u201c44 g\u00fcnl\u00fck m\u00fcharib\u0259 n\u0259tic\u0259sind\u0259 k\u00f6\u00e7k\u00fcn<\/p>\n","protected":false},"author":2,"featured_media":0,"comment_status":"closed","ping_status":"closed","sticky":false,"template":"","format":"standard","meta":{"footnotes":""},"categories":[4],"tags":[],"class_list":["post-66439","post","type-post","status-publish","format-standard","hentry","category-qarabag"],"aioseo_notices":[],"_links":{"self":[{"href":"https:\/\/fedai.az\/index.php?rest_route=\/wp\/v2\/posts\/66439","targetHints":{"allow":["GET"]}}],"collection":[{"href":"https:\/\/fedai.az\/index.php?rest_route=\/wp\/v2\/posts"}],"about":[{"href":"https:\/\/fedai.az\/index.php?rest_route=\/wp\/v2\/types\/post"}],"author":[{"embeddable":true,"href":"https:\/\/fedai.az\/index.php?rest_route=\/wp\/v2\/users\/2"}],"replies":[{"embeddable":true,"href":"https:\/\/fedai.az\/index.php?rest_route=%2Fwp%2Fv2%2Fcomments&post=66439"}],"version-history":[{"count":1,"href":"https:\/\/fedai.az\/index.php?rest_route=\/wp\/v2\/posts\/66439\/revisions"}],"predecessor-version":[{"id":66441,"href":"https:\/\/fedai.az\/index.php?rest_route=\/wp\/v2\/posts\/66439\/revisions\/66441"}],"wp:attachment":[{"href":"https:\/\/fedai.az\/index.php?rest_route=%2Fwp%2Fv2%2Fmedia&parent=66439"}],"wp:term":[{"taxonomy":"category","embeddable":true,"href":"https:\/\/fedai.az\/index.php?rest_route=%2Fwp%2Fv2%2Fcategories&post=66439"},{"taxonomy":"post_tag","embeddable":true,"href":"https:\/\/fedai.az\/index.php?rest_route=%2Fwp%2Fv2%2Ftags&post=66439"}],"curies":[{"name":"wp","href":"https:\/\/api.w.org\/{rel}","templated":true}]}}