{"id":66442,"date":"2022-04-02T02:11:19","date_gmt":"2022-04-01T22:11:19","guid":{"rendered":"https:\/\/fedai.az\/?p=66442"},"modified":"2022-04-02T02:11:22","modified_gmt":"2022-04-01T22:11:22","slug":"prezident-vahid-%c9%99hm%c9%99dovla-bagli-s%c9%99r%c9%99ncam-imzaladi","status":"publish","type":"post","link":"https:\/\/fedai.az\/?p=66442","title":{"rendered":"Prezident Vahid \u018fhm\u0259dovla ba\u011fl\u0131 s\u0259r\u0259ncam imzalad\u0131"},"content":{"rendered":"\n<p><strong>Vahid Qazm\u0259mm\u0259d o\u011flu \u018fhm\u0259dov &#171;Az\u0259rbaycan Respublikas\u0131 Prezidentinin f\u0259xri diplomu\u201d il\u0259 t\u0259ltif edilib.<\/strong><\/p>\n\n\n\n<p><br>Bununla ba\u011fl\u0131 Prezident \u0130lham \u018fliyev s\u0259r\u0259ncam imzalay\u0131b.<\/p>\n\n\n\n<p><br>O, Az\u0259rbaycan Respublikas\u0131n\u0131n ictimai-siyasi h\u0259yat\u0131nda uzunm\u00fcdd\u0259tli s\u0259m\u0259r\u0259li f\u0259aliyy\u0259tin\u0259 g\u00f6r\u0259 t\u0259ltif olunub.<\/p>\n\n\n\n<p><br>Qeyd ed\u0259k ki, V. \u018fhm\u0259dov Milli M\u0259clisin deputat\u0131d\u0131r. Sabah onun 75 ya\u015f\u0131 tamam olur.<\/p>\n\n\n\n<p><strong>T\u0259brik edirik!<\/strong><\/p>\n","protected":false},"excerpt":{"rendered":"<p>Vahid Qazm\u0259mm\u0259d o\u011flu \u018fhm\u0259dov &#171;Az\u0259rbaycan Respublikas\u0131 Prezidentinin f\u0259xri diplomu\u201d il\u0259 t\u0259ltif edilib. Bununla ba\u011fl\u0131 Prezident \u0130lham \u018fliyev s\u0259r\u0259ncam imzalay\u0131b. O, Az\u0259rbaycan Respublikas\u0131n\u0131n ictimai-siyasi h\u0259yat\u0131nda<\/p>\n","protected":false},"author":2,"featured_media":0,"comment_status":"closed","ping_status":"closed","sticky":false,"template":"","format":"standard","meta":{"footnotes":""},"categories":[11],"tags":[],"class_list":["post-66442","post","type-post","status-publish","format-standard","hentry","category-tbrik"],"aioseo_notices":[],"_links":{"self":[{"href":"https:\/\/fedai.az\/index.php?rest_route=\/wp\/v2\/posts\/66442","targetHints":{"allow":["GET"]}}],"collection":[{"href":"https:\/\/fedai.az\/index.php?rest_route=\/wp\/v2\/posts"}],"about":[{"href":"https:\/\/fedai.az\/index.php?rest_route=\/wp\/v2\/types\/post"}],"author":[{"embeddable":true,"href":"https:\/\/fedai.az\/index.php?rest_route=\/wp\/v2\/users\/2"}],"replies":[{"embeddable":true,"href":"https:\/\/fedai.az\/index.php?rest_route=%2Fwp%2Fv2%2Fcomments&post=66442"}],"version-history":[{"count":1,"href":"https:\/\/fedai.az\/index.php?rest_route=\/wp\/v2\/posts\/66442\/revisions"}],"predecessor-version":[{"id":66444,"href":"https:\/\/fedai.az\/index.php?rest_route=\/wp\/v2\/posts\/66442\/revisions\/66444"}],"wp:attachment":[{"href":"https:\/\/fedai.az\/index.php?rest_route=%2Fwp%2Fv2%2Fmedia&parent=66442"}],"wp:term":[{"taxonomy":"category","embeddable":true,"href":"https:\/\/fedai.az\/index.php?rest_route=%2Fwp%2Fv2%2Fcategories&post=66442"},{"taxonomy":"post_tag","embeddable":true,"href":"https:\/\/fedai.az\/index.php?rest_route=%2Fwp%2Fv2%2Ftags&post=66442"}],"curies":[{"name":"wp","href":"https:\/\/api.w.org\/{rel}","templated":true}]}}