{"id":66454,"date":"2022-04-02T02:28:32","date_gmt":"2022-04-01T22:28:32","guid":{"rendered":"https:\/\/fedai.az\/?p=66454"},"modified":"2022-04-02T02:28:35","modified_gmt":"2022-04-01T22:28:35","slug":"ukrayna-ordusu-buca-s%c9%99h%c9%99rini-isgalcilardan-azad-edib","status":"publish","type":"post","link":"https:\/\/fedai.az\/?p=66454","title":{"rendered":"Ukrayna ordusu Bu\u00e7a \u015f\u0259h\u0259rini i\u015f\u011fal\u00e7\u0131lardan azad edib"},"content":{"rendered":"\n<p><strong>Ukrayna\u00a0ordusu\u00a0Kiyev\u00a0vilay\u0259tinin Bu\u00e7a \u015f\u0259h\u0259rini\u00a0Rusiya\u00a0h\u0259rb\u00e7il\u0259rind\u0259n azad edib.<\/strong><\/p>\n\n\n\n<p>Bu\u00e7an\u0131n meri Anatoli Fedoruk \u015f\u0259h\u0259rin Rusiya qo\u015funlar\u0131ndan azad edildiyini t\u0259sdiql\u0259yib. <\/p>\n\n\n\n<p>Mer vur\u011fulay\u0131b ki, \u015f\u0259h\u0259rin azad edilm\u0259sin\u0259 d\u00fcn\u0259n, mart\u0131n 31-d\u0259n ba\u015flan\u0131l\u0131b.<\/p>\n\n\n\n<p>\u201cBu g\u00fcn Bu\u00e7an\u0131n v\u0259 b\u00fct\u00fcn Bu\u00e7a icmas\u0131n\u0131n \u015fanl\u0131 tarixin\u0259 d\u00fc\u015f\u0259c\u0259k\u201d, &#8212; dey\u0259 o qeyd edib.<\/p>\n\n\n\n<p>\u00d6z n\u00f6vb\u0259sind\u0259, Ukrayna Silahl\u0131 Q\u00fcvv\u0259l\u0259rinin Ba\u015f Q\u0259rargah\u0131 da bildirib ki, Rusiya qo\u015funlar\u0131 Bu\u00e7adan geri \u00e7\u0259kil\u0259rk\u0259n m\u00fclki tikilil\u0259ri, infrastruktur obyektl\u0259rini v\u0259 q\u0259s\u0259b\u0259 daxilind\u0259 b\u0259zi \u0259razil\u0259ri minalay\u0131blar.<\/p>\n\n\n\n<p>Mart\u0131n 25-d\u0259 Bu\u00e7aya \u201cq\u0259hr\u0259man \u015f\u0259h\u0259r\u201d f\u0259xri ad\u0131 verilmi\u015fdi. Bu bar\u0259d\u0259 Ukrayna Prezidenti Volodimir Zelenski f\u0259rman imzalam\u0131\u015fd\u0131.<\/p>\n\n\n\n<figure class=\"wp-block-video\"><video controls src=\"https:\/\/membrana-cdn.media\/pravda\/pravda_2022.03.31_3.mp4?r=84641\"><\/video><\/figure>\n","protected":false},"excerpt":{"rendered":"<p>Ukrayna\u00a0ordusu\u00a0Kiyev\u00a0vilay\u0259tinin Bu\u00e7a \u015f\u0259h\u0259rini\u00a0Rusiya\u00a0h\u0259rb\u00e7il\u0259rind\u0259n azad edib. Bu\u00e7an\u0131n meri Anatoli Fedoruk \u015f\u0259h\u0259rin Rusiya qo\u015funlar\u0131ndan azad edildiyini t\u0259sdiql\u0259yib. Mer vur\u011fulay\u0131b ki, \u015f\u0259h\u0259rin azad edilm\u0259sin\u0259 d\u00fcn\u0259n, mart\u0131n 31-d\u0259n<\/p>\n","protected":false},"author":2,"featured_media":0,"comment_status":"closed","ping_status":"closed","sticky":false,"template":"","format":"standard","meta":{"footnotes":""},"categories":[13],"tags":[],"class_list":["post-66454","post","type-post","status-publish","format-standard","hentry","category-xarici"],"aioseo_notices":[],"_links":{"self":[{"href":"https:\/\/fedai.az\/index.php?rest_route=\/wp\/v2\/posts\/66454","targetHints":{"allow":["GET"]}}],"collection":[{"href":"https:\/\/fedai.az\/index.php?rest_route=\/wp\/v2\/posts"}],"about":[{"href":"https:\/\/fedai.az\/index.php?rest_route=\/wp\/v2\/types\/post"}],"author":[{"embeddable":true,"href":"https:\/\/fedai.az\/index.php?rest_route=\/wp\/v2\/users\/2"}],"replies":[{"embeddable":true,"href":"https:\/\/fedai.az\/index.php?rest_route=%2Fwp%2Fv2%2Fcomments&post=66454"}],"version-history":[{"count":1,"href":"https:\/\/fedai.az\/index.php?rest_route=\/wp\/v2\/posts\/66454\/revisions"}],"predecessor-version":[{"id":66456,"href":"https:\/\/fedai.az\/index.php?rest_route=\/wp\/v2\/posts\/66454\/revisions\/66456"}],"wp:attachment":[{"href":"https:\/\/fedai.az\/index.php?rest_route=%2Fwp%2Fv2%2Fmedia&parent=66454"}],"wp:term":[{"taxonomy":"category","embeddable":true,"href":"https:\/\/fedai.az\/index.php?rest_route=%2Fwp%2Fv2%2Fcategories&post=66454"},{"taxonomy":"post_tag","embeddable":true,"href":"https:\/\/fedai.az\/index.php?rest_route=%2Fwp%2Fv2%2Ftags&post=66454"}],"curies":[{"name":"wp","href":"https:\/\/api.w.org\/{rel}","templated":true}]}}