{"id":66470,"date":"2022-04-02T03:07:57","date_gmt":"2022-04-01T23:07:57","guid":{"rendered":"https:\/\/fedai.az\/?p=66470"},"modified":"2022-04-02T03:08:02","modified_gmt":"2022-04-01T23:08:02","slug":"mudafi%c9%99-nazirliyinin-t%c9%99lim-t%c9%99dris-m%c9%99rk%c9%99zinin-klubunda-t%c9%99dbir-kecirildi","status":"publish","type":"post","link":"https:\/\/fedai.az\/?p=66470","title":{"rendered":"M\u00fcdafi\u0259 Nazirliyinin T\u0259lim-T\u0259dris m\u0259rk\u0259zinin klubunda t\u0259dbir ke\u00e7irildi"},"content":{"rendered":"\n<p><strong>B\u00fc g\u00fcn M\u00fcdafi\u0259 Nazirliyinin T\u0259lim-T\u0259dris m\u0259rk\u0259zinin klubunda H\u0259rb Tarixi Muzeyinin direktoru polkovnik \u018fziza\u011fa Q\u0259nizad\u0259nin t\u0259\u015fkilat\u00e7\u0131l\u0131\u011f\u0131 il\u0259 1993 c\u00fc il K\u0259lb\u0259c\u0259r rayonunun m\u00fcdafi\u0259si u\u011frunda d\u00f6y\u00fc\u015fl\u0259rd\u0259 i\u015ftirak ed\u0259n 701 sayl\u0131 h\u0259rbi hiss\u0259nin ke\u00e7diyi d\u00f6y\u00fc\u015f yolu, ke\u00e7irdiyi \u0259m\u0259liyyatlar v\u0259 5000 d\u0259 \u00e7ox K\u0259lb\u0259c\u0259r sakininin xilas edilm\u0259si m\u00f6vzusunda t\u0259dbir ke\u00e7irildi.<\/strong><\/p>\n\n\n\n<figure class=\"wp-block-gallery columns-2 is-cropped wp-block-gallery-1 is-layout-flex wp-block-gallery-is-layout-flex\"><ul class=\"blocks-gallery-grid\"><li class=\"blocks-gallery-item\"><figure><img decoding=\"async\" src=\"https:\/\/fedai.az\/wp-content\/uploads\/2022\/04\/276148389_301077922163290_764143919889170963_n-1024x654.jpg\" alt=\"\" data-id=\"66471\" data-link=\"https:\/\/fedai.az\/?attachment_id=66471\" class=\"wp-image-66471\"\/><\/figure><\/li><li class=\"blocks-gallery-item\"><figure><img decoding=\"async\" src=\"https:\/\/fedai.az\/wp-content\/uploads\/2022\/04\/277325645_428366219092362_8945670479097607137_n-1024x694.jpg\" alt=\"\" data-id=\"66472\" data-full-url=\"https:\/\/fedai.az\/wp-content\/uploads\/2022\/04\/277325645_428366219092362_8945670479097607137_n.jpg\" data-link=\"https:\/\/fedai.az\/?attachment_id=66472\" class=\"wp-image-66472\"\/><\/figure><\/li><\/ul><\/figure>\n\n\n\n<p>AHTM-nin r\u0259isi, ehtiyatda olan polkovnik \u018fziza\u011fa Q\u0259nizad\u0259 bildirib ki, K\u0259lb\u0259c\u0259r u\u011frunda d\u00f6y\u00fc\u015fl\u0259rin \u00fcz\u0259rind\u0259n ill\u0259r ke\u00e7m\u0259sin\u0259 baxmayaraq, h\u0259min \u0259m\u0259liyyatlarda Az\u0259rbaycan Ordusunun f\u0259dakarl\u0131\u011f\u0131 bu g\u00fcn d\u0259 xat\u0131rlan\u0131r. Bildirib ki, d\u00fc\u015fm\u0259n 1993-c\u00fc il mart\u0131n 26-da K\u0259lb\u0259c\u0259r rayonunu i\u015f\u011fal etm\u0259k \u00fc\u00e7\u00fcn A\u011fd\u0259r\u0259 rayonundan \u00fc\u00e7, La\u00e7\u0131ndan bir, Erm\u0259nistan-Az\u0259rbaycan d\u00f6vl\u0259t s\u0259rh\u0259dind\u0259n is\u0259 iki istiqam\u0259td\u0259n b\u00f6y\u00fck q\u00fcvv\u0259 il\u0259 h\u00fccuma ke\u00e7ib. H\u0259min a\u011f\u0131r d\u00f6vrd\u0259 K\u0259lb\u0259c\u0259r \u0259halisinin k\u00f6m\u0259yin\u0259 La\u00e7\u0131n d\u0259hlizi u\u011frunda d\u00f6y\u00fc\u015f\u0259n 701 sayl\u0131 briqada g\u0259lib. G\u0259rgin d\u00f6y\u00fc\u015fl\u0259rd\u0259 Milli Ordumuzun \u0259sg\u0259r v\u0259 zabitl\u0259ri q\u0259hr\u0259manl\u0131qla vuru\u015faraq, sayca d\u0259f\u0259l\u0259rl\u0259 \u00e7ox olan d\u00fc\u015fm\u0259n q\u00fcvv\u0259l\u0259rin\u0259 m\u0259tan\u0259tl\u0259 sin\u0259 g\u0259rdil\u0259r. 701 sayl\u0131 h\u0259rbi hiss\u0259nin d\u00fc\u015fm\u0259n\u0259 ciddi m\u00fcqavim\u0259ti K\u0259lb\u0259c\u0259r rayonunun 60 min \u0259halisinin t\u0259xliy\u0259 olunmas\u0131na \u015f\u0259rait yaratd\u0131.<\/p>\n\n\n\n<figure class=\"wp-block-gallery columns-2 is-cropped wp-block-gallery-2 is-layout-flex wp-block-gallery-is-layout-flex\"><ul class=\"blocks-gallery-grid\"><li class=\"blocks-gallery-item\"><figure><img decoding=\"async\" src=\"https:\/\/fedai.az\/wp-content\/uploads\/2022\/04\/276157410_660090851936203_2672303393101329250_n-1024x576.jpg\" alt=\"\" data-id=\"66473\" data-link=\"https:\/\/fedai.az\/?attachment_id=66473\" class=\"wp-image-66473\"\/><\/figure><\/li><li class=\"blocks-gallery-item\"><figure><img decoding=\"async\" src=\"https:\/\/fedai.az\/wp-content\/uploads\/2022\/04\/277570803_157737956668250_7536426360138585863_n.jpg\" alt=\"\" data-id=\"66474\" data-full-url=\"https:\/\/fedai.az\/wp-content\/uploads\/2022\/04\/277570803_157737956668250_7536426360138585863_n.jpg\" data-link=\"https:\/\/fedai.az\/?attachment_id=66474\" class=\"wp-image-66474\"\/><\/figure><\/li><\/ul><\/figure>\n\n\n\n<p><br>T\u0259dbird\u0259 701 sayl\u0131 h\u0259rbi hiss\u0259nin d\u00f6y\u00fc\u015f\u00e7\u00fcl\u0259ri, kaolisiya \u00fczv\u00fc olan \u0130ctimai Birlikl\u0259rin r\u0259hb\u0259rl\u0259ri i\u015ftirak edirdil\u0259r. Az\u0259rbaycan V\u0259t\u0259n M\u00fcharib\u0259si Veteranlar\u0131 \u0130ctimai Birliyinin (AVMV\u0130B) \u00fczvl\u0259ri d\u0259 t\u0259dbird\u0259 b\u00f6y\u00fck hey\u0259tl\u0259 i\u015ftirak edirdil\u0259r.<\/p>\n\n\n\n<figure class=\"wp-block-gallery columns-2 is-cropped wp-block-gallery-3 is-layout-flex wp-block-gallery-is-layout-flex\"><ul class=\"blocks-gallery-grid\"><li class=\"blocks-gallery-item\"><figure><img decoding=\"async\" src=\"https:\/\/fedai.az\/wp-content\/uploads\/2022\/04\/277579376_157738086668237_8427488497435972039_n.jpg\" alt=\"\" data-id=\"66476\" data-full-url=\"https:\/\/fedai.az\/wp-content\/uploads\/2022\/04\/277579376_157738086668237_8427488497435972039_n.jpg\" data-link=\"https:\/\/fedai.az\/?attachment_id=66476\" class=\"wp-image-66476\"\/><\/figure><\/li><li class=\"blocks-gallery-item\"><figure><img decoding=\"async\" src=\"https:\/\/fedai.az\/wp-content\/uploads\/2022\/04\/277568447_157737830001596_7312224653682545608_n.jpg\" alt=\"\" data-id=\"66475\" data-link=\"https:\/\/fedai.az\/?attachment_id=66475\" class=\"wp-image-66475\"\/><\/figure><\/li><\/ul><\/figure>\n\n\n\n<p><strong><br>Allah \u015e\u0259hidl\u0259rimiz\u0259 r\u0259hm\u0259t el\u0259sin! <\/strong><\/p>\n\n\n\n<p><strong>Allah Ordumuzu v\u0259 xalq\u0131m\u0131z\u0131 qorusun!<\/strong><\/p>\n\n\n\n<div class=\"wp-block-media-text alignwide is-stacked-on-mobile\" style=\"grid-template-columns:39% auto\"><figure class=\"wp-block-media-text__media\"><img decoding=\"async\" src=\"https:\/\/fedai.az\/wp-content\/uploads\/2022\/04\/276156764_302702341947160_1584754657757576317_n-576x1024.jpg\" alt=\"\" class=\"wp-image-66477 size-full\"\/><\/figure><div class=\"wp-block-media-text__content\">\n<p class=\"has-large-font-size\"><strong>Azad Musayev<\/strong><\/p>\n<\/div><\/div>\n\n\n\n<p><\/p>\n","protected":false},"excerpt":{"rendered":"<p>B\u00fc g\u00fcn M\u00fcdafi\u0259 Nazirliyinin T\u0259lim-T\u0259dris m\u0259rk\u0259zinin klubunda H\u0259rb Tarixi Muzeyinin direktoru polkovnik \u018fziza\u011fa Q\u0259nizad\u0259nin t\u0259\u015fkilat\u00e7\u0131l\u0131\u011f\u0131 il\u0259 1993 c\u00fc il K\u0259lb\u0259c\u0259r rayonunun m\u00fcdafi\u0259si u\u011frunda d\u00f6y\u00fc\u015fl\u0259rd\u0259<\/p>\n","protected":false},"author":2,"featured_media":0,"comment_status":"closed","ping_status":"closed","sticky":false,"template":"","format":"standard","meta":{"footnotes":""},"categories":[5],"tags":[],"class_list":["post-66470","post","type-post","status-publish","format-standard","hentry","category-veteran"],"aioseo_notices":[],"_links":{"self":[{"href":"https:\/\/fedai.az\/index.php?rest_route=\/wp\/v2\/posts\/66470","targetHints":{"allow":["GET"]}}],"collection":[{"href":"https:\/\/fedai.az\/index.php?rest_route=\/wp\/v2\/posts"}],"about":[{"href":"https:\/\/fedai.az\/index.php?rest_route=\/wp\/v2\/types\/post"}],"author":[{"embeddable":true,"href":"https:\/\/fedai.az\/index.php?rest_route=\/wp\/v2\/users\/2"}],"replies":[{"embeddable":true,"href":"https:\/\/fedai.az\/index.php?rest_route=%2Fwp%2Fv2%2Fcomments&post=66470"}],"version-history":[{"count":1,"href":"https:\/\/fedai.az\/index.php?rest_route=\/wp\/v2\/posts\/66470\/revisions"}],"predecessor-version":[{"id":66479,"href":"https:\/\/fedai.az\/index.php?rest_route=\/wp\/v2\/posts\/66470\/revisions\/66479"}],"wp:attachment":[{"href":"https:\/\/fedai.az\/index.php?rest_route=%2Fwp%2Fv2%2Fmedia&parent=66470"}],"wp:term":[{"taxonomy":"category","embeddable":true,"href":"https:\/\/fedai.az\/index.php?rest_route=%2Fwp%2Fv2%2Fcategories&post=66470"},{"taxonomy":"post_tag","embeddable":true,"href":"https:\/\/fedai.az\/index.php?rest_route=%2Fwp%2Fv2%2Ftags&post=66470"}],"curies":[{"name":"wp","href":"https:\/\/api.w.org\/{rel}","templated":true}]}}