{"id":66480,"date":"2022-04-02T03:15:57","date_gmt":"2022-04-01T23:15:57","guid":{"rendered":"https:\/\/fedai.az\/?p=66480"},"modified":"2022-04-02T03:16:01","modified_gmt":"2022-04-01T23:16:01","slug":"avmvib-idar%c9%99-hey%c9%99tinin-q%c9%99rarina-nec%c9%99-%c9%99m%c9%99l-olunub-2","status":"publish","type":"post","link":"https:\/\/fedai.az\/?p=66480","title":{"rendered":"AVMV\u0130B \u0130dar\u0259 Hey\u0259tinin Q\u0259rar\u0131na nec\u0259 \u0259m\u0259l olunub?"},"content":{"rendered":"\n<p><strong>Az\u0259rbaycan V\u0259t\u0259n M\u00fcharib\u0259si Veteranlar\u0131 \u0130ctimai Birliyi (AVMV\u0130B) \u0130dar\u0259 Hey\u0259tinin Q\u0259rar\u0131n\u0131 yerin\u0259 yetirm\u0259y\u0259n rayon \u015f\u00f6b\u0259l\u0259ri haqq\u0131nda ciddi t\u0259dbirl\u0259r h\u0259yata ke\u00e7irilm\u0259kd\u0259dir. 2022-ci ilin I R\u00fcb\u00fc ba\u015fa \u00e7atsa da n\u0259tic\u0259l\u0259r \u00fcr\u0259ka\u00e7an deyil.<\/strong><\/p>\n\n\n\n<p><br>\u00c7oxlar\u0131 el\u0259 d\u00fc\u015f\u00fcnm\u0259sin ki, diqq\u0259td\u0259n k\u0259narda qala bil\u0259c\u0259kl\u0259r. Fedai.az bu i\u015fd\u0259 q\u0259rarl\u0131d\u0131r. \u0130\u015fl\u0259m\u0259k ist\u0259m\u0259y\u0259nl\u0259rin yolu a\u00e7\u0131q olsun!T\u00f6hm\u0259ti bizd\u0259n, \u0259riz\u0259si sizd\u0259n. 2022-c\u00fc ild\u0259 Az\u0259rbaycan V\u0259t\u0259n M\u00fcharib\u0259si Veteranlar\u0131 \u0130ctimai Birliyi (AVMV\u0130B) \u0130dar\u0259 Hey\u0259tinin Q\u0259rar\u0131n\u0131 yerin\u0259 yetirm\u0259y\u0259n \u015f\u00f6b\u0259miz olmayacaq.<\/p>\n\n\n\n<p><br>H\u0259r r\u00fcb \u00fczr\u0259 c\u0259dv\u0259ll\u0259r \u00f6t\u0259n ilki kimi ard\u0131c\u0131l olaraq d\u0259rc edil\u0259c\u0259k. \u018fslind\u0259 bu c\u0259dv\u0259l el\u0259 \u015f\u00f6b\u0259l\u0259rin f\u0259aliyy\u0259t g\u00f6st\u0259ricisi kimi d\u0259 q\u0259bul edilm\u0259kd\u0259dir.<\/p>\n\n\n\n<p><br><strong><span class=\"has-inline-color has-vivid-cyan-blue-color\">2022-ci ilin I R\u00fcb\u00fc (yanvar-mart) ay\u0131 \u00fczr\u0259 c\u0259dv\u0259l:<\/span><\/strong><\/p>\n\n\n\n<p><br><strong><span class=\"has-inline-color has-vivid-red-color\">QEYD:<\/span> I R\u00fcb\u0259 g\u00f6r\u0259 25%-lik g\u00f6st\u0259rici 100% dem\u0259kdir. Y\u0259ni h\u0259r 3 ay\u0131 \u00f6d\u0259yibl\u0259r.<\/strong><\/p>\n\n\n\n<p><br><strong><span class=\"has-inline-color has-vivid-red-color\">1. AVMV\u0130B Xocav\u0259nd rayon \u015f\u00f6b\u0259si \u2014 125,0%<br>2. AVMV\u0130B Saatl\u0131 rayon \u015f\u00f6b\u0259si \u2014 100,0%<br>3. AVMV\u0130B Z\u0259rdab rayon \u015f\u00f6b\u0259si \u2014 100,0%<\/span><br><span class=\"has-inline-color has-vivid-cyan-blue-color\">4. AVMV\u0130B N\u0259rimanov rayon \u015f\u00f6b\u0259si \u2014 83,3%<br>5. AVMV\u0130B A\u011fda\u015f rayon \u015f\u00f6b\u0259si \u2014 83,3%<\/span><br><span class=\"has-inline-color has-vivid-cyan-blue-color\">6. AVMV\u0130B \u00c7ilov \u015f\u00f6b\u0259si \u2014 83,3%<\/span><br>7<span class=\"has-inline-color has-vivid-purple-color\">. AVMV\u0130B Sabun\u00e7u rayon \u015f\u00f6b\u0259si \u2014 50,0%<br>8. AVMV\u0130B Beyl\u0259qan rayon \u015f\u00f6b\u0259si \u2014 41,6%<br>9. AVMV\u0130B \u0130mi\u015fli rayon \u015f\u00f6b\u0259si \u2014 41,6%<br>10. AVMV\u0130B L\u0259nk\u0259ran rayon \u015f\u00f6b\u0259si \u2014 41,6%<br>11. AVMV\u0130B N\u0259simi rayon \u015f\u00f6b\u0259si \u2014 33,3%<br>12. AVMV\u0130B Tovuz rayon \u015f\u00f6b\u0259si \u2014 33,3%<br>13. AVMV\u0130B G\u0259nc\u0259 \u015f\u0259h\u0259r \u015f\u00f6b\u0259si \u2014 25,0%<br>14. AVMV\u0130B Sumqay\u0131t \u015f\u0259h\u0259r \u015f\u00f6b\u0259si \u2014 25,0,%<br>15. AVMV\u0130B Ming\u0259\u00e7evir \u015f\u0259h\u0259r \u015f\u00f6b\u0259si \u2014 25,0%<\/span><br>16. AVMV\u0130B Qubadl\u0131 rayon \u015f\u00f6b\u0259si \u2014 16,6%<br>17. AVMV\u0130B Yasamal rayon \u015f\u00f6b\u0259si \u2014 16,6%<br>18. AVMV\u0130B Xank\u0259ndi \u015f\u0259h\u0259r \u015f\u00f6b\u0259si \u2014 16,6%<br>19. AVMV\u0130B A\u011fstafa rayon \u015f\u00f6b\u0259si \u2014 16,6%<br>20. AVMV\u0130B Ab\u015feron rayon \u015f\u00f6b\u0259si \u2014 8,3%<br>21. AVMV\u0130B Quba rayon \u015f\u00f6b\u0259si \u2014 8,3%<br>22. AVMV\u0130B Qarada\u011f rayon \u015f\u00f6b\u0259si \u2014 8,3%<\/strong><\/p>\n","protected":false},"excerpt":{"rendered":"<p>Az\u0259rbaycan V\u0259t\u0259n M\u00fcharib\u0259si Veteranlar\u0131 \u0130ctimai Birliyi (AVMV\u0130B) \u0130dar\u0259 Hey\u0259tinin Q\u0259rar\u0131n\u0131 yerin\u0259 yetirm\u0259y\u0259n rayon \u015f\u00f6b\u0259l\u0259ri haqq\u0131nda ciddi t\u0259dbirl\u0259r h\u0259yata ke\u00e7irilm\u0259kd\u0259dir. 2022-ci ilin I R\u00fcb\u00fc ba\u015fa<\/p>\n","protected":false},"author":2,"featured_media":0,"comment_status":"closed","ping_status":"closed","sticky":false,"template":"","format":"standard","meta":{"footnotes":""},"categories":[5],"tags":[],"class_list":["post-66480","post","type-post","status-publish","format-standard","hentry","category-veteran"],"aioseo_notices":[],"_links":{"self":[{"href":"https:\/\/fedai.az\/index.php?rest_route=\/wp\/v2\/posts\/66480","targetHints":{"allow":["GET"]}}],"collection":[{"href":"https:\/\/fedai.az\/index.php?rest_route=\/wp\/v2\/posts"}],"about":[{"href":"https:\/\/fedai.az\/index.php?rest_route=\/wp\/v2\/types\/post"}],"author":[{"embeddable":true,"href":"https:\/\/fedai.az\/index.php?rest_route=\/wp\/v2\/users\/2"}],"replies":[{"embeddable":true,"href":"https:\/\/fedai.az\/index.php?rest_route=%2Fwp%2Fv2%2Fcomments&post=66480"}],"version-history":[{"count":1,"href":"https:\/\/fedai.az\/index.php?rest_route=\/wp\/v2\/posts\/66480\/revisions"}],"predecessor-version":[{"id":66482,"href":"https:\/\/fedai.az\/index.php?rest_route=\/wp\/v2\/posts\/66480\/revisions\/66482"}],"wp:attachment":[{"href":"https:\/\/fedai.az\/index.php?rest_route=%2Fwp%2Fv2%2Fmedia&parent=66480"}],"wp:term":[{"taxonomy":"category","embeddable":true,"href":"https:\/\/fedai.az\/index.php?rest_route=%2Fwp%2Fv2%2Fcategories&post=66480"},{"taxonomy":"post_tag","embeddable":true,"href":"https:\/\/fedai.az\/index.php?rest_route=%2Fwp%2Fv2%2Ftags&post=66480"}],"curies":[{"name":"wp","href":"https:\/\/api.w.org\/{rel}","templated":true}]}}