{"id":66483,"date":"2022-04-02T03:30:11","date_gmt":"2022-04-01T23:30:11","guid":{"rendered":"https:\/\/fedai.az\/?p=66483"},"modified":"2022-04-02T03:30:15","modified_gmt":"2022-04-01T23:30:15","slug":"c%c9%99brayil-veteranlari-s%c9%99hidin-ad-gunu-m%c9%99rasimind%c9%99-istirak-edibl%c9%99r","status":"publish","type":"post","link":"https:\/\/fedai.az\/?p=66483","title":{"rendered":"C\u0259bray\u0131l veteranlar\u0131 \u015f\u0259hidin ad g\u00fcn\u00fc m\u0259rasimind\u0259 i\u015ftirak edibl\u0259r"},"content":{"rendered":"\n<p><strong>Az\u0259rbaycan V\u0259t\u0259n M\u00fcharib\u0259si Veteranlar\u0131 \u0130ctimai Birliyi (AVMV\u0130B) C\u0259bray\u0131l rayon \u015f\u00f6b\u0259si 44 g\u00fcnl\u00fck V\u0259t\u0259n m\u00fcharib\u0259sind\u0259 \u015f\u0259hid olmu\u015f Ruhin Q\u0259hr\u0259manovun ad g\u00fcn\u00fc m\u0259rasimind\u0259 i\u015ftirak edib.<\/strong><\/p>\n\n\n\n<p>Bu bar\u0259d\u0259 Az\u0259rbaycan V\u0259t\u0259n M\u00fcharib\u0259si Veteranlar\u0131 \u0130ctimai Birliyi (AVMV\u0130B) C\u0259bray\u0131l rayon \u015f\u00f6b\u0259sinin s\u0259dri Rasim Pa\u015fayev m\u0259lumat verib.<\/p>\n\n\n\n<p><br>M\u00fcharib\u0259 veteranlar\u0131 \u015f\u0259hidin m\u0259zar\u0131n\u0131 ziyar\u0259t ed\u0259r\u0259k g\u00fcl qoymu\u015f v\u0259 ruhuna dualar etmi\u015fl\u0259r.<\/p>\n\n\n\n<p><br>M\u0259kt\u0259blil\u0259rin \u015f\u0259hid analar\u0131na xitab\u0259n s\u00f6yl\u0259dikl\u0259ri \u015feir par\u00e7alar\u0131 i\u015ftirak\u00e7\u0131lara duy\u011fulu anlar ya\u015fad\u0131b.<\/p>\n\n\n\n<p><br><strong>M\u0259kan\u0131 c\u0259nn\u0259t olsun!<\/strong><\/p>\n\n\n\n<p><strong><br>El\u00e7in Q\u0259dirov<br>Qaraba\u011f \u00fczr\u0259 m\u00fcxbir, C\u0259bray\u0131l<\/strong><\/p>\n\n\n\n<figure class=\"wp-block-embed is-type-video is-provider-youtube wp-block-embed-youtube wp-embed-aspect-16-9 wp-has-aspect-ratio\"><div class=\"wp-block-embed__wrapper\">\n<iframe loading=\"lazy\" title=\"V\u0259t\u0259n \u00f6vlad\u0131ndan \u00f6lm\u0259z \u015f\u0259hidl\u0259r\u0259 \u015feir\" width=\"715\" height=\"402\" src=\"https:\/\/www.youtube.com\/embed\/-cNfzRm-R-s?feature=oembed\" frameborder=\"0\" allow=\"accelerometer; autoplay; clipboard-write; encrypted-media; gyroscope; picture-in-picture\" allowfullscreen><\/iframe>\n<\/div><\/figure>\n","protected":false},"excerpt":{"rendered":"<p>Az\u0259rbaycan V\u0259t\u0259n M\u00fcharib\u0259si Veteranlar\u0131 \u0130ctimai Birliyi (AVMV\u0130B) C\u0259bray\u0131l rayon \u015f\u00f6b\u0259si 44 g\u00fcnl\u00fck V\u0259t\u0259n m\u00fcharib\u0259sind\u0259 \u015f\u0259hid olmu\u015f Ruhin Q\u0259hr\u0259manovun ad g\u00fcn\u00fc m\u0259rasimind\u0259 i\u015ftirak edib. Bu<\/p>\n","protected":false},"author":2,"featured_media":0,"comment_status":"closed","ping_status":"closed","sticky":false,"template":"","format":"standard","meta":{"footnotes":""},"categories":[5],"tags":[],"class_list":["post-66483","post","type-post","status-publish","format-standard","hentry","category-veteran"],"aioseo_notices":[],"_links":{"self":[{"href":"https:\/\/fedai.az\/index.php?rest_route=\/wp\/v2\/posts\/66483","targetHints":{"allow":["GET"]}}],"collection":[{"href":"https:\/\/fedai.az\/index.php?rest_route=\/wp\/v2\/posts"}],"about":[{"href":"https:\/\/fedai.az\/index.php?rest_route=\/wp\/v2\/types\/post"}],"author":[{"embeddable":true,"href":"https:\/\/fedai.az\/index.php?rest_route=\/wp\/v2\/users\/2"}],"replies":[{"embeddable":true,"href":"https:\/\/fedai.az\/index.php?rest_route=%2Fwp%2Fv2%2Fcomments&post=66483"}],"version-history":[{"count":1,"href":"https:\/\/fedai.az\/index.php?rest_route=\/wp\/v2\/posts\/66483\/revisions"}],"predecessor-version":[{"id":66485,"href":"https:\/\/fedai.az\/index.php?rest_route=\/wp\/v2\/posts\/66483\/revisions\/66485"}],"wp:attachment":[{"href":"https:\/\/fedai.az\/index.php?rest_route=%2Fwp%2Fv2%2Fmedia&parent=66483"}],"wp:term":[{"taxonomy":"category","embeddable":true,"href":"https:\/\/fedai.az\/index.php?rest_route=%2Fwp%2Fv2%2Fcategories&post=66483"},{"taxonomy":"post_tag","embeddable":true,"href":"https:\/\/fedai.az\/index.php?rest_route=%2Fwp%2Fv2%2Ftags&post=66483"}],"curies":[{"name":"wp","href":"https:\/\/api.w.org\/{rel}","templated":true}]}}