{"id":66487,"date":"2022-04-02T11:28:06","date_gmt":"2022-04-02T07:28:06","guid":{"rendered":"https:\/\/fedai.az\/?p=66487"},"modified":"2022-04-02T11:28:09","modified_gmt":"2022-04-02T07:28:09","slug":"qobu-q%c9%99s%c9%99b%c9%99sind%c9%99-soyqirimi-abid%c9%99-kompleksinin-acilisi-olub","status":"publish","type":"post","link":"https:\/\/fedai.az\/?p=66487","title":{"rendered":"Qobu q\u0259s\u0259b\u0259sind\u0259 Soyq\u0131r\u0131m\u0131 abid\u0259 kompleksinin a\u00e7\u0131l\u0131\u015f\u0131 olub"},"content":{"rendered":"\n<p><strong>Az\u0259rbaycan V\u0259t\u0259n M\u00fcharib\u0259si Veteranlar\u0131 \u0130ctimai Birliyi (AVMV\u0130B) rayon \u015f\u00f6b\u0259l\u0259rinin h\u0259r il oldu\u011fu kimi bu il d\u0259 31 Mart Az\u0259rbaycanl\u0131lar\u0131n Soyq\u0131r\u0131m\u0131 G\u00fcn\u00fc qeyd edil\u0259n t\u0259dbirl\u0259rd\u0259 i\u015ftirak etm\u0259l\u0259rini x\u0259b\u0259r vermi\u015fdik.<\/strong><\/p>\n\n\n\n<p><br>Az\u0259rbaycan V\u0259t\u0259n M\u00fcharib\u0259si Veteranlar\u0131 \u0130ctimai Birliyi (AVMV\u0130B) Ab\u015feron rayon \u015f\u00f6b\u0259sinin s\u0259dri Cabbar Cabbarovun verdiyi m\u0259lumata g\u00f6r\u0259 rayon veteranlar\u0131 31 Mart Az\u0259rbaycanl\u0131lar\u0131n Soyq\u0131r\u0131m\u0131 G\u00fcn\u00fc m\u00fcnasib\u0259tiyl\u0259 Ab\u015feron rayonu Qobu q\u0259s\u0259b\u0259sind\u0259 Soyq\u0131r\u0131m\u0131 abid\u0259 kompleksinin a\u00e7\u0131l\u0131\u015f\u0131 olub.<\/p>\n\n\n\n<figure class=\"wp-block-image size-large\"><img loading=\"lazy\" decoding=\"async\" width=\"526\" height=\"936\" src=\"https:\/\/fedai.az\/wp-content\/uploads\/2022\/04\/277567325_157810189994360_8318051763457698044_n.jpg\" alt=\"\" class=\"wp-image-66488\" srcset=\"https:\/\/fedai.az\/wp-content\/uploads\/2022\/04\/277567325_157810189994360_8318051763457698044_n.jpg 526w, https:\/\/fedai.az\/wp-content\/uploads\/2022\/04\/277567325_157810189994360_8318051763457698044_n-169x300.jpg 169w, https:\/\/fedai.az\/wp-content\/uploads\/2022\/04\/277567325_157810189994360_8318051763457698044_n-84x150.jpg 84w\" sizes=\"auto, (max-width: 526px) 100vw, 526px\" \/><\/figure>\n\n\n\n<p><br>Az\u0259rbaycan V\u0259t\u0259n M\u00fcharib\u0259si Veteranlar\u0131 \u0130ctimai Birliyi (AVMV\u0130B) Ab\u015feron rayon \u015f\u00f6b\u0259sinin t\u0259\u015fkilat\u00e7\u0131l\u0131\u011f\u0131 il\u0259 ke\u00e7iril\u0259n a\u00e7\u0131l\u0131\u015f m\u0259rasimd\u0259 Ab\u015feron rayon \u0130cra Hakimiyy\u0259tinin Ba\u015f\u00e7\u0131s\u0131 Abdin F\u0259rz\u0259liyevin r\u0259hb\u0259rliyi il\u0259 \u0130cra Hakimiyy\u0259tinin i\u015f\u00e7il\u0259ri, ictimaiyy\u0259t n\u00fcmay\u0259nd\u0259l\u0259ri yax\u0131ndan i\u015ftirak edibl\u0259r. ziyar\u0259t ed\u0259r\u0259k \u015f\u0259hid m\u0259zarlar\u0131na g\u00fcl qoyub dualar etmi\u015fl\u0259r.<\/p>\n\n\n\n<p><strong>Allah \u015f\u0259hidl\u0259rimiz\u0259 r\u0259hm\u0259t el\u0259sin!<\/strong><\/p>\n\n\n\n<p><strong><br>Nurlan M\u0259mm\u0259dli<\/strong><\/p>\n\n\n\n<figure class=\"wp-block-gallery columns-2 is-cropped wp-block-gallery-1 is-layout-flex wp-block-gallery-is-layout-flex\"><ul class=\"blocks-gallery-grid\"><li class=\"blocks-gallery-item\"><figure><img loading=\"lazy\" decoding=\"async\" width=\"406\" height=\"670\" src=\"https:\/\/fedai.az\/wp-content\/uploads\/2022\/04\/276012519_428560635701158_1281037480929958857_n.jpg\" alt=\"\" data-id=\"66489\" data-link=\"https:\/\/fedai.az\/?attachment_id=66489\" class=\"wp-image-66489\" srcset=\"https:\/\/fedai.az\/wp-content\/uploads\/2022\/04\/276012519_428560635701158_1281037480929958857_n.jpg 406w, https:\/\/fedai.az\/wp-content\/uploads\/2022\/04\/276012519_428560635701158_1281037480929958857_n-182x300.jpg 182w, https:\/\/fedai.az\/wp-content\/uploads\/2022\/04\/276012519_428560635701158_1281037480929958857_n-91x150.jpg 91w\" sizes=\"auto, (max-width: 406px) 100vw, 406px\" \/><\/figure><\/li><li class=\"blocks-gallery-item\"><figure><img loading=\"lazy\" decoding=\"async\" width=\"556\" height=\"1024\" src=\"https:\/\/fedai.az\/wp-content\/uploads\/2022\/04\/277597621_1420967211676594_2535456292788907161_n-556x1024.jpg\" alt=\"\" data-id=\"66490\" data-full-url=\"https:\/\/fedai.az\/wp-content\/uploads\/2022\/04\/277597621_1420967211676594_2535456292788907161_n.jpg\" data-link=\"https:\/\/fedai.az\/?attachment_id=66490\" class=\"wp-image-66490\" srcset=\"https:\/\/fedai.az\/wp-content\/uploads\/2022\/04\/277597621_1420967211676594_2535456292788907161_n-556x1024.jpg 556w, https:\/\/fedai.az\/wp-content\/uploads\/2022\/04\/277597621_1420967211676594_2535456292788907161_n-163x300.jpg 163w, https:\/\/fedai.az\/wp-content\/uploads\/2022\/04\/277597621_1420967211676594_2535456292788907161_n-81x150.jpg 81w, https:\/\/fedai.az\/wp-content\/uploads\/2022\/04\/277597621_1420967211676594_2535456292788907161_n.jpg 586w\" sizes=\"auto, (max-width: 556px) 100vw, 556px\" \/><\/figure><\/li><\/ul><\/figure>\n\n\n\n<figure class=\"wp-block-image size-large\"><img decoding=\"async\" src=\"https:\/\/fedai.az\/wp-content\/uploads\/2022\/04\/277076209_3255591864669729_3845610620739138502_n-1024x749.jpg\" alt=\"\" class=\"wp-image-66491\"\/><\/figure>\n","protected":false},"excerpt":{"rendered":"<p>Az\u0259rbaycan V\u0259t\u0259n M\u00fcharib\u0259si Veteranlar\u0131 \u0130ctimai Birliyi (AVMV\u0130B) rayon \u015f\u00f6b\u0259l\u0259rinin h\u0259r il oldu\u011fu kimi bu il d\u0259 31 Mart Az\u0259rbaycanl\u0131lar\u0131n Soyq\u0131r\u0131m\u0131 G\u00fcn\u00fc qeyd edil\u0259n t\u0259dbirl\u0259rd\u0259<\/p>\n","protected":false},"author":2,"featured_media":0,"comment_status":"closed","ping_status":"closed","sticky":false,"template":"","format":"standard","meta":{"footnotes":""},"categories":[5],"tags":[],"class_list":["post-66487","post","type-post","status-publish","format-standard","hentry","category-veteran"],"aioseo_notices":[],"_links":{"self":[{"href":"https:\/\/fedai.az\/index.php?rest_route=\/wp\/v2\/posts\/66487","targetHints":{"allow":["GET"]}}],"collection":[{"href":"https:\/\/fedai.az\/index.php?rest_route=\/wp\/v2\/posts"}],"about":[{"href":"https:\/\/fedai.az\/index.php?rest_route=\/wp\/v2\/types\/post"}],"author":[{"embeddable":true,"href":"https:\/\/fedai.az\/index.php?rest_route=\/wp\/v2\/users\/2"}],"replies":[{"embeddable":true,"href":"https:\/\/fedai.az\/index.php?rest_route=%2Fwp%2Fv2%2Fcomments&post=66487"}],"version-history":[{"count":1,"href":"https:\/\/fedai.az\/index.php?rest_route=\/wp\/v2\/posts\/66487\/revisions"}],"predecessor-version":[{"id":66493,"href":"https:\/\/fedai.az\/index.php?rest_route=\/wp\/v2\/posts\/66487\/revisions\/66493"}],"wp:attachment":[{"href":"https:\/\/fedai.az\/index.php?rest_route=%2Fwp%2Fv2%2Fmedia&parent=66487"}],"wp:term":[{"taxonomy":"category","embeddable":true,"href":"https:\/\/fedai.az\/index.php?rest_route=%2Fwp%2Fv2%2Fcategories&post=66487"},{"taxonomy":"post_tag","embeddable":true,"href":"https:\/\/fedai.az\/index.php?rest_route=%2Fwp%2Fv2%2Ftags&post=66487"}],"curies":[{"name":"wp","href":"https:\/\/api.w.org\/{rel}","templated":true}]}}