{"id":66508,"date":"2022-04-03T00:02:35","date_gmt":"2022-04-02T20:02:35","guid":{"rendered":"https:\/\/fedai.az\/?p=66508"},"modified":"2022-04-03T00:02:37","modified_gmt":"2022-04-02T20:02:37","slug":"hulusi-akar-ukraynada-d%c9%99rhal-at%c9%99sk%c9%99s-elan-edilm%c9%99lidir","status":"publish","type":"post","link":"https:\/\/fedai.az\/?p=66508","title":{"rendered":"Hulusi Akar: &#171;Ukraynada d\u0259rhal at\u0259\u015fk\u0259s elan edilm\u0259lidir&#187;"},"content":{"rendered":"\n<p><strong>&#171;Ukraynada qan t\u00f6k\u00fclm\u0259sinin qar\u015f\u0131s\u0131n\u0131 almaq v\u0259 sabitliyi b\u0259rpa etm\u0259k \u00fc\u00e7\u00fcn d\u0259rhal at\u0259\u015fk\u0259s elan etm\u0259k vacibdir&#187;.<\/strong><\/p>\n\n\n\n<p><strong>\u00a0\u00a0<\/strong>&#171;Anadolu&#187; agent\u0131yinin verdiyi x\u0259b\u0259r\u0259 g\u00f6r\u0259, bunu T\u00fcrkiy\u0259nin milli m\u00fcdafi\u0259 naziri Hulusi Akar deyib.<\/p>\n\n\n\n<p>Onun s\u00f6zl\u0259rin\u0259 g\u00f6r\u0259, T\u00fcrkiy\u0259 Mariupoldan d\u0259niz yolu il\u0259 dinc \u0259halinin v\u0259 yaral\u0131lar\u0131n t\u0259xliyy\u0259sini t\u0259\u015fkil etm\u0259k \u00fc\u00e7\u00fcn g\u0259mil\u0259r ay\u0131rma\u011fa haz\u0131rd\u0131r.<\/p>\n\n\n\n<p>M\u00fcdafi\u0259 naziri qeyd edib ki, T\u00fcrkiy\u0259 t\u0259r\u0259fi bu m\u0259s\u0259l\u0259d\u0259 \u00f6z h\u0259r\u0259k\u0259tl\u0259rini Rusiya v\u0259 Ukrayna strukturlar\u0131 il\u0259 \u0259laq\u0259l\u0259ndirir.<\/p>\n\n\n\n<p>\u201cAnkaran\u0131n t\u0259xliy\u0259 prosesin\u0259 d\u0259st\u0259k verm\u0259y\u0259 haz\u0131r olmas\u0131 T\u00fcrkiy\u0259d\u0259ki Rusiya h\u0259rbi atta\u015fesinin diqq\u0259tin\u0259 \u00e7atd\u0131r\u0131l\u0131b. Ox\u015far t\u0259\u015f\u0259bb\u00fcs T\u00fcrkiy\u0259nin Moskvadak\u0131 h\u0259rbi atta\u015fesi vasit\u0259sil\u0259 n\u0259z\u0259r\u0259 \u00e7atd\u0131r\u0131l\u0131b. Biz d\u0259 bu \u00f6lk\u0259d\u0259ki h\u0259rbi atta\u015fe vasit\u0259sil\u0259 Ukrayna qurumlar\u0131 il\u0259 s\u0259yl\u0259rimizi koordinasiya edirik\u201d, &#8212; dey\u0259 Akar bildirib.<\/p>\n\n\n\n<p>Akar vur\u011fulay\u0131b ki, T\u00fcrkiy\u0259 Ukrayna xalq\u0131na humanitar yard\u0131m \u00e7atd\u0131rmaqda davam edir.<\/p>\n\n\n\n<p>T\u00fcrkiy\u0259 m\u00fcdafi\u0259 departamentinin r\u0259hb\u0259ri xat\u0131rlad\u0131b ki, son h\u0259ft\u0259l\u0259rd\u0259 o, rusiyal\u0131 v\u0259 ukraynal\u0131 h\u0259mkarlar\u0131 Sergey \u015eoyqu v\u0259 Aleksey Reznikovla d\u0259f\u0259l\u0259rl\u0259 telefonla dan\u0131\u015f\u0131b. Onun s\u00f6zl\u0259rin\u0259 g\u00f6r\u0259, \u0130stanbulda Reznikovla da \u015f\u0259xsi g\u00f6r\u00fc\u015f\u00fc olub.<\/p>\n","protected":false},"excerpt":{"rendered":"<p>&#171;Ukraynada qan t\u00f6k\u00fclm\u0259sinin qar\u015f\u0131s\u0131n\u0131 almaq v\u0259 sabitliyi b\u0259rpa etm\u0259k \u00fc\u00e7\u00fcn d\u0259rhal at\u0259\u015fk\u0259s elan etm\u0259k vacibdir&#187;. \u00a0\u00a0&#171;Anadolu&#187; agent\u0131yinin verdiyi x\u0259b\u0259r\u0259 g\u00f6r\u0259, bunu T\u00fcrkiy\u0259nin milli m\u00fcdafi\u0259<\/p>\n","protected":false},"author":2,"featured_media":0,"comment_status":"closed","ping_status":"closed","sticky":false,"template":"","format":"standard","meta":{"footnotes":""},"categories":[3],"tags":[],"class_list":["post-66508","post","type-post","status-publish","format-standard","hentry","category-gundm"],"aioseo_notices":[],"_links":{"self":[{"href":"https:\/\/fedai.az\/index.php?rest_route=\/wp\/v2\/posts\/66508","targetHints":{"allow":["GET"]}}],"collection":[{"href":"https:\/\/fedai.az\/index.php?rest_route=\/wp\/v2\/posts"}],"about":[{"href":"https:\/\/fedai.az\/index.php?rest_route=\/wp\/v2\/types\/post"}],"author":[{"embeddable":true,"href":"https:\/\/fedai.az\/index.php?rest_route=\/wp\/v2\/users\/2"}],"replies":[{"embeddable":true,"href":"https:\/\/fedai.az\/index.php?rest_route=%2Fwp%2Fv2%2Fcomments&post=66508"}],"version-history":[{"count":1,"href":"https:\/\/fedai.az\/index.php?rest_route=\/wp\/v2\/posts\/66508\/revisions"}],"predecessor-version":[{"id":66510,"href":"https:\/\/fedai.az\/index.php?rest_route=\/wp\/v2\/posts\/66508\/revisions\/66510"}],"wp:attachment":[{"href":"https:\/\/fedai.az\/index.php?rest_route=%2Fwp%2Fv2%2Fmedia&parent=66508"}],"wp:term":[{"taxonomy":"category","embeddable":true,"href":"https:\/\/fedai.az\/index.php?rest_route=%2Fwp%2Fv2%2Fcategories&post=66508"},{"taxonomy":"post_tag","embeddable":true,"href":"https:\/\/fedai.az\/index.php?rest_route=%2Fwp%2Fv2%2Ftags&post=66508"}],"curies":[{"name":"wp","href":"https:\/\/api.w.org\/{rel}","templated":true}]}}