{"id":66515,"date":"2022-04-03T00:32:16","date_gmt":"2022-04-02T20:32:16","guid":{"rendered":"https:\/\/fedai.az\/?p=66515"},"modified":"2022-04-03T00:32:22","modified_gmt":"2022-04-02T20:32:22","slug":"hikm%c9%99t-haciyev-erm%c9%99nistan-az%c9%99rbaycana-qarsi-%c9%99razi-iddialarina-son-qoymalidir","status":"publish","type":"post","link":"https:\/\/fedai.az\/?p=66515","title":{"rendered":"Hikm\u0259t Hac\u0131yev: &#171;Erm\u0259nistan Az\u0259rbaycana qar\u015f\u0131 \u0259razi iddialar\u0131na son qoymal\u0131d\u0131r&#187;"},"content":{"rendered":"\n<p><strong>&#171;Erm\u0259nistan Az\u0259rbaycana qar\u015f\u0131 \u0259razi iddialar\u0131na son qoymal\u0131d\u0131r&#187;.<\/strong><\/p>\n\n\n\n<p><br>Bunu Az\u0259rbaycan Prezidentinin k\u00f6m\u0259k\u00e7isi, Prezident Administrasiyas\u0131n\u0131n Xarici siyas\u0259t m\u0259s\u0259l\u0259l\u0259ri \u015f\u00f6b\u0259sinin m\u00fcdiri Hikm\u0259t Hac\u0131yev &#171;TRT World\u201d telekanal\u0131na m\u00fcsahib\u0259sind\u0259 deyib.<\/p>\n\n\n\n<p><br>Onun s\u00f6zl\u0259rin\u0259 g\u00f6r\u0259, 44 g\u00fcnl\u00fck m\u00fcharib\u0259d\u0259n sonra Qafqaz regionu d\u0259yi\u015fib.<\/p>\n\n\n\n<p><br>&#171;Az\u0259rbaycan Erm\u0259nistana m\u00fcnasib\u0259tl\u0259rin normalla\u015fmas\u0131 prosesin\u0259 ba\u015flama\u011f\u0131 t\u0259klif etdi. Bu istiqam\u0259td\u0259 ilk add\u0131m Erm\u0259nistan v\u0259 Az\u0259rbaycan aras\u0131nda potensial s\u00fclh m\u00fcqavil\u0259si \u00fczr\u0259 dan\u0131\u015f\u0131qlardan ba\u015flad\u0131, hans\u0131 ki, yekun olaraq t\u0259r\u0259fl\u0259r bir-birinin \u0259razi b\u00fct\u00f6vl\u00fcy\u00fcn\u00fc, suverenliyini, s\u0259rh\u0259dl\u0259rin toxunulmazl\u0131\u011f\u0131n\u0131 tan\u0131mal\u0131d\u0131r\u201d, &#8212; H.Hac\u0131yev bildirib.<\/p>\n\n\n\n<p>Prezidentin k\u00f6m\u0259k\u00e7isi vur\u011fulay\u0131b ki, bu proses\u0259 paralel olaraq T\u00fcrkiy\u0259 d\u0259 Erm\u0259nistanla diplomatik s\u0259viyy\u0259d\u0259 \u0259laq\u0259 yaratma\u011fa ba\u015flay\u0131r:<br>&#171;Biz bu prosesin Erm\u0259nistan-Az\u0259rbaycan, el\u0259c\u0259 d\u0259 T\u00fcrkiy\u0259-Erm\u0259nistan m\u00fcnasib\u0259tl\u0259rinin normalla\u015fmas\u0131 istiqam\u0259tind\u0259 sinxron v\u0259 paralel inki\u015faf\u0131n\u0131 d\u0259st\u0259kl\u0259yirik. Bizim niyy\u0259timiz m\u00fcsb\u0259tdir, \u00e7\u00fcnki Erm\u0259nistana mehriban qon\u015fuluq m\u00fcnasib\u0259tl\u0259ri t\u0259klif edirik.<\/p>\n\n\n\n<p> Erm\u0259nistan\u0131n Qafqazdak\u0131 strateji regionu d\u0259y\u0259rl\u0259ndirm\u0259sinin vaxt\u0131 \u00e7at\u0131b. Bel\u0259 ki, \u0130r\u0259van \u00f6z qon\u015fular\u0131, x\u00fcsus\u0259n Az\u0259rbaycan v\u0259 T\u00fcrkiy\u0259 il\u0259 dostluq m\u00fcnasib\u0259tl\u0259rini yenil\u0259m\u0259y\u0259 q\u0259rar verm\u0259lidir&#187;.<\/p>\n\n\n\n<p><br>H.Hac\u0131yev Erm\u0259nistanla m\u00fcnasib\u0259tl\u0259rin normalla\u015fd\u0131r\u0131lmas\u0131na dair 5 b\u0259ndlik s\u0259n\u0259dd\u0259n d\u0259 dan\u0131\u015f\u0131b.<\/p>\n\n\n\n<p><br>&#171;Biz erm\u0259ni t\u0259r\u0259fin\u0259 beyn\u0259lxalq h\u00fcquq prinsipl\u0259ri v\u0259 mehriban qon\u015fuluq m\u00fcnasib\u0259tl\u0259rin\u0259 \u0259saslanan s\u00fclh m\u00fcqavil\u0259sinin \u0259sas m\u00fcdd\u0259alar\u0131n\u0131 t\u0259qdim etdik. \u0130lk n\u00f6vb\u0259d\u0259 Erm\u0259nistan \u0259razi b\u00fct\u00f6vl\u00fcy\u00fcn\u00fc, suverenliyini v\u0259 s\u0259rh\u0259dl\u0259rinin toxunulmazl\u0131\u011f\u0131n\u0131 tan\u0131mal\u0131d\u0131r. O, h\u0259m\u00e7inin biz\u0259 qar\u015f\u0131 \u0259razi iddialar\u0131ndan \u00e7\u0259kinm\u0259lidir. B\u00fct\u00fcn bunlar Helsinki sazi\u015finin prinsipl\u0259rini \u00f6z\u00fcnd\u0259 \u0259ks etdir\u0259n bu s\u0259n\u0259dd\u0259 qeyd olunub\u201d, &#8212; Prezidentin k\u00f6m\u0259k\u00e7isi bildirib.<\/p>\n\n\n\n<p>Prezident Administrasiyas\u0131n\u0131n \u015f\u00f6b\u0259 m\u00fcdiri Az\u0259rbaycan-\u0130ran m\u00fcnasib\u0259tl\u0259rin\u0259 d\u0259 toxunub:<\/p>\n\n\n\n<p><br>&#171;Bu g\u00fcn biz diplomatik m\u00fcnasib\u0259tl\u0259rin 30 illiyini qeyd edirik. Bu ill\u0259r \u0259rzind\u0259 biz h\u0259mi\u015f\u0259 mehriban qon\u015fuluq m\u00fcnasib\u0259tl\u0259rini m\u00f6hk\u0259ml\u0259ndirmi\u015fik. Bu yax\u0131nlarda imzalanm\u0131\u015f anla\u015fma memorandumu regionun n\u0259qliyyat x\u0259rit\u0259sini d\u0259yi\u015fir. Bel\u0259likl\u0259, Z\u0259ngilan rayonu \u0259razisind\u0259 Astara\u00e7ay \u00e7ay\u0131 \u00fcz\u0259rind\u0259 haz\u0131rda iki k\u00f6rp\u00fcn\u00fcn tikintisi apar\u0131l\u0131r. Biri d\u0259mir yolu, dig\u0259ri is\u0259 avtomobil yolu olmaqla \u0130ran \u0259razisind\u0259n Nax\u00e7\u0131vana ke\u00e7\u0259c\u0259k, bununla da T\u00fcrkiy\u0259, \u0130ran v\u0259 Az\u0259rbaycan\u0131 birl\u0259\u015fdir\u0259c\u0259k&#187;.\u00a0<\/p>\n\n\n\n<p>M\u0259nb\u0259: Sfera.az<\/p>\n\n\n\n<figure class=\"wp-block-embed is-type-video is-provider-youtube wp-block-embed-youtube wp-embed-aspect-16-9 wp-has-aspect-ratio\"><div class=\"wp-block-embed__wrapper\">\n<iframe loading=\"lazy\" title=\"\u0413\u0430\u0434\u0436\u0438\u0435\u0432: \u0410\u0440\u043c\u0435\u043d\u0438\u044f \u0434\u043e\u043b\u0436\u043d\u0430 \u043f\u043e\u043b\u043e\u0436\u0438\u0442\u044c \u043a\u043e\u043d\u0435\u0446 \u0442\u0435\u0440\u0440\u0438\u0442\u043e\u0440\u0438\u0430\u043b\u044c\u043d\u044b\u043c \u043f\u0440\u0435\u0442\u0435\u043d\u0437\u0438\u044f\u043c\" width=\"715\" height=\"402\" src=\"https:\/\/www.youtube.com\/embed\/abgqZUndO64?feature=oembed\" frameborder=\"0\" allow=\"accelerometer; autoplay; clipboard-write; encrypted-media; gyroscope; picture-in-picture\" allowfullscreen><\/iframe>\n<\/div><\/figure>\n","protected":false},"excerpt":{"rendered":"<p>&#171;Erm\u0259nistan Az\u0259rbaycana qar\u015f\u0131 \u0259razi iddialar\u0131na son qoymal\u0131d\u0131r&#187;. Bunu Az\u0259rbaycan Prezidentinin k\u00f6m\u0259k\u00e7isi, Prezident Administrasiyas\u0131n\u0131n Xarici siyas\u0259t m\u0259s\u0259l\u0259l\u0259ri \u015f\u00f6b\u0259sinin m\u00fcdiri Hikm\u0259t Hac\u0131yev &#171;TRT World\u201d telekanal\u0131na m\u00fcsahib\u0259sind\u0259<\/p>\n","protected":false},"author":2,"featured_media":0,"comment_status":"closed","ping_status":"closed","sticky":false,"template":"","format":"standard","meta":{"footnotes":""},"categories":[4],"tags":[],"class_list":["post-66515","post","type-post","status-publish","format-standard","hentry","category-qarabag"],"aioseo_notices":[],"_links":{"self":[{"href":"https:\/\/fedai.az\/index.php?rest_route=\/wp\/v2\/posts\/66515","targetHints":{"allow":["GET"]}}],"collection":[{"href":"https:\/\/fedai.az\/index.php?rest_route=\/wp\/v2\/posts"}],"about":[{"href":"https:\/\/fedai.az\/index.php?rest_route=\/wp\/v2\/types\/post"}],"author":[{"embeddable":true,"href":"https:\/\/fedai.az\/index.php?rest_route=\/wp\/v2\/users\/2"}],"replies":[{"embeddable":true,"href":"https:\/\/fedai.az\/index.php?rest_route=%2Fwp%2Fv2%2Fcomments&post=66515"}],"version-history":[{"count":1,"href":"https:\/\/fedai.az\/index.php?rest_route=\/wp\/v2\/posts\/66515\/revisions"}],"predecessor-version":[{"id":66517,"href":"https:\/\/fedai.az\/index.php?rest_route=\/wp\/v2\/posts\/66515\/revisions\/66517"}],"wp:attachment":[{"href":"https:\/\/fedai.az\/index.php?rest_route=%2Fwp%2Fv2%2Fmedia&parent=66515"}],"wp:term":[{"taxonomy":"category","embeddable":true,"href":"https:\/\/fedai.az\/index.php?rest_route=%2Fwp%2Fv2%2Fcategories&post=66515"},{"taxonomy":"post_tag","embeddable":true,"href":"https:\/\/fedai.az\/index.php?rest_route=%2Fwp%2Fv2%2Ftags&post=66515"}],"curies":[{"name":"wp","href":"https:\/\/api.w.org\/{rel}","templated":true}]}}