{"id":66534,"date":"2022-04-03T01:52:22","date_gmt":"2022-04-02T21:52:22","guid":{"rendered":"https:\/\/fedai.az\/?p=66534"},"modified":"2022-04-03T01:52:26","modified_gmt":"2022-04-02T21:52:26","slug":"ramazan-ayinin-ikinci-gununun-duasi-imsak-v%c9%99-iftar-vaxti","status":"publish","type":"post","link":"https:\/\/fedai.az\/?p=66534","title":{"rendered":"Ramazan ay\u0131n\u0131n ikinci g\u00fcn\u00fcn\u00fcn duas\u0131 &#8212; \u0130msak v\u0259 iftar vaxt\u0131"},"content":{"rendered":"\n<p><strong>Sabah Ramazan ay\u0131n\u0131n ikinci g\u00fcn\u00fcd\u00fcr.<\/strong><\/p>\n\n\n\n<p>Sabah \u00fc\u00e7\u00fcn imsak vaxt\u0131 saat 04:55, iftar vaxt\u0131 is\u0259 19:21-\u0259 t\u0259yin olunub.<\/p>\n\n\n\n<p><strong>\u0130msak duas\u0131:<\/strong><\/p>\n\n\n\n<p>\u201cAllahumm\u0259c&#8217;\u0259l siyami (fihi) siyam\u0259s-saimin v\u0259 qiyami (fihi) qiyam\u0259l-qaimin v\u0259 n\u0259bbihni fihi \u0259n naum\u0259til-\u011fafilin v\u0259 h\u0259b li curmi fihi ya ilah\u0259l-al\u0259min v\u0259&#8217;fu \u0259nni ya a&#8217;fiy\u0259n \u0259nil-mucrimin!\u201d.<\/p>\n\n\n\n<p><strong>T\u0259rc\u00fcm\u0259si:<\/strong><\/p>\n\n\n\n<p>\u201cAllah\u0131m, m\u0259nim bu aydak\u0131 orucumu h\u0259qiqi oruc tutanlar\u0131n oruclar\u0131ndan et, m\u0259nim bu aydak\u0131 gec\u0259 oyaql\u0131qlar\u0131m\u0131 (ya\u0445ud namazlar\u0131m\u0131) h\u0259qiqi oyaqlar\u0131n oyaql\u0131qlar\u0131ndan (ya\u0445ud h\u0259qiqi namaz q\u0131lanlar\u0131n namazlar\u0131ndan) et, m\u0259ni bu ayda qafill\u0259rin yu\u0445usundan oyat, bu ayda g\u00fcnah\u0131m\u0131 ba\u011f\u0131\u015fla ey al\u0259md\u0259kil\u0259rin m\u0259&#8217;budu, m\u0259ni bu ayda \u0259fv et, ey g\u00fcnahkarlar\u0131 \u0259fv ed\u0259n!\u201d.<\/p>\n\n\n\n<p><strong>\u0130ftar duas\u0131:<\/strong><\/p>\n\n\n\n<p>\u201cAllahumm\u0259 q\u0259rribni fihi ila m\u0259rzatik. V\u0259 c\u0259nnibni fihi min s\u0259x\u0259tik\u0259 v\u0259 n\u0259qimatik. V\u0259 v\u0259ffiqni fihi liqira\u0259ti ayatik. Bir\u0259hm\u0259tik\u0259 ya \u0259rh\u0259m\u0259r-rahimin\u201d.<\/p>\n\n\n\n<p><strong>T\u0259rc\u00fcm\u0259si:<\/strong><\/p>\n\n\n\n<p>&#171;\u0130lahi, bu g\u00fcn m\u0259ni \u00f6z raz\u0131l\u0131\u011f\u0131na yax\u0131nla\u015fd\u0131r, q\u0259z\u0259b v\u0259 intiqam\u0131ndan uzaq et. S\u0259nin ay\u0259l\u0259rini (Quran\u0131) oxumaqda m\u0259n\u0259 m\u00fcv\u0259ff\u0259qiyy\u0259t ver. Sonsuz m\u0259rh\u0259m\u0259tin\u0259 And verir\u0259m, ey r\u0259hmlil\u0259rin \u0259n r\u0259hmlisi!&#187;<\/p>\n\n\n\n<p>Allah orucunuzu q\u0259bul etsin!<\/p>\n","protected":false},"excerpt":{"rendered":"<p>Sabah Ramazan ay\u0131n\u0131n ikinci g\u00fcn\u00fcd\u00fcr. Sabah \u00fc\u00e7\u00fcn imsak vaxt\u0131 saat 04:55, iftar vaxt\u0131 is\u0259 19:21-\u0259 t\u0259yin olunub. \u0130msak duas\u0131: \u201cAllahumm\u0259c&#8217;\u0259l siyami (fihi) siyam\u0259s-saimin v\u0259<\/p>\n","protected":false},"author":2,"featured_media":0,"comment_status":"closed","ping_status":"closed","sticky":false,"template":"","format":"standard","meta":{"footnotes":""},"categories":[3],"tags":[],"class_list":["post-66534","post","type-post","status-publish","format-standard","hentry","category-gundm"],"aioseo_notices":[],"_links":{"self":[{"href":"https:\/\/fedai.az\/index.php?rest_route=\/wp\/v2\/posts\/66534","targetHints":{"allow":["GET"]}}],"collection":[{"href":"https:\/\/fedai.az\/index.php?rest_route=\/wp\/v2\/posts"}],"about":[{"href":"https:\/\/fedai.az\/index.php?rest_route=\/wp\/v2\/types\/post"}],"author":[{"embeddable":true,"href":"https:\/\/fedai.az\/index.php?rest_route=\/wp\/v2\/users\/2"}],"replies":[{"embeddable":true,"href":"https:\/\/fedai.az\/index.php?rest_route=%2Fwp%2Fv2%2Fcomments&post=66534"}],"version-history":[{"count":1,"href":"https:\/\/fedai.az\/index.php?rest_route=\/wp\/v2\/posts\/66534\/revisions"}],"predecessor-version":[{"id":66536,"href":"https:\/\/fedai.az\/index.php?rest_route=\/wp\/v2\/posts\/66534\/revisions\/66536"}],"wp:attachment":[{"href":"https:\/\/fedai.az\/index.php?rest_route=%2Fwp%2Fv2%2Fmedia&parent=66534"}],"wp:term":[{"taxonomy":"category","embeddable":true,"href":"https:\/\/fedai.az\/index.php?rest_route=%2Fwp%2Fv2%2Fcategories&post=66534"},{"taxonomy":"post_tag","embeddable":true,"href":"https:\/\/fedai.az\/index.php?rest_route=%2Fwp%2Fv2%2Ftags&post=66534"}],"curies":[{"name":"wp","href":"https:\/\/api.w.org\/{rel}","templated":true}]}}